{"id":122254,"date":"2025-12-21T11:41:08","date_gmt":"2025-12-21T11:41:08","guid":{"rendered":"https:\/\/www.europesays.com\/fi\/122254\/"},"modified":"2025-12-21T11:41:08","modified_gmt":"2025-12-21T11:41:08","slug":"ruokaketjun-tulonjako-on-neuvoteltava-uusiksi-mtkn-uuden-puheenjohtajan-tero-hemmilan-mukaan-kuluttajahinnat-eivat-uudelleenjaossa-nousisi","status":"publish","type":"post","link":"https:\/\/www.europesays.com\/fi\/122254\/","title":{"rendered":"\u201dRuokaketjun tulonjako\u2009on neuvoteltava uusiksi\u201d\u2009\u2013\u2009MTK:n uuden puheenjohtajan Tero Hemmil\u00e4n mukaan kuluttajahinnat eiv\u00e4t uudelleenjaossa nousisi"},"content":{"rendered":"<p> <b>Sari Sarelius \/ TS<\/b> <\/p>\n<p>Laitilalainen <b>Tero Hemmil\u00e4<\/b> aloittaa vuodenvaihteessa MTK:n puheenjohtajana. H\u00e4n sanoo, ett\u00e4 puheenjohtajavaalissa kyse oli valinnasta uusiutumisen ja s\u00e4ilytt\u00e4misen v\u00e4lill\u00e4. Uusiutumista on h\u00e4nen my\u00f6t\u00e4\u00e4n luvassa ainakin ruokamarkkinan tulonjakoon.<\/p>\n<p>Hemmil\u00e4 haluaa maatalouden sijaan k\u00e4ytt\u00e4\u00e4 sanaa ruoantuotanto ja mets\u00e4taloudesta sanaa puuntuotanto.<\/p>\n<p>\u2013\u2009On t\u00e4rke\u00e4\u00e4 ymm\u00e4rt\u00e4\u00e4 t\u00e4t\u00e4 elinkeinoa numeroiden kautta. Elinkeinon neuvotteluasema ruokaketjussa on heikko, vaikka tuotamme niinkin t\u00e4rke\u00e4\u00e4 asiaa kuin ruoka.<\/p>\n<p>H\u00e4n haluaa, ett\u00e4 maatalouden elinkeinoihin kertyisi nykyist\u00e4 enemm\u00e4n p\u00e4\u00e4omaa, jonka v\u00e4hyys on h\u00e4nen mukaansa uhka jatkuvuudelle.<\/p>\n<p>\u2013\u2009Paljon puhutaan maatalouden tuista, mutta t\u00e4ytyy muistaa, ett\u00e4 kyse on ruoantuotannon tuesta, jotta ruoka olisi riitt\u00e4v\u00e4n edullista ja sit\u00e4 olisi saatavilla.<\/p>\n<p>P\u00e4\u00e4omia ei lyhyell\u00e4 t\u00e4ht\u00e4yksell\u00e4 voi kerrytt\u00e4\u00e4 valtion budjetin kautta, joten sit\u00e4 pit\u00e4\u00e4 saada markkinasta, Hemmil\u00e4 huomauttaa.<\/p>\n<p>\u2013\u2009Minun puheenjohtajakaudellani markkinaedunvalvonta korostuu. Se ei tarkoita, ett\u00e4 tukien edunvalvonta unohdetaan, h\u00e4n lupaa.<\/p>\n<p>H\u00e4n korostaa, ett\u00e4 maatalous on yh\u00e4 enemm\u00e4n yritt\u00e4jyytt\u00e4, joten MTK:ssa pit\u00e4\u00e4 jatkossa olla enemm\u00e4n elinkeinopoliittista ja yritt\u00e4jyytt\u00e4 tukevaa otetta, jotta j\u00e4rjest\u00f6 olisi merkityksellinen jatkaville ja kehittyville maatilayritt\u00e4jille.<\/p>\n<p>Ruokaketjussa sen enemp\u00e4\u00e4 tuottajat, elintarviketeollisuus kuin kauppakaan eiv\u00e4t ole Hemmil\u00e4n mukaan tehneet mit\u00e4\u00e4n v\u00e4\u00e4r\u00e4\u00e4, vaan syy on yhteiskunnassa, joka sallii nykyisen k\u00e4yt\u00e4nn\u00f6n.<\/p>\n<p>\u2013\u2009Voimasuhteet ketjussa ovat kehittyneet niin, ett\u00e4 hintaneuvotteluiden mukaan raha valuu pikku hiljaa ketjun toiseen p\u00e4\u00e4h\u00e4n. T\u00e4m\u00e4 pit\u00e4\u00e4 lains\u00e4\u00e4d\u00e4nn\u00f6ll\u00e4 raamittaa uudelleen.<\/p>\n<p>Hemmil\u00e4 korostaa, ett\u00e4 kyse ei ole kuluttajahintojen noususta, vaan markkinassa py\u00f6riv\u00e4 raha pit\u00e4\u00e4 jakaa uudelleen.<\/p>\n<p>\u2013\u2009Siin\u00e4 on rahaa 25 miljardia euroa, josta maatalouteen menee 4,5 miljardia.<\/p>\n<p>Tuottajien aseman pit\u00e4\u00e4 vahvistua, ja t\u00e4t\u00e4 Hemmil\u00e4 aikoo puheenjohtajakaudellaan ajaa.<\/p>\n<p>\u2013\u2009Esimerkiksi siihen tapaan, mill\u00e4 ruoantuottajien tuotantoa ostetaan, voitaisiin puuttua. Nyt kaupalla on m\u00e4\u00e4r\u00e4\u00e4v\u00e4 markkina-asema.<\/p>\n<p>Hemmil\u00e4n n\u00e4kemyksen mukaan ruoantuottajien taloudellisen aseman vahvistuminen hy\u00f6dytt\u00e4\u00e4 my\u00f6s kuluttajaa, sill\u00e4 se takaa jatkuvuuden ruoantuotannossa.<\/p>\n<p>Hemmil\u00e4 on itse ty\u00f6skennellyt elintarviketeollisuudessa HK Scanin toimitusjohtajana. H\u00e4nen k\u00e4sityksens\u00e4 mukaan maataloudesta raaka-aineet hankkiva teollisuus ponnistelee sen eteen, ett\u00e4 maatalouden tuottavuus kasvaisi, ja sit\u00e4 my\u00f6ten tulisi turvattua jatkuvuutta.<\/p>\n<p>\u2013\u2009Eih\u00e4n se mukava tilanne ole esimerkiksi jauhelihahuutokaupassa. Siell\u00e4 on aika v\u00e4h\u00e4n pelimerkkej\u00e4.<\/p>\n<p>Hemmil\u00e4 toistaa moneen kertaan, ett\u00e4 ruokaturvalla on henkisesti arvo, mutta se ei n\u00e4y hinnassa. H\u00e4n tiet\u00e4\u00e4 jo etuk\u00e4teen, ett\u00e4 kun ruokaketjun tulonjakoa aletaan h\u00e4nen johdollaan neuvotella uusiksi, luvassa on v\u00e4\u00e4nt\u00f6\u00e4.<\/p>\n<p>Hemmil\u00e4n oma tila on ensisijaisesti mets\u00e4tila, ja mets\u00e4talous on MTK:n toinen t\u00e4rke\u00e4 edunvalvonnan kohde.<\/p>\n<p>Hemmil\u00e4st\u00e4 tuntuu, ett\u00e4 metsi\u00e4 pidet\u00e4\u00e4n kansallisomaisuutena, vaikka kyse olisi yksityisomistuksesta. H\u00e4n n\u00e4kee, ett\u00e4 jos mets\u00e4t ovat yhteiskunnalle t\u00e4rkeit\u00e4, mets\u00e4nomistajat ovat varmasti valmiit neuvottelemaan, kunhan korvauksesta sovitaan. Hemmil\u00e4 viittaa erityisesti hiilinieluihin ja -p\u00e4\u00e4st\u00f6ihin.<\/p>\n<p>\u2013\u2009Mets\u00e4nomistajien mets\u00e4t sitovat valtavat m\u00e4\u00e4r\u00e4t hiilt\u00e4, mutta ne on otettu korvauksetta yhteiskunnan hy\u00f6dyksi hiilitaselaskelmaan mukaan.<\/p>\n<p>Kun puhutaan hiilinielujen romahtamisesta, Hemmil\u00e4 n\u00e4kee, ett\u00e4 mets\u00e4t kasvavat Suomessa yh\u00e4 enemm\u00e4n kuin niit\u00e4 hakataan.<\/p>\n<p>\u2013\u2009Lis\u00e4ksi metsien maaper\u00e4 p\u00e4\u00e4st\u00e4\u00e4 enemm\u00e4n hiilt\u00e4 kuin aiemmin ilmaston l\u00e4mpenemisen vuoksi. Se taas ei johdu hakkuista, vaan muun yhteiskunnan toiminnasta.<\/p>\n<p>H\u00e4n huomauttaa, ett\u00e4 kun halutaan pident\u00e4\u00e4 hakkuuv\u00e4lej\u00e4, puututaan yksityisen omaisuuden hy\u00f6dynt\u00e4miseen. Ratkaisuna h\u00e4n n\u00e4kee, ett\u00e4 mets\u00e4nomistajille korvattaisiin, jos mets\u00e4n antaisi kasvaa aiotun hakkuun sijasta 10\u201320 vuotta lis\u00e4\u00e4.<\/p>\n<p>Ty\u00f6 on vienyt Hemmil\u00e4\u00e4 usein pitkiksi ajoiksi pois kotoa. Vuoden alusta alkaen el\u00e4m\u00e4 rytmittyy arkeen Helsingiss\u00e4 ja viikonloppuihin Laitilassa. Noin 500 hehtaarin mets\u00e4tilalleen h\u00e4n suunnittelee mets\u00e4stysmatkailua, mutta toimintaa py\u00f6ritt\u00e4m\u00e4\u00e4n palkataan ulkopuolinen tekij\u00e4.<\/p>\n<p>Tero Hemmil\u00e4 <br \/>58-vuotias.<\/p>\n<p>Koulutus: agronomi.<\/p>\n<p>Kotitilansa seitsem\u00e4s is\u00e4nt\u00e4.<\/p>\n<p>Perhe: vaimo ja kolme tyt\u00e4rt\u00e4.<\/p>\n<p>Kielitaito: suomi (\u00e4idinkieli), englanti (eritt\u00e4in sujuva) ja ruotsi (\u201dsen kanssa p\u00e4rj\u00e4\u00e4\u201d).<\/p>\n<p>Harrastukset: mets\u00e4stys, maanpuolustus, lukeminen.<\/p>\n<p>Reservin kapteeni.<\/p>\n","protected":false},"excerpt":{"rendered":"Sari Sarelius \/ TS Laitilalainen Tero Hemmil\u00e4 aloittaa vuodenvaihteessa MTK:n puheenjohtajana. H\u00e4n sanoo, ett\u00e4 puheenjohtajavaalissa kyse oli valinnasta&hellip;\n","protected":false},"author":2,"featured_media":122255,"comment_status":"","ping_status":"","sticky":false,"template":"","format":"standard","meta":{"footnotes":""},"categories":[76],"tags":[79,77,33,31,30,32,78],"class_list":{"0":"post-122254","1":"post","2":"type-post","3":"status-publish","4":"format-standard","5":"has-post-thumbnail","7":"category-talous","8":"tag-business","9":"tag-economy","10":"tag-fi","11":"tag-finland","12":"tag-finnish","13":"tag-suomi","14":"tag-talous"},"share_on_mastodon":{"url":"https:\/\/pubeurope.com\/@fi\/115757376140289357","error":""},"_links":{"self":[{"href":"https:\/\/www.europesays.com\/fi\/wp-json\/wp\/v2\/posts\/122254","targetHints":{"allow":["GET"]}}],"collection":[{"href":"https:\/\/www.europesays.com\/fi\/wp-json\/wp\/v2\/posts"}],"about":[{"href":"https:\/\/www.europesays.com\/fi\/wp-json\/wp\/v2\/types\/post"}],"author":[{"embeddable":true,"href":"https:\/\/www.europesays.com\/fi\/wp-json\/wp\/v2\/users\/2"}],"replies":[{"embeddable":true,"href":"https:\/\/www.europesays.com\/fi\/wp-json\/wp\/v2\/comments?post=122254"}],"version-history":[{"count":0,"href":"https:\/\/www.europesays.com\/fi\/wp-json\/wp\/v2\/posts\/122254\/revisions"}],"wp:featuredmedia":[{"embeddable":true,"href":"https:\/\/www.europesays.com\/fi\/wp-json\/wp\/v2\/media\/122255"}],"wp:attachment":[{"href":"https:\/\/www.europesays.com\/fi\/wp-json\/wp\/v2\/media?parent=122254"}],"wp:term":[{"taxonomy":"category","embeddable":true,"href":"https:\/\/www.europesays.com\/fi\/wp-json\/wp\/v2\/categories?post=122254"},{"taxonomy":"post_tag","embeddable":true,"href":"https:\/\/www.europesays.com\/fi\/wp-json\/wp\/v2\/tags?post=122254"}],"curies":[{"name":"wp","href":"https:\/\/api.w.org\/{rel}","templated":true}]}}