{"id":122258,"date":"2025-12-21T11:43:10","date_gmt":"2025-12-21T11:43:10","guid":{"rendered":"https:\/\/www.europesays.com\/fi\/122258\/"},"modified":"2025-12-21T11:43:10","modified_gmt":"2025-12-21T11:43:10","slug":"poliisi-tutkii-lapinlahden-rajahdyksen-syyta-tassa-vaiheessa-ei-epailla-rikosta-savo","status":"publish","type":"post","link":"https:\/\/www.europesays.com\/fi\/122258\/","title":{"rendered":"Poliisi tutkii Lapinlahden r\u00e4j\u00e4hdyksen syyt\u00e4 \u2013\u2009t\u00e4ss\u00e4 vaiheessa ei ep\u00e4ill\u00e4 rikosta | Savo"},"content":{"rendered":"<p>Lapinlahden Ahvenkujalla lauantaina tapahtuneen omakotitalon autotallin r\u00e4j\u00e4hdyksen syyn selvitt\u00e4minen on viel\u00e4 kesken, poliisi tiedottaa.<\/p>\n<p>T\u00e4ss\u00e4 vaiheessa asiassa ei ole ilmennyt mit\u00e4\u00e4n rikokseen viittaavaa. Poliisin lauantaisten alustavien tietojen mukaan autotallissa oli onnettomuushetkell\u00e4 kaasupullo, mutta se ei r\u00e4j\u00e4ht\u00e4nyt.<\/p>\n<p>Poliisi tiedottaa tapahtuneesta seuraavan kerran huomenna maanantaina.<\/p>\n<p>Poliisi lenn\u00e4tti droonia lauantaina onnettomuuspaikalla saadakseen parempaa kokonaiskuvaa paikasta. Ylikomisario <strong>Ilpo Kortelainen<\/strong> It\u00e4-Suomen poliisista kertoi toimitukselle menettelyn olevan tavanomainen.<\/p>\n<p>R\u00e4j\u00e4hdys aiheutti autotallin romahtamisen. Samalla rakennuksen osia sinkoutui naapuritalojen pihoihin. Talossa ei ollut ihmisi\u00e4 tapahtumahetkell\u00e4 eik\u00e4 r\u00e4j\u00e4hdyksest\u00e4 aiheutunut henkil\u00f6vahinkoja.<\/p>\n<p>R\u00e4j\u00e4hdys aiheutti pienen tulipalon, jonka naapuri sammutti k\u00e4sisammuttimella.<\/p>\n<p>\t\t\t\t\t<img class=\"diks-card__image\" src=\"https:\/\/www.europesays.com\/fi\/wp-content\/uploads\/2025\/12\/11204679.jpg\"   loading=\"lazy\" decoding=\"sync\" alt=\"\"\/><\/p>\n<p>\t\t\t\t\t<img class=\"diks-card__image\" src=\"https:\/\/www.europesays.com\/fi\/wp-content\/uploads\/2025\/12\/9244039.jpg\"   loading=\"lazy\" decoding=\"sync\" alt=\"\"\/><\/p>\n","protected":false},"excerpt":{"rendered":"Lapinlahden Ahvenkujalla lauantaina tapahtuneen omakotitalon autotallin r\u00e4j\u00e4hdyksen syyn selvitt\u00e4minen on viel\u00e4 kesken, poliisi tiedottaa. T\u00e4ss\u00e4 vaiheessa asiassa ei&hellip;\n","protected":false},"author":2,"featured_media":7184,"comment_status":"","ping_status":"","sticky":false,"template":"","format":"standard","meta":{"footnotes":""},"categories":[12],"tags":[22,23,26,27,33,31,30,17,55,4644,24,25,28,29,15,120,18,21,122,54,32,19,20,1265,546,16],"class_list":{"0":"post-122258","1":"post","2":"type-post","3":"status-publish","4":"format-standard","5":"has-post-thumbnail","7":"category-suomi","8":"tag-breaking-news","9":"tag-breakingnews","10":"tag-featured-news","11":"tag-featurednews","12":"tag-fi","13":"tag-finland","14":"tag-finnish","15":"tag-headlines","16":"tag-lainvalvonta","17":"tag-lapinlahti","18":"tag-latest-news","19":"tag-latestnews","20":"tag-main-news","21":"tag-mainnews","22":"tag-news","23":"tag-onnettomuustapaus","24":"tag-otsikot","25":"tag-paauutiset","26":"tag-pelastaminen","27":"tag-pelastuspalvelut","28":"tag-suomi","29":"tag-top-stories","30":"tag-topstories","31":"tag-tulipalot","32":"tag-turvallisuus","33":"tag-uutiset"},"share_on_mastodon":{"url":"https:\/\/pubeurope.com\/@fi\/115757384438789741","error":""},"_links":{"self":[{"href":"https:\/\/www.europesays.com\/fi\/wp-json\/wp\/v2\/posts\/122258","targetHints":{"allow":["GET"]}}],"collection":[{"href":"https:\/\/www.europesays.com\/fi\/wp-json\/wp\/v2\/posts"}],"about":[{"href":"https:\/\/www.europesays.com\/fi\/wp-json\/wp\/v2\/types\/post"}],"author":[{"embeddable":true,"href":"https:\/\/www.europesays.com\/fi\/wp-json\/wp\/v2\/users\/2"}],"replies":[{"embeddable":true,"href":"https:\/\/www.europesays.com\/fi\/wp-json\/wp\/v2\/comments?post=122258"}],"version-history":[{"count":0,"href":"https:\/\/www.europesays.com\/fi\/wp-json\/wp\/v2\/posts\/122258\/revisions"}],"wp:featuredmedia":[{"embeddable":true,"href":"https:\/\/www.europesays.com\/fi\/wp-json\/wp\/v2\/media\/7184"}],"wp:attachment":[{"href":"https:\/\/www.europesays.com\/fi\/wp-json\/wp\/v2\/media?parent=122258"}],"wp:term":[{"taxonomy":"category","embeddable":true,"href":"https:\/\/www.europesays.com\/fi\/wp-json\/wp\/v2\/categories?post=122258"},{"taxonomy":"post_tag","embeddable":true,"href":"https:\/\/www.europesays.com\/fi\/wp-json\/wp\/v2\/tags?post=122258"}],"curies":[{"name":"wp","href":"https:\/\/api.w.org\/{rel}","templated":true}]}}