{"id":122268,"date":"2025-12-21T12:06:11","date_gmt":"2025-12-21T12:06:11","guid":{"rendered":"https:\/\/www.europesays.com\/fi\/122268\/"},"modified":"2025-12-21T12:06:11","modified_gmt":"2025-12-21T12:06:11","slug":"pitkaan-odotettu-iphone-fold-paljastui","status":"publish","type":"post","link":"https:\/\/www.europesays.com\/fi\/122268\/","title":{"rendered":"Pitk\u00e4\u00e4n odotettu iPhone Fold paljastui"},"content":{"rendered":"<p><img loading=\"lazy\" decoding=\"async\" class=\"alignnone size-full wp-image-149556\" src=\"https:\/\/www.europesays.com\/fi\/wp-content\/uploads\/2025\/12\/iphone-foldabable-mockup-1.jpg\" alt=\"\" width=\"1000\" height=\"519\"\/><\/p>\n<p>Tuoreen vuodon perusteella Apple on tietoisesti pyrkinyt v\u00e4ltt\u00e4m\u00e4\u00e4n neli\u00f6nmuotoista sis\u00e4n\u00e4ytt\u00f6\u00e4 tulevassa taittuvassa iPhonessa.<\/p>\n<p>Kun puhelin avataan, k\u00e4ytt\u00f6 tapahtuu l\u00e4ht\u00f6kohtaisesti vaaka-asennossa. T\u00e4m\u00e4 ratkaisu saattaa viitata siihen, ett\u00e4 Apple haluaa varmistaa yhteensopivuuden iPad-sovellusten kanssa jo heti julkaisusta l\u00e4htien ilman, ett\u00e4 kehitt\u00e4jien t\u00e4ytyisi tehd\u00e4 erillisi\u00e4 optimointeja. Vaikka t\u00e4st\u00e4 ei ole viel\u00e4 virallista vahvistusta, ajatus tuntuu loogiselta Applen ekosysteemistrategia huomioiden.<\/p>\n<p>\n\t\t\tArtikkeli jatkuu mainoksen j\u00e4lkeen\n\t\t<\/p>\n<p><img loading=\"lazy\" decoding=\"async\" class=\"alignnone size-full wp-image-149555\" src=\"https:\/\/www.europesays.com\/fi\/wp-content\/uploads\/2025\/12\/iphone-foldabable-abmessungen-1.jpg\" alt=\"\" width=\"1000\" height=\"544\"\/><\/p>\n<p>CAD-mallinnuksen mukaan iPhone Foldin sis\u00e4puolelta l\u00f6ytyv\u00e4 taittuva n\u00e4ytt\u00f6 on kooltaan 7,76 tuumaa ja sen resoluutio on 2713 \u00d7 1920 pikseli\u00e4. Ulkopuolinen kansin\u00e4ytt\u00f6 on puolestaan 5,49-tuumainen ja tarjoaa 1422 \u00d7 2088 pikselin tarkkuuden. Erityisesti kansin\u00e4yt\u00f6n kuvasuhde poikkeaa selv\u00e4sti siit\u00e4, mihin \u00e4lypuhelimissa on totuttu.<\/p>\n<p>Fyysisilt\u00e4 mitoiltaan laite on suljettuna 120,6 \u00d7 83,8 \u00d7 9,6 millimetri\u00e4, kun taas avattuna mitat venyv\u00e4t 120,6 \u00d7 167,6 \u00d7 4,8 millimetriin. Kyseess\u00e4 on siis varsin leve\u00e4 laite, mik\u00e4 osaltaan tukee ajatusta vaaka-asentoon optimoidusta k\u00e4ytt\u00f6kokemuksesta.<\/p>\n<p>\n\t\t\tArtikkeli jatkuu mainoksen j\u00e4lkeen\n\t\t<\/p>\n<p><img loading=\"lazy\" decoding=\"async\" class=\"alignnone size-full wp-image-149554\" src=\"https:\/\/www.europesays.com\/fi\/wp-content\/uploads\/2025\/12\/iphone-foldabable-abmessungen-3.jpg\" alt=\"\" width=\"1000\" height=\"741\"\/><\/p>\n<p>Render\u00f6inneist\u00e4 k\u00e4y ilmi my\u00f6s kameralaitteisto. Sis\u00e4n\u00e4yt\u00f6n alle on sijoitettu n\u00e4yt\u00f6nalainen etukamera, kun taas kansin\u00e4yt\u00f6ss\u00e4 n\u00e4hd\u00e4\u00e4n erillinen reik\u00e4ratkaisu selfiekameraa varten. Takapuolelta l\u00f6ytyy kaksi kameraa, jotka on aseteltu iPhone Air -henkiseen ovaalinmuotoiseen kamerasaarekkeeseen.<\/p>\n<p>Aikataulun osalta huhut ovat ristiriitaisia. Osa l\u00e4hteist\u00e4 vihjaa mahdolliseen esittelyyn jo syyskuussa, mutta useat viimeaikaiset raportit ovat v\u00e4itt\u00e4neet, ettei iPhone Fold tulisi varsinaisesti myyntiin ennen alkuvuotta 2027. Toistaiseksi Apple ei ole kommentoinut laitetta tai vuotoja mill\u00e4\u00e4n tavalla.<\/p>\n<p>\n\t\t\tArtikkeli jatkuu mainoksen j\u00e4lkeen\n\t\t<\/p>\n<p><img loading=\"lazy\" decoding=\"async\" class=\"alignnone size-full wp-image-149553\" src=\"https:\/\/www.europesays.com\/fi\/wp-content\/uploads\/2025\/12\/iphone-foldabable-abmessungen-2.jpg\" alt=\"\" width=\"1000\" height=\"229\"\/><\/p>\n<p>Kuten aina vuotojen kohdalla, lopullinen totuus selvi\u00e4\u00e4 vasta Applen omassa julkistuksessa. Siihen asti CAD-render\u00f6innit tarjoavat kuitenkin kiinnostavan ensivilkaisun siihen, millaista taittuvaa iPhonea Apple saattaa parhaillaan valmistella.<\/p>\n<p><strong>L\u00e4hde<\/strong>:<a href=\"https:\/\/www.iphone-ticker.de\/apples-falt-iphone-im-detail-wir-haben-cad-zeichnungen-bekommen-270043\/\" rel=\"nofollow noopener\" target=\"_blank\"> iphone-ticker.de<\/a><\/p>\n","protected":false},"excerpt":{"rendered":"Tuoreen vuodon perusteella Apple on tietoisesti pyrkinyt v\u00e4ltt\u00e4m\u00e4\u00e4n neli\u00f6nmuotoista sis\u00e4n\u00e4ytt\u00f6\u00e4 tulevassa taittuvassa iPhonessa. Kun puhelin avataan, k\u00e4ytt\u00f6 tapahtuu&hellip;\n","protected":false},"author":2,"featured_media":122269,"comment_status":"","ping_status":"","sticky":false,"template":"","format":"standard","meta":{"footnotes":""},"categories":[84],"tags":[1029,33,31,30,11259,32,91,92],"class_list":{"0":"post-122268","1":"post","2":"type-post","3":"status-publish","4":"format-standard","5":"has-post-thumbnail","7":"category-teknologia","8":"tag-apple","9":"tag-fi","10":"tag-finland","11":"tag-finnish","12":"tag-iphone-fold","13":"tag-suomi","14":"tag-technology","15":"tag-teknologia"},"share_on_mastodon":{"url":"https:\/\/pubeurope.com\/@fi\/115757474640588434","error":""},"_links":{"self":[{"href":"https:\/\/www.europesays.com\/fi\/wp-json\/wp\/v2\/posts\/122268","targetHints":{"allow":["GET"]}}],"collection":[{"href":"https:\/\/www.europesays.com\/fi\/wp-json\/wp\/v2\/posts"}],"about":[{"href":"https:\/\/www.europesays.com\/fi\/wp-json\/wp\/v2\/types\/post"}],"author":[{"embeddable":true,"href":"https:\/\/www.europesays.com\/fi\/wp-json\/wp\/v2\/users\/2"}],"replies":[{"embeddable":true,"href":"https:\/\/www.europesays.com\/fi\/wp-json\/wp\/v2\/comments?post=122268"}],"version-history":[{"count":0,"href":"https:\/\/www.europesays.com\/fi\/wp-json\/wp\/v2\/posts\/122268\/revisions"}],"wp:featuredmedia":[{"embeddable":true,"href":"https:\/\/www.europesays.com\/fi\/wp-json\/wp\/v2\/media\/122269"}],"wp:attachment":[{"href":"https:\/\/www.europesays.com\/fi\/wp-json\/wp\/v2\/media?parent=122268"}],"wp:term":[{"taxonomy":"category","embeddable":true,"href":"https:\/\/www.europesays.com\/fi\/wp-json\/wp\/v2\/categories?post=122268"},{"taxonomy":"post_tag","embeddable":true,"href":"https:\/\/www.europesays.com\/fi\/wp-json\/wp\/v2\/tags?post=122268"}],"curies":[{"name":"wp","href":"https:\/\/api.w.org\/{rel}","templated":true}]}}