{"id":122288,"date":"2025-12-21T12:33:18","date_gmt":"2025-12-21T12:33:18","guid":{"rendered":"https:\/\/www.europesays.com\/fi\/122288\/"},"modified":"2025-12-21T12:33:18","modified_gmt":"2025-12-21T12:33:18","slug":"ampumahiihto-marketa-davidovan-vesipulloon-oli-kiinnitetty-yllattava-viesti","status":"publish","type":"post","link":"https:\/\/www.europesays.com\/fi\/122288\/","title":{"rendered":"Ampumahiihto: Marketa Davidovan vesipulloon oli kiinnitetty yll\u00e4tt\u00e4v\u00e4 viesti"},"content":{"rendered":"<p>Ampumahiihdon vuoden 2021 maailmanmestari Tshekin Marketa Davidova yll\u00e4tyi kesken lentomatkan, kun h\u00e4nen vesipulloonsa oli kiinnitetty servetti, jossa oli h\u00e4nelle viesti.<\/p>\n<p>Lue my\u00f6s: <a class=\"cursor-pointer underline\" data-testid=\"internal-link\" role=\"link\" data-sentry-element=\"Link\" data-sentry-component=\"InternalLink\" data-sentry-source-file=\"InternalLink.tsx\" href=\"https:\/\/www.mtvuutiset.fi\/artikkeli\/ruokamyrkytyksen-selattaneelta-suvi-minkkiselta-vakeva-temppu-kroppa-otti-hittia\/9273056\" rel=\"nofollow noopener\" target=\"_blank\">Ruokamyrkytyksen sel\u00e4tt\u00e4neelt\u00e4 Suvi Minkkiselt\u00e4 v\u00e4kev\u00e4 temppu \u2013 &#8221;Kroppa otti hitti\u00e4&#8221;<\/a>Lue my\u00f6s: <a class=\"cursor-pointer underline\" data-testid=\"internal-link\" role=\"link\" data-sentry-element=\"Link\" data-sentry-component=\"InternalLink\" data-sentry-source-file=\"InternalLink.tsx\" href=\"https:\/\/www.mtvuutiset.fi\/artikkeli\/20-20-suvi-minkkisen-loistoammunta-toi-kakkostilan-ampumahiihdossa\/9273024\" rel=\"nofollow noopener\" target=\"_blank\">Suvi Minkkiselt\u00e4 hurja nousu \u2013 kakkostila nolla-ammunnalla<\/a><\/p>\n<p>Davidova kertoi kev\u00e4\u00e4ll\u00e4, ett\u00e4 h\u00e4nelle oli tehty aiemmin t\u00e4n\u00e4 vuonna selk\u00e4leikkaus ja pyrkii nyt p\u00e4\u00e4sem\u00e4\u00e4n takaisin lajin huipulle. K\u00e4ynniss\u00e4 oleva kausi on ollut vaihteleva. \u00d6stersundissa tuli viestiss\u00e4 kolmas tila ja sit\u00e4 ovat seuranneet 44:s ja seitsem\u00e4s sija.\u00a0<\/p>\n<p>Tshekkil\u00e4issivusto Bleskin mukaan Davidova sai yll\u00e4tt\u00e4v\u00e4\u00e4 tukea kesken lentomatkan. Tshekkil\u00e4inen oli matkalla Ranskan Annecyss\u00e4 j\u00e4rjestett\u00e4viin maailmancupin kisoihin, kun h\u00e4nelle tarjoiltuun vesipulloon oli kiinnitetty servetti. Siin\u00e4 oli lentoem\u00e4nn\u00e4n kirjoittama viesti.<\/p>\n<p>\u2013 Pid\u00e4n peukkuja Annecyss\u00e4! Toivottavasti muutat viisi mustaa maalitaulua valkoisiksi, servetiss\u00e4 luki englanniksi.<\/p>\n<p>28-vuotias Davidova sijoittui Annecyn pikakilpailussa 13:nneksi ja lauantaina kisatussa takaa-ajossa h\u00e4n oli 17:s. Davidova on my\u00f6s mukana sunnuntain yhteisl\u00e4ht\u00f6kilpailussa.<\/p>\n","protected":false},"excerpt":{"rendered":"Ampumahiihdon vuoden 2021 maailmanmestari Tshekin Marketa Davidova yll\u00e4tyi kesken lentomatkan, kun h\u00e4nen vesipulloonsa oli kiinnitetty servetti, jossa oli&hellip;\n","protected":false},"author":2,"featured_media":122289,"comment_status":"","ping_status":"","sticky":false,"template":"","format":"standard","meta":{"footnotes":""},"categories":[76],"tags":[79,77,33,31,30,32,78],"class_list":{"0":"post-122288","1":"post","2":"type-post","3":"status-publish","4":"format-standard","5":"has-post-thumbnail","7":"category-talous","8":"tag-business","9":"tag-economy","10":"tag-fi","11":"tag-finland","12":"tag-finnish","13":"tag-suomi","14":"tag-talous"},"share_on_mastodon":{"url":"https:\/\/pubeurope.com\/@fi\/115757580673344794","error":""},"_links":{"self":[{"href":"https:\/\/www.europesays.com\/fi\/wp-json\/wp\/v2\/posts\/122288","targetHints":{"allow":["GET"]}}],"collection":[{"href":"https:\/\/www.europesays.com\/fi\/wp-json\/wp\/v2\/posts"}],"about":[{"href":"https:\/\/www.europesays.com\/fi\/wp-json\/wp\/v2\/types\/post"}],"author":[{"embeddable":true,"href":"https:\/\/www.europesays.com\/fi\/wp-json\/wp\/v2\/users\/2"}],"replies":[{"embeddable":true,"href":"https:\/\/www.europesays.com\/fi\/wp-json\/wp\/v2\/comments?post=122288"}],"version-history":[{"count":0,"href":"https:\/\/www.europesays.com\/fi\/wp-json\/wp\/v2\/posts\/122288\/revisions"}],"wp:featuredmedia":[{"embeddable":true,"href":"https:\/\/www.europesays.com\/fi\/wp-json\/wp\/v2\/media\/122289"}],"wp:attachment":[{"href":"https:\/\/www.europesays.com\/fi\/wp-json\/wp\/v2\/media?parent=122288"}],"wp:term":[{"taxonomy":"category","embeddable":true,"href":"https:\/\/www.europesays.com\/fi\/wp-json\/wp\/v2\/categories?post=122288"},{"taxonomy":"post_tag","embeddable":true,"href":"https:\/\/www.europesays.com\/fi\/wp-json\/wp\/v2\/tags?post=122288"}],"curies":[{"name":"wp","href":"https:\/\/api.w.org\/{rel}","templated":true}]}}