{"id":122294,"date":"2025-12-21T12:36:08","date_gmt":"2025-12-21T12:36:08","guid":{"rendered":"https:\/\/www.europesays.com\/fi\/122294\/"},"modified":"2025-12-21T12:36:08","modified_gmt":"2025-12-21T12:36:08","slug":"entinen-kansanedustaja-ja-ministeri-taisto-tahkamaa-on-kuollut-uutisia-lyhyesti","status":"publish","type":"post","link":"https:\/\/www.europesays.com\/fi\/122294\/","title":{"rendered":"Entinen kansanedustaja ja ministeri Taisto T\u00e4hk\u00e4maa on kuollut | Uutisia lyhyesti"},"content":{"rendered":"<p class=\"aw-1gybjub aw-5vja16 kEtdKx kmuxyA yle__article__paragraph\">T\u00e4hk\u00e4maa nukkui pois rauhallisesti 101-vuotiaana kaarinalaisessa hoitokodissa. <\/p>\n<p><img decoding=\"async\" alt=\"Entinen kansanedustaja Taisto T\u00e4hk\u00e4maa mustavalkoisessa kuvassa.\" src=\"https:\/\/www.europesays.com\/fi\/wp-content\/uploads\/2025\/12\/39-15731366947d2cca039b.jpeg\" class=\"aw-1l9m598 hKVVvP\"\/><\/p>\n<p>Avaa kuvien katselu<\/p>\n<p>Taisto T\u00e4hk\u00e4maa toimi kansanedustajana vuosina 1970\u20131991. Kuva: Martti Kainulainen \/ Lehtikuva<\/p>\n<p>13:02\u2022P\u00e4ivitetty 13:04<\/p>\n<p class=\"aw-1gybjub aw-1p7kakr kEtdKx cEmitX yle__article__paragraph\">Vanhin elossa ollut suomalainen parlamentaarikko, keskustan kansanedustaja ja ministeri <strong class=\"aw-ak79eh KyCXm yle__article__strong\">Taisto T\u00e4hk\u00e4maa<\/strong> on kuollut.<\/p>\n<p class=\"aw-1gybjub aw-1p7kakr kEtdKx cEmitX yle__article__paragraph\">101-vuotias T\u00e4hk\u00e4maa nukkui rauhallisesti pois sunnuntaina aamuy\u00f6ll\u00e4 kaarinalaisessa hoitokodissa. Asian vahvistaa Ylelle h\u00e4nen tytt\u00e4rens\u00e4 <strong class=\"aw-ak79eh KyCXm yle__article__strong\">Sanna T\u00e4hk\u00e4maa<\/strong>.<\/p>\n<p class=\"aw-1gybjub aw-1p7kakr kEtdKx cEmitX yle__article__paragraph\">Paraisilla vuonna 1924 syntynyt maanviljelij\u00e4 ja maanviljelysneuvos T\u00e4hk\u00e4maa toimi kansanedustajana vuosina 1970\u20131991 Turun l\u00e4\u00e4nin etel\u00e4isest\u00e4 vaalipiirist\u00e4.<\/p>\n<p class=\"aw-1gybjub aw-1p7kakr kEtdKx cEmitX yle__article__paragraph\">H\u00e4n toimi maa- ja mets\u00e4talousministerin\u00e4 sek\u00e4 puolustusministerin\u00e4 yhteens\u00e4 kolmessa hallituksessa 70- ja 80-luvuilla.<\/p>\n<p class=\"aw-1gybjub aw-1p7kakr kEtdKx cEmitX yle__article__paragraph\">Keskustan puoluesihteeri <strong class=\"aw-ak79eh KyCXm yle__article__strong\">Antti Siika-aho<\/strong> muistelee T\u00e4hk\u00e4maata l\u00e4mpim\u00e4sti.<\/p>\n<p class=\"aw-1gybjub aw-1p7kakr kEtdKx cEmitX yle__article__paragraph\">\u2013 Suomen vuosisata oli my\u00f6s T\u00e4hk\u00e4maan vuosisata. H\u00e4n oli keskeisi\u00e4 vaikuttajia Suomen turvallisuuden vahvistajana ja yhteiskunnan rakentajana, Siika-aho kuvailee.<\/p>\n<p class=\"aw-1gybjub aw-1p7kakr kEtdKx cEmitX yle__article__paragraph\">Siika-ahoon teki vaikutuksen, kuinka T\u00e4hk\u00e4maa toimi virke\u00e4n\u00e4 vaikuttajana el\u00e4m\u00e4ns\u00e4 loppuun asti.<\/p>\n","protected":false},"excerpt":{"rendered":"T\u00e4hk\u00e4maa nukkui pois rauhallisesti 101-vuotiaana kaarinalaisessa hoitokodissa. Avaa kuvien katselu Taisto T\u00e4hk\u00e4maa toimi kansanedustajana vuosina 1970\u20131991. Kuva: Martti&hellip;\n","protected":false},"author":2,"featured_media":122295,"comment_status":"","ping_status":"","sticky":false,"template":"","format":"standard","meta":{"footnotes":""},"categories":[5],"tags":[22,23,26,27,33,31,30,17,6264,71,4223,24,25,28,29,15,18,21,637,32,19,20,16,663],"class_list":{"0":"post-122294","1":"post","2":"type-post","3":"status-publish","4":"format-standard","5":"has-post-thumbnail","7":"category-otsikot","8":"tag-breaking-news","9":"tag-breakingnews","10":"tag-featured-news","11":"tag-featurednews","12":"tag-fi","13":"tag-finland","14":"tag-finnish","15":"tag-headlines","16":"tag-kansanedustajat","17":"tag-kotimaa","18":"tag-kuolleet","19":"tag-latest-news","20":"tag-latestnews","21":"tag-main-news","22":"tag-mainnews","23":"tag-news","24":"tag-otsikot","25":"tag-paauutiset","26":"tag-politiikka","27":"tag-suomi","28":"tag-top-stories","29":"tag-topstories","30":"tag-uutiset","31":"tag-varsinais-suomi"},"share_on_mastodon":{"url":"https:\/\/pubeurope.com\/@fi\/115757592528752125","error":""},"_links":{"self":[{"href":"https:\/\/www.europesays.com\/fi\/wp-json\/wp\/v2\/posts\/122294","targetHints":{"allow":["GET"]}}],"collection":[{"href":"https:\/\/www.europesays.com\/fi\/wp-json\/wp\/v2\/posts"}],"about":[{"href":"https:\/\/www.europesays.com\/fi\/wp-json\/wp\/v2\/types\/post"}],"author":[{"embeddable":true,"href":"https:\/\/www.europesays.com\/fi\/wp-json\/wp\/v2\/users\/2"}],"replies":[{"embeddable":true,"href":"https:\/\/www.europesays.com\/fi\/wp-json\/wp\/v2\/comments?post=122294"}],"version-history":[{"count":0,"href":"https:\/\/www.europesays.com\/fi\/wp-json\/wp\/v2\/posts\/122294\/revisions"}],"wp:featuredmedia":[{"embeddable":true,"href":"https:\/\/www.europesays.com\/fi\/wp-json\/wp\/v2\/media\/122295"}],"wp:attachment":[{"href":"https:\/\/www.europesays.com\/fi\/wp-json\/wp\/v2\/media?parent=122294"}],"wp:term":[{"taxonomy":"category","embeddable":true,"href":"https:\/\/www.europesays.com\/fi\/wp-json\/wp\/v2\/categories?post=122294"},{"taxonomy":"post_tag","embeddable":true,"href":"https:\/\/www.europesays.com\/fi\/wp-json\/wp\/v2\/tags?post=122294"}],"curies":[{"name":"wp","href":"https:\/\/api.w.org\/{rel}","templated":true}]}}