{"id":122300,"date":"2025-12-21T12:51:08","date_gmt":"2025-12-21T12:51:08","guid":{"rendered":"https:\/\/www.europesays.com\/fi\/122300\/"},"modified":"2025-12-21T12:51:08","modified_gmt":"2025-12-21T12:51:08","slug":"katso-vuosikooste-huomenta-suomen-parhaista-paloista","status":"publish","type":"post","link":"https:\/\/www.europesays.com\/fi\/122300\/","title":{"rendered":"Katso vuosikooste Huomenta Suomen parhaista paloista"},"content":{"rendered":"<p><strong class=\"typography-bold\">Kokosimme yhteen kuluneen vuoden Huomenta Suomen viikonloppujen parhaat palat.<\/strong><\/p>\n<p>Viikonlopun Huomenta Suomi on t\u00e4n\u00e4kin vuonna tarjonnut katsojilleen monenlaisia ikimuistoisia hetki\u00e4.<\/p>\n<p>Kokosimme yhteen viikonloppujen Huomenta Suomen vuoden parhaat palat: ajankohtaiset uutiset, kiinnostavat keskustelut ja hetket, jotka naurattivat studiossa ja ilahduttivat katsojia kotona.<\/p>\n<p>Muistelimme muun muassa sit\u00e4, kuinka kepposistaan tunnettu <strong class=\"typography-bold\">Seppo<\/strong>-vuohi vieraili studiossa, kuinka lehm\u00e4t kirmasivat kev\u00e4tlaitumille toukokuussa ja miten kirjailija <strong class=\"typography-bold\">Juha Vuorisen<\/strong> Hilma-koira innostui antamaan suoraa palautetta suorassa l\u00e4hetyksess\u00e4.<\/p>\n<p><strong class=\"typography-bold\">Lue lis\u00e4\u00e4: <\/strong><a class=\"cursor-pointer underline\" data-testid=\"internal-link\" role=\"link\" data-sentry-element=\"Link\" data-sentry-component=\"InternalLink\" data-sentry-source-file=\"InternalLink.tsx\" href=\"https:\/\/www.mtvuutiset.fi\/artikkeli\/hulvaton-video-kepposteleva-seppo-vuohi-jarjesti-show-n-kesken-kuvausten-vuoden-isa\/9227498\" rel=\"nofollow noopener\" target=\"_blank\"><strong class=\"typography-bold\">Hulvaton video! Kepposteleva Seppo-vuohi j\u00e4rjesti show\u2019n kesken kuvausten: &#8221;Vuoden is\u00e4&#8221;<\/strong><\/a><a class=\"cursor-pointer underline\" data-testid=\"internal-link\" role=\"link\" data-sentry-element=\"Link\" data-sentry-component=\"InternalLink\" data-sentry-source-file=\"InternalLink.tsx\" href=\"https:\/\/www.mtvuutiset.fi\/artikkeli\/juha-vuorinen-ja-hilma-koira-huomenta-suomessa-raivokohtaus\/9175372\" rel=\"nofollow noopener\" target=\"_blank\"><strong class=\"typography-bold\">Juha Vuorinen ja Hilma-koira Huomenta Suomessa: &#8221;Raivokohtaus&#8221;<\/strong><\/a><\/p>\n<p>Huomenta Suomessa tehtiin my\u00f6s historiaa, kun pappi <strong class=\"typography-bold\">Kari Kanala<\/strong> vihki pariskunnan studiossa suorassa l\u00e4hetyksess\u00e4.\u00a0<\/p>\n<p>Pariskunnan h\u00e4\u00e4vierasjoukko oli tavallista suurempi, koska vihkimisen n\u00e4kiv\u00e4t my\u00f6s Huomenta Suomen katsojat omien l\u00e4heisten lis\u00e4ksi.\u00a0<\/p>\n<p><strong class=\"typography-bold\">Lue lis\u00e4\u00e4: <\/strong><a class=\"cursor-pointer underline\" data-testid=\"internal-link\" role=\"link\" data-sentry-element=\"Link\" data-sentry-component=\"InternalLink\" data-sentry-source-file=\"InternalLink.tsx\" href=\"https:\/\/www.mtvuutiset.fi\/artikkeli\/historiallinen-hetki-huomenta-suomessa-minna-ja-mikko-menivat-naimisiin-suorassa-lahetyksessa\/9132922\" rel=\"nofollow noopener\" target=\"_blank\"><strong class=\"typography-bold\">Historiallinen hetki Huomenta Suomessa: Minna ja Mikko meniv\u00e4t naimisiin suorassa l\u00e4hetyksess\u00e4<\/strong><\/a><\/p>\n<p>My\u00f6s useat julkisuuden henkil\u00f6t vierailivat viikonloppujen Huomenta Suomessa.\u00a0<\/p>\n<p>Haastatteluissa n\u00e4htiin muun muassa marraskuussa menehtyneet n\u00e4yttelij\u00e4 <strong class=\"typography-bold\">Olga Temonen <\/strong>sek\u00e4 musiikkivaikuttaja <strong class=\"typography-bold\">Lasse Norres<\/strong>, laulaja ja pian n\u00e4yttelij\u00e4debyyttinsa tekev\u00e4 <strong class=\"typography-bold\">Jenni Vartiainen, <\/strong>stand up -koomikko<strong class=\"typography-bold\"> Sami Hedberg, <\/strong>somepersoona <strong class=\"typography-bold\">Shirly Karvinen, <\/strong>laulaja <strong class=\"typography-bold\">Anna Abreu, <\/strong>kokki <strong class=\"typography-bold\">Sikke Sumar<\/strong>i ja muusikko <strong class=\"typography-bold\">Michael Monroe<\/strong>.<\/p>\n<p>Huomenta Suomessa p\u00e4\u00e4stiin my\u00f6s nauttimaan monenlaisista musiikkiesityksist\u00e4, kun laulu- ja soittotaitojaan esitteliv\u00e4t niin artistit kuin v\u00e4lill\u00e4 itse juontajatkin.<\/p>\n<p>Eiv\u00e4tk\u00e4 juontajat ja vieraat pel\u00e4nneet heitt\u00e4yty\u00e4 muutenkaan, ja v\u00e4lill\u00e4 mentiin hulvattomiinkin haasteisiin ja yll\u00e4tt\u00e4viin tilanteisiin.<\/p>\n<p><strong class=\"typography-bold\">Katso yll\u00e4 olevalta videolta kooste Huomenta Suomi -l\u00e4hetysten parhaista paloista vuodelta 2025!<\/strong><\/p>\n","protected":false},"excerpt":{"rendered":"Kokosimme yhteen kuluneen vuoden Huomenta Suomen viikonloppujen parhaat palat. Viikonlopun Huomenta Suomi on t\u00e4n\u00e4kin vuonna tarjonnut katsojilleen monenlaisia&hellip;\n","protected":false},"author":2,"featured_media":122301,"comment_status":"","ping_status":"","sticky":false,"template":"","format":"standard","meta":{"footnotes":""},"categories":[133],"tags":[137,33,31,30,32,206,156,109],"class_list":{"0":"post-122300","1":"post","2":"type-post","3":"status-publish","4":"format-standard","5":"has-post-thumbnail","7":"category-televisiot","8":"tag-entertainment","9":"tag-fi","10":"tag-finland","11":"tag-finnish","12":"tag-suomi","13":"tag-televisiot","14":"tag-tv","15":"tag-viihde"},"share_on_mastodon":{"url":"https:\/\/pubeurope.com\/@fi\/115757651329563868","error":""},"_links":{"self":[{"href":"https:\/\/www.europesays.com\/fi\/wp-json\/wp\/v2\/posts\/122300","targetHints":{"allow":["GET"]}}],"collection":[{"href":"https:\/\/www.europesays.com\/fi\/wp-json\/wp\/v2\/posts"}],"about":[{"href":"https:\/\/www.europesays.com\/fi\/wp-json\/wp\/v2\/types\/post"}],"author":[{"embeddable":true,"href":"https:\/\/www.europesays.com\/fi\/wp-json\/wp\/v2\/users\/2"}],"replies":[{"embeddable":true,"href":"https:\/\/www.europesays.com\/fi\/wp-json\/wp\/v2\/comments?post=122300"}],"version-history":[{"count":0,"href":"https:\/\/www.europesays.com\/fi\/wp-json\/wp\/v2\/posts\/122300\/revisions"}],"wp:featuredmedia":[{"embeddable":true,"href":"https:\/\/www.europesays.com\/fi\/wp-json\/wp\/v2\/media\/122301"}],"wp:attachment":[{"href":"https:\/\/www.europesays.com\/fi\/wp-json\/wp\/v2\/media?parent=122300"}],"wp:term":[{"taxonomy":"category","embeddable":true,"href":"https:\/\/www.europesays.com\/fi\/wp-json\/wp\/v2\/categories?post=122300"},{"taxonomy":"post_tag","embeddable":true,"href":"https:\/\/www.europesays.com\/fi\/wp-json\/wp\/v2\/tags?post=122300"}],"curies":[{"name":"wp","href":"https:\/\/api.w.org\/{rel}","templated":true}]}}