{"id":122310,"date":"2025-12-21T13:00:10","date_gmt":"2025-12-21T13:00:10","guid":{"rendered":"https:\/\/www.europesays.com\/fi\/122310\/"},"modified":"2025-12-21T13:00:10","modified_gmt":"2025-12-21T13:00:10","slug":"israelin-turvallisuuskabinetti-hyvaksyi-19-uuden-siirtokunnan-rakentamisen-lansirannalle-ulkomaat","status":"publish","type":"post","link":"https:\/\/www.europesays.com\/fi\/122310\/","title":{"rendered":"Israelin turvallisuus\u00adkabinetti hyv\u00e4ksyi 19 uuden siirtokunnan rakentamisen L\u00e4nsirannalle | Ulkomaat"},"content":{"rendered":"<p><img decoding=\"async\" alt=\"Beduiinikyl\u00e4 ja taustalla Israelin siirtokunta.\" src=\"https:\/\/www.europesays.com\/fi\/wp-content\/uploads\/2025\/12\/39-151900868becacb6b33e.jpeg\" class=\"aw-1l9m598 hKVVvP\"\/><\/p>\n<p>Avaa kuvien katselu<\/p>\n<p>Kuvan etualalla on palestiinalainen beduiinikyl\u00e4. Sen takana n\u00e4kyy israelilaisen siirtokunnan rakennuksia L\u00e4nsirannalla. Kuva: Antti Kuronen \/ Yle<\/p>\n<p>11:51\u2022P\u00e4ivitetty 11:54<\/p>\n<p class=\"aw-1gybjub aw-1p7kakr kEtdKx cEmitX yle__article__paragraph\">Israelin turvallisuuskabinetti on hyv\u00e4ksynyt 19 uuden siirtokunnan rakentamisen L\u00e4nsirannalle, kertoo uutistoimisto AFP.<\/p>\n<p class=\"aw-1gybjub aw-1p7kakr kEtdKx cEmitX yle__article__paragraph\">Israel on <a class=\"aw-iao6s4 iHOxEa yle__article__link\" href=\"https:\/\/www.bbc.com\/news\/articles\/c1j5954edlno\" role=\"link\" rel=\"nofollow noopener\" target=\"_blank\">asuttanut jo aiemmin<\/a> noin 160 siirtokuntaan noin 700 000 israelilaista, kertoo the BBC.<\/p>\n<p class=\"aw-1gybjub aw-1p7kakr kEtdKx cEmitX yle__article__paragraph\">Siirtokunnat ovat kansainv\u00e4lisen oikeuden mukaan laittomia.<\/p>\n","protected":false},"excerpt":{"rendered":"Avaa kuvien katselu Kuvan etualalla on palestiinalainen beduiinikyl\u00e4. Sen takana n\u00e4kyy israelilaisen siirtokunnan rakennuksia L\u00e4nsirannalla. Kuva: Antti Kuronen&hellip;\n","protected":false},"author":2,"featured_media":122311,"comment_status":"","ping_status":"","sticky":false,"template":"","format":"standard","meta":{"footnotes":""},"categories":[14],"tags":[22,23,26,27,33,31,30,17,993,3365,70,24,25,28,29,15,18,21,21975,32,19,20,56,16,59,60,61],"class_list":{"0":"post-122310","1":"post","2":"type-post","3":"status-publish","4":"format-standard","5":"has-post-thumbnail","7":"category-ulkomaat","8":"tag-breaking-news","9":"tag-breakingnews","10":"tag-featured-news","11":"tag-featurednews","12":"tag-fi","13":"tag-finland","14":"tag-finnish","15":"tag-headlines","16":"tag-israel","17":"tag-kansainvalinen-oikeus","18":"tag-kansainvalinen-politiikka","19":"tag-latest-news","20":"tag-latestnews","21":"tag-main-news","22":"tag-mainnews","23":"tag-news","24":"tag-otsikot","25":"tag-paauutiset","26":"tag-siirtokunta","27":"tag-suomi","28":"tag-top-stories","29":"tag-topstories","30":"tag-ulkomaat","31":"tag-uutiset","32":"tag-world","33":"tag-world-news","34":"tag-worldnews"},"share_on_mastodon":{"url":"https:\/\/pubeurope.com\/@fi\/115757686927059119","error":""},"_links":{"self":[{"href":"https:\/\/www.europesays.com\/fi\/wp-json\/wp\/v2\/posts\/122310","targetHints":{"allow":["GET"]}}],"collection":[{"href":"https:\/\/www.europesays.com\/fi\/wp-json\/wp\/v2\/posts"}],"about":[{"href":"https:\/\/www.europesays.com\/fi\/wp-json\/wp\/v2\/types\/post"}],"author":[{"embeddable":true,"href":"https:\/\/www.europesays.com\/fi\/wp-json\/wp\/v2\/users\/2"}],"replies":[{"embeddable":true,"href":"https:\/\/www.europesays.com\/fi\/wp-json\/wp\/v2\/comments?post=122310"}],"version-history":[{"count":0,"href":"https:\/\/www.europesays.com\/fi\/wp-json\/wp\/v2\/posts\/122310\/revisions"}],"wp:featuredmedia":[{"embeddable":true,"href":"https:\/\/www.europesays.com\/fi\/wp-json\/wp\/v2\/media\/122311"}],"wp:attachment":[{"href":"https:\/\/www.europesays.com\/fi\/wp-json\/wp\/v2\/media?parent=122310"}],"wp:term":[{"taxonomy":"category","embeddable":true,"href":"https:\/\/www.europesays.com\/fi\/wp-json\/wp\/v2\/categories?post=122310"},{"taxonomy":"post_tag","embeddable":true,"href":"https:\/\/www.europesays.com\/fi\/wp-json\/wp\/v2\/tags?post=122310"}],"curies":[{"name":"wp","href":"https:\/\/api.w.org\/{rel}","templated":true}]}}