{"id":122316,"date":"2025-12-21T13:14:08","date_gmt":"2025-12-21T13:14:08","guid":{"rendered":"https:\/\/www.europesays.com\/fi\/122316\/"},"modified":"2025-12-21T13:14:08","modified_gmt":"2025-12-21T13:14:08","slug":"gordon-ramsay-on-suomen-lapissa","status":"publish","type":"post","link":"https:\/\/www.europesays.com\/fi\/122316\/","title":{"rendered":"Gordon Ramsay on Suomen Lapissa"},"content":{"rendered":"<p>Gordon Ramsay julkaisi Instagram-tilill\u00e4\u00e4n otoksia Suomen Lapista.<\/p>\n<p><img decoding=\"async\" class=\"image image-show image-preview\" src=\"https:\/\/www.europesays.com\/fi\/wp-content\/uploads\/2025\/12\/ac7a0ec929f587329535c596e84c517252765500b8e107f60c310d5907b20280.jpg\" alt=\"\"\/><img decoding=\"async\" class=\"image image-show\" src=\"https:\/\/www.europesays.com\/fi\/wp-content\/uploads\/2025\/12\/1766322848_614_ac7a0ec929f587329535c596e84c517252765500b8e107f60c310d5907b20280.jpg\" alt=\"\"\/><\/p>\n<p>Ramsay vierailee Suomessa. imago sport<\/p>\n<p class=\"paragraph\">Huippukokki <a href=\"https:\/\/www.iltalehti.fi\/henkilot\/Gordon Ramsay\" class=\"article-link-person-page\" rel=\"nofollow noopener\" target=\"_blank\">Gordon Ramsay<\/a> on Suomessa.<\/p>\n<p class=\"paragraph\">Ramsay julkaisi <a href=\"https:\/\/www.instagram.com\/gordongram\/?hl=fi\" target=\"_blank\" rel=\"noopener nofollow\">Instagram<\/a>-tilins\u00e4 tarinat-osiossa videoita ja kuvia Suomen Lapista.<\/p>\n<p class=\"paragraph\">Toisessa videossa Ramsay esittelee Suomen lumisia maisemia. Videolla aurinko laskee tunturimaisemissa. Videon taustalla soi Wham!-yhtyeen Last Christmas -kappale.<\/p>\n<p class=\"paragraph\">Toisessa kuvassa Ramsay hehkuttaa <a href=\"https:\/\/www.iltalehti.fi\/henkilot\/Michael Bubl\u00e9\" class=\"article-link-person-page\" rel=\"nofollow noopener\" target=\"_blank\">Michael Bubl\u00e9n<\/a> It\u2019s Beginning to Look a Lot like Christmas -kappaleen tahdissa revontulia. Kuvassa taivas loimuaa vihre\u00e4n\u00e4.<\/p>\n<p class=\"paragraph\">\u2013 Wow, mik\u00e4 hetki! revontulet, Ramsay hehkuttaa.<\/p>\n<p class=\"paragraph\"><a href=\"https:\/\/www.iltalehti.fi\/viihdeuutiset\/b313bac0-34f0-4485-bef7-b640713cebf1\" rel=\"nofollow noopener\" target=\"_blank\">Aiemmin t\u00e4ll\u00e4 viikolla Ramsayn tyt\u00e4r<\/a> <strong>Holly Ramsay<\/strong> julkaisi Instagram-tilill\u00e4\u00e4n kuvia Lapista. Holly ja h\u00e4nen puolisonsa Adam Peaty ovat menossa naimisiin 27. joulukuuta eli vain muutamien p\u00e4ivien p\u00e4\u00e4st\u00e4.<\/p>\n<p class=\"paragraph\">Gordon perheineen on jo tuttu n\u00e4ky Suomessa. Gordon vietti edellisen kerran joulua <a href=\"https:\/\/www.iltalehti.fi\/tv-ja-leffat\/bc5282c6-dcf3-4fe2-bdb3-7a14d5cb9e9e\" rel=\"nofollow noopener\" target=\"_blank\">Suomessa<\/a> vuonna 2021. Reissuun mahtui luonnollisesti saunomista ja tapaaminen Joulupukin kanssa Rovaniemell\u00e4. <a href=\"https:\/\/www.iltalehti.fi\/viihde\/2011072914132595\" rel=\"nofollow noopener\" target=\"_blank\">H\u00e4n on kehunut<\/a> suomalaisia \u201dmukaviksi, syd\u00e4mellisiksi ihmisiksi\u201d.<\/p>\n<p class=\"paragraph\">Toisinaan Gordon Ramsaylla on ollut my\u00f6s pahaa sanottavaa Suomesta ja suomalaisista. R\u00e4v\u00e4k\u00f6ist\u00e4 mielipiteist\u00e4\u00e4n tunnettu julkkiskokki on vuosien varrella vuoroin <a href=\"https:\/\/www.iltalehti.fi\/tv-ja-leffat\/93f5a081-647f-4257-bf39-e76e67db1e2c\" rel=\"nofollow noopener\" target=\"_blank\">haukkunut<\/a>, vuoroin <a href=\"https:\/\/www.iltalehti.fi\/tv-ja-leffat\/8d4ee6f3-83c9-44be-bc1e-ab7155284ceb\" rel=\"nofollow noopener\" target=\"_blank\">kehunut<\/a> suomalaista ruokakulttuuria.<\/p>\n<p><script async src=\"\/\/www.instagram.com\/embed.js\"><\/script><\/p>\n","protected":false},"excerpt":{"rendered":"Gordon Ramsay julkaisi Instagram-tilill\u00e4\u00e4n otoksia Suomen Lapista. Ramsay vierailee Suomessa. imago sport Huippukokki Gordon Ramsay on Suomessa. Ramsay&hellip;\n","protected":false},"author":2,"featured_media":122317,"comment_status":"","ping_status":"","sticky":false,"template":"","format":"standard","meta":{"footnotes":""},"categories":[136],"tags":[35,138,407,137,33,31,30,408,47,141,710,32,484,109],"class_list":{"0":"post-122316","1":"post","2":"type-post","3":"status-publish","4":"format-standard","5":"has-post-thumbnail","7":"category-julkkikset","8":"tag-24h","9":"tag-audio","10":"tag-celebrities","11":"tag-entertainment","12":"tag-fi","13":"tag-finland","14":"tag-finnish","15":"tag-julkkikset","16":"tag-musiikki","17":"tag-muusikot-bandit","18":"tag-saa","19":"tag-suomi","20":"tag-taiteellinen-ilmaisu-ja-mediat","21":"tag-viihde"},"share_on_mastodon":{"url":"https:\/\/pubeurope.com\/@fi\/115757742050877443","error":""},"_links":{"self":[{"href":"https:\/\/www.europesays.com\/fi\/wp-json\/wp\/v2\/posts\/122316","targetHints":{"allow":["GET"]}}],"collection":[{"href":"https:\/\/www.europesays.com\/fi\/wp-json\/wp\/v2\/posts"}],"about":[{"href":"https:\/\/www.europesays.com\/fi\/wp-json\/wp\/v2\/types\/post"}],"author":[{"embeddable":true,"href":"https:\/\/www.europesays.com\/fi\/wp-json\/wp\/v2\/users\/2"}],"replies":[{"embeddable":true,"href":"https:\/\/www.europesays.com\/fi\/wp-json\/wp\/v2\/comments?post=122316"}],"version-history":[{"count":0,"href":"https:\/\/www.europesays.com\/fi\/wp-json\/wp\/v2\/posts\/122316\/revisions"}],"wp:featuredmedia":[{"embeddable":true,"href":"https:\/\/www.europesays.com\/fi\/wp-json\/wp\/v2\/media\/122317"}],"wp:attachment":[{"href":"https:\/\/www.europesays.com\/fi\/wp-json\/wp\/v2\/media?parent=122316"}],"wp:term":[{"taxonomy":"category","embeddable":true,"href":"https:\/\/www.europesays.com\/fi\/wp-json\/wp\/v2\/categories?post=122316"},{"taxonomy":"post_tag","embeddable":true,"href":"https:\/\/www.europesays.com\/fi\/wp-json\/wp\/v2\/tags?post=122316"}],"curies":[{"name":"wp","href":"https:\/\/api.w.org\/{rel}","templated":true}]}}