{"id":122318,"date":"2025-12-21T13:21:12","date_gmt":"2025-12-21T13:21:12","guid":{"rendered":"https:\/\/www.europesays.com\/fi\/122318\/"},"modified":"2025-12-21T13:21:12","modified_gmt":"2025-12-21T13:21:12","slug":"lumihata-italiassa","status":"publish","type":"post","link":"https:\/\/www.europesays.com\/fi\/122318\/","title":{"rendered":"Lumih\u00e4t\u00e4 Italiassa"},"content":{"rendered":"<p>Lumi on suuri huolenaihe Italiassa, jossa talviolympialaiset starttaavat jo 47 p\u00e4iv\u00e4n p\u00e4\u00e4st\u00e4.<\/p>\n<p><img decoding=\"async\" class=\"image image-show image-preview\" src=\"https:\/\/www.europesays.com\/fi\/wp-content\/uploads\/2025\/12\/7b776e329c634e4ea149e8a9dc0da5b11d08544b758e8cba5edd6f9a26413e9b.jpg\" alt=\"\"\/><img decoding=\"async\" class=\"image image-show\" src=\"https:\/\/www.europesays.com\/fi\/wp-content\/uploads\/2025\/12\/1766323270_246_7b776e329c634e4ea149e8a9dc0da5b11d08544b758e8cba5edd6f9a26413e9b.jpg\" alt=\"\"\/><\/p>\n<p>Livignossa k\u00e4rsit\u00e4\u00e4n lumipulasta. Arkistokuva vuodelta 2021. AOP<\/p>\n<p class=\"paragraph\">Kansainv\u00e4lisen hiihtoliiton johtaja <strong>Johan Eliasch<\/strong> kertoi, ett\u00e4 Italiassa on ongelmia keinolumen tuotantoj\u00e4rjestelm\u00e4ss\u00e4.<\/p>\n<p class=\"paragraph\">\u2013 Italian hallituksella ja alueilla, jotka j\u00e4rjest\u00e4v\u00e4t kisoja, on viel\u00e4 paljon teht\u00e4v\u00e4\u00e4, ja heid\u00e4n on kiristett\u00e4v\u00e4 valmistelujen tahtia, Eliasch kertoi.<\/p>\n<p class=\"paragraph\">Ongelmia on ilmennyt etenkin Livignossa, jossa pit\u00e4isi j\u00e4rjest\u00e4\u00e4 lumilautailu- ja freestylehiihtokisat. Tilannetta seurataan Eliaschin mukaan tiiviisti.<\/p>\n<p class=\"paragraph\">\u2013 Soitamme kolme kertaa p\u00e4iv\u00e4ss\u00e4: aamulla, iltap\u00e4iv\u00e4ll\u00e4 ja illalla. Lumen tuotannossa on ongelmia. On ollut viiv\u00e4styksi\u00e4. Valitettavasti Italian hallitus ei ole vapauttanut varoja, joten j\u00e4rjest\u00e4j\u00e4t taistelevat selviyty\u00e4kseen.<\/p>\n<p class=\"paragraph\">Italian hallitus ei ole kommentoinut asiaa.<\/p>\n<p class=\"paragraph\">Joulukuun alussa Kansainv\u00e4lisen hiihtoliiton p\u00e4\u00e4sihteeri <strong>Michel Vion<\/strong> totesi, ett\u00e4 keinolumi on edellytys hyville olympiaolosuhteille.<\/p>\n<p class=\"paragraph\">Milano\u2013Cortinan olympialaiset j\u00e4rjestet\u00e4\u00e4n 6.2.\u201322.2.2026.<\/p>\n<p class=\"paragraph\">L\u00e4hde: <a href=\"https:\/\/www.dagbladet.no\/sport\/slar-ol-alarm\/84015405\" target=\"_blank\" rel=\"noopener nofollow\">Dagbladet<\/a><\/p>\n<p><a href=\"https:\/\/www.iltalehti.fi\/telkku\/?utm_source=iltalehti.fi&amp;utm_medium=almainternal&amp;utm_campaign=urheilu_artikkelibanneri&amp;utm_content=banner_612_a\" rel=\"nofollow noopener\" target=\"_blank\"><img decoding=\"async\" src=\"https:\/\/www.europesays.com\/fi\/wp-content\/uploads\/2025\/08\/7ef604e47d46ca174b7df4149bd3557dbde56a86d520f8e1b2125548b0a2e03a.png\" alt=\"TV-ohjelmat t\u00e4n\u00e4\u00e4n, TV-opas\"\/><\/a><\/p>\n","protected":false},"excerpt":{"rendered":"Lumi on suuri huolenaihe Italiassa, jossa talviolympialaiset starttaavat jo 47 p\u00e4iv\u00e4n p\u00e4\u00e4st\u00e4. Livignossa k\u00e4rsit\u00e4\u00e4n lumipulasta. Arkistokuva vuodelta 2021.&hellip;\n","protected":false},"author":2,"featured_media":122319,"comment_status":"","ping_status":"","sticky":false,"template":"","format":"standard","meta":{"footnotes":""},"categories":[158],"tags":[35,33,31,30,2096,41,2883,159,32,1145,160,161],"class_list":{"0":"post-122318","1":"post","2":"type-post","3":"status-publish","4":"format-standard","5":"has-post-thumbnail","7":"category-urheilu","8":"tag-24h","9":"tag-fi","10":"tag-finland","11":"tag-finnish","12":"tag-hiihtolajit","13":"tag-liikunta-ja-urheilu","14":"tag-maailmancupit-ja-maailmanmestaruuskilpailut","15":"tag-sports","16":"tag-suomi","17":"tag-talviurheilu","18":"tag-urheilu","19":"tag-urheilutapahtumat"},"share_on_mastodon":{"url":"https:\/\/pubeurope.com\/@fi\/115757769696646838","error":""},"_links":{"self":[{"href":"https:\/\/www.europesays.com\/fi\/wp-json\/wp\/v2\/posts\/122318","targetHints":{"allow":["GET"]}}],"collection":[{"href":"https:\/\/www.europesays.com\/fi\/wp-json\/wp\/v2\/posts"}],"about":[{"href":"https:\/\/www.europesays.com\/fi\/wp-json\/wp\/v2\/types\/post"}],"author":[{"embeddable":true,"href":"https:\/\/www.europesays.com\/fi\/wp-json\/wp\/v2\/users\/2"}],"replies":[{"embeddable":true,"href":"https:\/\/www.europesays.com\/fi\/wp-json\/wp\/v2\/comments?post=122318"}],"version-history":[{"count":0,"href":"https:\/\/www.europesays.com\/fi\/wp-json\/wp\/v2\/posts\/122318\/revisions"}],"wp:featuredmedia":[{"embeddable":true,"href":"https:\/\/www.europesays.com\/fi\/wp-json\/wp\/v2\/media\/122319"}],"wp:attachment":[{"href":"https:\/\/www.europesays.com\/fi\/wp-json\/wp\/v2\/media?parent=122318"}],"wp:term":[{"taxonomy":"category","embeddable":true,"href":"https:\/\/www.europesays.com\/fi\/wp-json\/wp\/v2\/categories?post=122318"},{"taxonomy":"post_tag","embeddable":true,"href":"https:\/\/www.europesays.com\/fi\/wp-json\/wp\/v2\/tags?post=122318"}],"curies":[{"name":"wp","href":"https:\/\/api.w.org\/{rel}","templated":true}]}}