{"id":122320,"date":"2025-12-21T13:22:08","date_gmt":"2025-12-21T13:22:08","guid":{"rendered":"https:\/\/www.europesays.com\/fi\/122320\/"},"modified":"2025-12-21T13:22:08","modified_gmt":"2025-12-21T13:22:08","slug":"anita-hirvonen-talta-han-nayttaa-nyt","status":"publish","type":"post","link":"https:\/\/www.europesays.com\/fi\/122320\/","title":{"rendered":"Anita Hirvonen: T\u00e4lt\u00e4 h\u00e4n n\u00e4ytt\u00e4\u00e4 nyt"},"content":{"rendered":"<p>\n            20041220 New York, USA. Laulaja Anita Hirvonen New Yorkissa. 7 p\u0160iv\u0160\u0160 \/ Matti Matikainen.<br \/>\n            Matti Matikainen\n        <\/p>\n<p class=\"subtitle \">79-vuotias iskelm\u00e4legenda esiintyi yll\u00e4tt\u00e4v\u00e4ll\u00e4 videolla.<\/p>\n<p class=\"article-content article-content-width !bg-background\">Julkisuudesta kadonnut iskelm\u00e4t\u00e4hti , 79, teki yll\u00e4tt\u00e4v\u00e4n esiintymisen sosiaalisessa mediassa.<\/p>\n<p class=\"font-weight-bold m-font-weight-bold article-content article-content-width !bg-background\">Katso video \u2013\u00a0 Marita Taavitsainen ei kaipaa parisuhdetta:<\/p>\n<p>Viime vuodet hiljaiseloa<\/p>\n<p class=\"article-content article-content-width !bg-background\">1960-luvulta saakka suomalaisia viihdytt\u00e4nyt suosikkilaulaja Anita on viime vuodet viett\u00e4nyt hiljaiseloa julkisuudesta.<\/p>\n<p class=\"article-content article-content-width !bg-background\">Marraskuussa 2024 Anita nousi yll\u00e4tt\u00e4en j\u00e4lleen lavalle Kansallisteatterin Toivola Talk -tapahtumassa.<\/p>\n<p>        <a itemprop=\"url\" href=\"https:\/\/www.seiska.fi\/terveys\/anita-hirvonen-joutui-sairaalaan-tama-asiasta-tiedetaan\/1839620\" rel=\"nofollow noopener\" target=\"_blank\"><\/p>\n<p>\nIskelm\u00e4t\u00e4hti\n<\/p>\n<p class=\"section-date\">\n        <strong class=\"article-section\" data-section=\"terveys\"><br \/>\n            terveys<br \/>\n        <\/strong><br \/>\n        17.6. 07:57\n    <\/p>\n<p>Anita Hirvonen joutui sairaalaan \u2013 t\u00e4m\u00e4 asiasta tiedet\u00e4\u00e4n\n    <\/p>\n<p itemprop=\"description\" class=\"subtitle \">\n    Anita joutui perumaan tulevan keikkansa sairastumisen vuoksi.\n<\/p>\n<p>        <\/a><\/p>\n<p class=\"article-content article-content-width !bg-background\">Anita kertoi syyskuussa <a href=\"https:\/\/www.iltalehti.fi\/viihdeuutiset\/a\/4678fe6c-e880-4c40-a78d-43a003d257d1\" target=\"_blank\" rel=\"nofollow noopener\">Iltalehden haastattelussa<\/a>, ett\u00e4 ik\u00e4\u00e4ntyminen tuo v\u00e4ist\u00e4m\u00e4tt\u00e4 kaikenlaisia vaivoja itse kullekin.<\/p>\n<p class=\"article-content article-content-width !bg-background\">\u2013\u00a0Ei ole suuret vaatimukset en\u00e4\u00e4. Tai ei minulla koskaan ole ollut. Min\u00e4 olen ollut hyvin tyytyv\u00e4inen ihminen yleens\u00e4 el\u00e4m\u00e4\u00e4ni, suosikkilaulaja kertoi haastattelussa.<\/p>\n<p>                <img decoding=\"async\" src=\"https:\/\/www.europesays.com\/fi\/wp-content\/uploads\/2025\/12\/2024893.webp\" width=\"576\" height=\"274\" alt=\"Vuonna 2006 Anita poseerasi Diiva-koiransa kanssa.\" loading=\"lazy\" \/>            <\/p>\n<p>\n            Vuonna 2006 Anita poseerasi Diiva-koiransa kanssa.<br \/>\n            Ari Lahti\n        <\/p>\n<p>Leoparditakissa<\/p>\n<p class=\"article-content article-content-width !bg-background\">Julkisuudesta vet\u00e4ytynyt suosikkilaulaja teki yll\u00e4tysesiintymisen riihim\u00e4kel\u00e4isen <a href=\"https:\/\/www.facebook.com\/100063739205698\/videos\/2043912389697474\/?__so__=watchlist&amp;__rv__=video_home_www_playlist_video_list\" target=\"_blank\" rel=\"nofollow noopener\">K-Market Ruokasaaren somevideolla<\/a> marraskuussa.<\/p>\n<p class=\"article-content article-content-width !bg-background\">Anita mainostaa videolla ruokakaupan salaattibaaria.<\/p>\n<p class=\"article-content article-content-width !bg-background\">Muhkeasta tukastaan tunnettu Anita poseeraa videolla salaattibaarin edustalla tummat lasit silmill\u00e4\u00e4n. Leopardikuosiseen takkiin pukeutunut, hyv\u00e4ntuulinen Anita, mainostaa tuulettaen ruokakaupan uutta lis\u00e4yst\u00e4.<\/p>\n<p>        <a itemprop=\"url\" href=\"https:\/\/www.seiska.fi\/kotimaa\/laulajalegenda-anita-hirvonen-76-toimeentulostaan-en-anele-valtiolta-taiteilijaelaketta\/173978\" rel=\"nofollow noopener\" target=\"_blank\"><\/p>\n<p class=\"section-date\">\n        <strong class=\"article-section\" data-section=\"kotimaa\"><br \/>\n            kotimaa<br \/>\n        <\/strong><br \/>\n        28.12.2022 07:00\n    <\/p>\n<p>Laulajalegenda Anita Hirvonen, 76, toimeentulostaan: En anele valtiolta taiteilijael\u00e4kett\u00e4!\n    <\/p>\n<p>        <\/a><\/p>\n<p class=\"article-content article-content-width !bg-background\">Laulajanuransa jo 1960-luvulla aloittanut Anita nousi kansansuosioon rohkeilla ja rempseill\u00e4 kappaleillaan ja n\u00e4ytt\u00e4vill\u00e4 esiintymisill\u00e4\u00e4n.<\/p>\n<p class=\"article-content article-content-width !bg-background\">Helmikuussa 80 vuotta t\u00e4ytt\u00e4v\u00e4 iskelm\u00e4t\u00e4hti muistetaan esimerkiksi hittikappaleistaan Ei itket\u00e4 lauantaina, Maitolavan prinsessa, Syd\u00e4n rakastaa ja De va kukku de.<\/p>\n<p class=\"article-content article-content-width !bg-background\">Anitan tuoreesta\u00a0 videoesiintymisest\u00e4 uutisoi ensimm\u00e4isen\u00e4 <a href=\"https:\/\/www.tanssiin.fi\/anita-hirvonen-yllatti-ruokakaupan-mainoksessa-talta-iskelmalegenda-nayttaa-nyt\/\" target=\"_blank\" rel=\"nofollow noopener\">Tanssiin.fi<\/a>.<\/p>\n<p class=\"article-content article-content-width !bg-background\"><a href=\"https:\/\/www.facebook.com\/100063739205698\/videos\/2043912389697474\/?__so__=watchlist&amp;__rv__=video_home_www_playlist_video_list\" target=\"_blank\" rel=\"nofollow noopener\">Jos video ei n\u00e4y, v<\/a><a href=\"https:\/\/www.facebook.com\/watch\/?v=2043912389697474\" target=\"_blank\" rel=\"nofollow noopener\">oit katsoa sen my\u00f6s t\u00e4\u00e4lt\u00e4.<\/a><\/p>\n","protected":false},"excerpt":{"rendered":"20041220 New York, USA. Laulaja Anita Hirvonen New Yorkissa. 7 p\u0160iv\u0160\u0160 \/ Matti Matikainen. Matti Matikainen 79-vuotias iskelm\u00e4legenda&hellip;\n","protected":false},"author":2,"featured_media":122321,"comment_status":"","ping_status":"","sticky":false,"template":"","format":"standard","meta":{"footnotes":""},"categories":[130],"tags":[10817,137,1752,33,31,30,1006,21977,21976,5159,32,21978,109],"class_list":{"0":"post-122320","1":"post","2":"type-post","3":"status-publish","4":"format-standard","5":"has-post-thumbnail","7":"category-viihde","8":"tag-anita-hirvonen","9":"tag-entertainment","10":"tag-facebook","11":"tag-fi","12":"tag-finland","13":"tag-finnish","14":"tag-iskelma","15":"tag-iskelmalegenda","16":"tag-k-market-ruokasaari","17":"tag-laulaja","18":"tag-suomi","19":"tag-toivola-talk","20":"tag-viihde"},"share_on_mastodon":{"url":"https:\/\/pubeurope.com\/@fi\/115757773288539745","error":""},"_links":{"self":[{"href":"https:\/\/www.europesays.com\/fi\/wp-json\/wp\/v2\/posts\/122320","targetHints":{"allow":["GET"]}}],"collection":[{"href":"https:\/\/www.europesays.com\/fi\/wp-json\/wp\/v2\/posts"}],"about":[{"href":"https:\/\/www.europesays.com\/fi\/wp-json\/wp\/v2\/types\/post"}],"author":[{"embeddable":true,"href":"https:\/\/www.europesays.com\/fi\/wp-json\/wp\/v2\/users\/2"}],"replies":[{"embeddable":true,"href":"https:\/\/www.europesays.com\/fi\/wp-json\/wp\/v2\/comments?post=122320"}],"version-history":[{"count":0,"href":"https:\/\/www.europesays.com\/fi\/wp-json\/wp\/v2\/posts\/122320\/revisions"}],"wp:featuredmedia":[{"embeddable":true,"href":"https:\/\/www.europesays.com\/fi\/wp-json\/wp\/v2\/media\/122321"}],"wp:attachment":[{"href":"https:\/\/www.europesays.com\/fi\/wp-json\/wp\/v2\/media?parent=122320"}],"wp:term":[{"taxonomy":"category","embeddable":true,"href":"https:\/\/www.europesays.com\/fi\/wp-json\/wp\/v2\/categories?post=122320"},{"taxonomy":"post_tag","embeddable":true,"href":"https:\/\/www.europesays.com\/fi\/wp-json\/wp\/v2\/tags?post=122320"}],"curies":[{"name":"wp","href":"https:\/\/api.w.org\/{rel}","templated":true}]}}