{"id":122328,"date":"2025-12-21T13:28:07","date_gmt":"2025-12-21T13:28:07","guid":{"rendered":"https:\/\/www.europesays.com\/fi\/122328\/"},"modified":"2025-12-21T13:28:07","modified_gmt":"2025-12-21T13:28:07","slug":"juliana-hyrrin-uudessa-lellikki-teoksessa-lapset-kipuilevat-hierarkian-ja-vakivallan-keskella","status":"publish","type":"post","link":"https:\/\/www.europesays.com\/fi\/122328\/","title":{"rendered":"Juliana Hyrrin uudessa Lellikki-teoksessa lapset kipuilevat hierarkian ja v\u00e4kivallan keskell\u00e4"},"content":{"rendered":"<p>Kirja-arvio|Sarjakuvataiteilija Juliana Hyrri k\u00e4sittelee eloisalla ja herk\u00e4ll\u00e4 tyylill\u00e4 lapsuuden varjopuolia.<\/p>\n<p class=\"article-body mb-nof-24 px-nof-16\">Sarjakuvat<\/p>\n<p class=\"article-body mb-nof-24 px-nof-16\">Juliana Hyrri: Lellikki. WSOY. 272 s.<\/p>\n<p class=\"article-body mb-nof-24 px-nof-16\">Juliana Hyrrin uudessa sarjakuvateoksessa lapsi haluaa tulla huomatuksi niin paljon, ett\u00e4 on valmis vaikka kuolemaan.<\/p>\n<p class=\"article-body mb-nof-24 px-nof-16\">Kyll\u00e4 ne sitten huomaisivat, muistelisivat ja surisivat, kun h\u00e4n ei en\u00e4\u00e4 olisikaan koulussa.<\/p>\n","protected":false},"excerpt":{"rendered":"Kirja-arvio|Sarjakuvataiteilija Juliana Hyrri k\u00e4sittelee eloisalla ja herk\u00e4ll\u00e4 tyylill\u00e4 lapsuuden varjopuolia. Sarjakuvat Juliana Hyrri: Lellikki. WSOY. 272 s. Juliana&hellip;\n","protected":false},"author":2,"featured_media":122329,"comment_status":"","ping_status":"","sticky":false,"template":"","format":"standard","meta":{"footnotes":""},"categories":[5],"tags":[22,23,26,27,33,31,30,17,46,24,25,28,29,15,18,21,32,19,20,16],"class_list":{"0":"post-122328","1":"post","2":"type-post","3":"status-publish","4":"format-standard","5":"has-post-thumbnail","7":"category-otsikot","8":"tag-breaking-news","9":"tag-breakingnews","10":"tag-featured-news","11":"tag-featurednews","12":"tag-fi","13":"tag-finland","14":"tag-finnish","15":"tag-headlines","16":"tag-helsingin-sanomat","17":"tag-latest-news","18":"tag-latestnews","19":"tag-main-news","20":"tag-mainnews","21":"tag-news","22":"tag-otsikot","23":"tag-paauutiset","24":"tag-suomi","25":"tag-top-stories","26":"tag-topstories","27":"tag-uutiset"},"share_on_mastodon":{"url":"https:\/\/pubeurope.com\/@fi\/115757796734362010","error":""},"_links":{"self":[{"href":"https:\/\/www.europesays.com\/fi\/wp-json\/wp\/v2\/posts\/122328","targetHints":{"allow":["GET"]}}],"collection":[{"href":"https:\/\/www.europesays.com\/fi\/wp-json\/wp\/v2\/posts"}],"about":[{"href":"https:\/\/www.europesays.com\/fi\/wp-json\/wp\/v2\/types\/post"}],"author":[{"embeddable":true,"href":"https:\/\/www.europesays.com\/fi\/wp-json\/wp\/v2\/users\/2"}],"replies":[{"embeddable":true,"href":"https:\/\/www.europesays.com\/fi\/wp-json\/wp\/v2\/comments?post=122328"}],"version-history":[{"count":0,"href":"https:\/\/www.europesays.com\/fi\/wp-json\/wp\/v2\/posts\/122328\/revisions"}],"wp:featuredmedia":[{"embeddable":true,"href":"https:\/\/www.europesays.com\/fi\/wp-json\/wp\/v2\/media\/122329"}],"wp:attachment":[{"href":"https:\/\/www.europesays.com\/fi\/wp-json\/wp\/v2\/media?parent=122328"}],"wp:term":[{"taxonomy":"category","embeddable":true,"href":"https:\/\/www.europesays.com\/fi\/wp-json\/wp\/v2\/categories?post=122328"},{"taxonomy":"post_tag","embeddable":true,"href":"https:\/\/www.europesays.com\/fi\/wp-json\/wp\/v2\/tags?post=122328"}],"curies":[{"name":"wp","href":"https:\/\/api.w.org\/{rel}","templated":true}]}}