{"id":122332,"date":"2025-12-21T13:41:08","date_gmt":"2025-12-21T13:41:08","guid":{"rendered":"https:\/\/www.europesays.com\/fi\/122332\/"},"modified":"2025-12-21T13:41:08","modified_gmt":"2025-12-21T13:41:08","slug":"wille-markkanen-on-ottanut-miljoonia-kuvia-kuopiosta-talta-upeimmat-otokset-nayttavat-kotimaa","status":"publish","type":"post","link":"https:\/\/www.europesays.com\/fi\/122332\/","title":{"rendered":"Wille Markkanen on ottanut miljoonia kuvia Kuopiosta \u2013 t\u00e4lt\u00e4 upeimmat otokset n\u00e4ytt\u00e4v\u00e4t | Kotimaa"},"content":{"rendered":"<p class=\"aw-1gybjub aw-5vja16 kEtdKx kmuxyA yle__article__paragraph\">Kuopiolais\u00adkuvaaja k\u00e4vi l\u00e4pi kuvakirjaa varten valtavan m\u00e4\u00e4r\u00e4n valokuvia. Hiljattain julkaistu teos on jo l\u00e4hes loppuunmyyty.<\/p>\n<p>Kuopiolainen valokuvaaja Wille Markkanen on jo vuosien ajan kuvannut maisemia eri puolilla Kuopiota. Erityisin kuvauspaikka on Puijon torni.<\/p>\n<ul class=\"aw-1jjocuh iJTSwP yle__article__list yle__article__list--ul\">\n<li class=\"aw-1j7gwms gNYKfi\">Kuopiolainen valokuvaaja Wille Markkanen julkaisi hiljattain Kuopio-aiheisen kuvakirjan.<\/li>\n<li class=\"aw-1j7gwms gNYKfi\">Teos syntyi kirjakaupan pyynn\u00f6st\u00e4, koska kaupungista ei ollut saatavilla tuoreita kuvakirjoja.<\/li>\n<li class=\"aw-1j7gwms gNYKfi\">Markkanen k\u00e4vi kirjaa varten l\u00e4pi kaksi miljoonaa valokuvaa. Teoksen teemana on nelj\u00e4 vuodenaikaa.<\/li>\n<li class=\"aw-1j7gwms gNYKfi\">Noin 400 kappaleen painos on jo l\u00e4hes loppuunmyyty<\/li>\n<\/ul>\n<p class=\"aw-1gybjub aw-1p7kakr kEtdKx cEmitX yle__article__paragraph\">Kaksi miljoonaa valokuvaa Kuopiosta. Sen verran kuvia valokuvaaja <strong class=\"aw-ak79eh KyCXm yle__article__strong\">Wille Markkanen<\/strong> k\u00e4vi l\u00e4pi Kuopio-aiheista kuvakirjaa varten.<\/p>\n<p class=\"aw-1gybjub aw-1p7kakr kEtdKx cEmitX yle__article__paragraph\">Syksyll\u00e4 julkaistu valokuvateos Four seasons of Kuopio n\u00e4ytt\u00e4\u00e4 Kuopion nelj\u00e4 vuodenaikaa valokuvaajan silmin. 400 kappaleen painos on jo l\u00e4hes loppuunmyyty.<\/p>\n<p class=\"aw-1gybjub aw-1p7kakr kEtdKx cEmitX yle__article__paragraph\">Markkasen sanoin koko kirja on sattuman tuotos.<\/p>\n<p class=\"aw-1gybjub aw-1p7kakr kEtdKx cEmitX yle__article__paragraph\">Urakka alkoi, kun Suomalaisesta kirjakaupasta ehdotettiin h\u00e4nelle kuvakirjaa Kuopiosta. Syyn\u00e4 oli Markkasen mukaan se, ett\u00e4 Kuopiosta ei ole ollut saatavilla tuoreita kuvakirjoja.<\/p>\n<p class=\"aw-1gybjub aw-1p7kakr kEtdKx cEmitX yle__article__paragraph\">Markkanen kertoo olleensa tuolloin omilla asioillaan kirjakaupassa, ja h\u00e4n oli jo ehtinyt poistua kirjakaupasta ehdotuksen j\u00e4lkeen.<\/p>\n<p class=\"aw-1gybjub aw-1p7kakr kEtdKx cEmitX yle__article__paragraph\">H\u00e4n kuitenkin palasi takaisin, ja siit\u00e4 alkoi puolen vuoden mittainen urakka.<\/p>\n<p class=\"aw-1gybjub aw-1p7kakr kEtdKx cEmitX yle__article__paragraph\">\u2013 En silloin projektiin l\u00e4htiess\u00e4 ymm\u00e4rt\u00e4nyt, ett\u00e4 millainen ty\u00f6 t\u00e4llaisessa on, kuopiolainen kuvaaja kuvailee.<\/p>\n<p class=\"aw-1gybjub aw-1p7kakr kEtdKx cEmitX yle__article__paragraph\"><strong class=\"aw-ak79eh KyCXm yle__article__strong\">Haastoimme Wille Markkasen ottamaan k\u00e4nnyk\u00e4ll\u00e4 kaksi kuvaa Kuopion joulutorilta. Katso alla olevalta videolta, miten h\u00e4n selvisi haasteesta.<\/strong><\/p>\n<p>Video: Toni Pitk\u00e4nen \/ Yle<\/p>\n<p class=\"aw-1gybjub aw-1p7kakr kEtdKx cEmitX yle__article__paragraph\">Haastavinta ja aikaa vievint\u00e4 oli k\u00e4yd\u00e4 l\u00e4pi kuvia, joita pitk\u00e4\u00e4n Kuopiota kuvanneella Markkasella oli valtava m\u00e4\u00e4r\u00e4.<\/p>\n<p class=\"aw-1gybjub aw-1p7kakr kEtdKx cEmitX yle__article__paragraph\">Monien vaiheiden kautta kirjan teemaksi valikoitui lopulta nelj\u00e4 vuodenaikaa. Se helpotti kuvien valintaa jonkin verran.<\/p>\n<p class=\"aw-1gybjub aw-1p7kakr kEtdKx cEmitX yle__article__paragraph\">Markkanen itse pit\u00e4\u00e4 teemaa loogisena ja yksinkertaisena, vaikka t\u00e4ydellist\u00e4 helpotusta se ei kuvien valintaan antanutkaan.<\/p>\n<p class=\"aw-1gybjub aw-1p7kakr kEtdKx cEmitX yle__article__paragraph\">Kirjan taittamisessa auttoi kuopiolainen mainosalan ammattilainen <strong class=\"aw-ak79eh KyCXm yle__article__strong\">Jukka Pelkonen<\/strong>, jonka n\u00e4kemyksill\u00e4 oli lopullisiin kuvavalintoihin suuri vaikutus.<\/p>\n<p class=\"aw-1gybjub aw-1p7kakr kEtdKx cEmitX yle__article__paragraph\">\u2013 H\u00e4n pystyi katsomaan valokuvia ulkopuolisen silmin, eik\u00e4 h\u00e4nell\u00e4 ollut kuviin tunnesidetta, Markkanen sanoo.<\/p>\n<p><img decoding=\"async\" alt=\"Wille Markkanen torilla. \" src=\"https:\/\/www.europesays.com\/fi\/wp-content\/uploads\/2025\/12\/39-1569891693fe713301bb.jpeg\" loading=\"lazy\" class=\"aw-1l9m598 hKVVvP\"\/><\/p>\n<p>Avaa kuvien katselu<\/p>\n<p>Puijon torni on Wille Markkaselle erityisin kuvauskohde. Kuva: Toni Pitk\u00e4nen \/ YleMiljoona kuvaa Puijon tornista<\/p>\n<p class=\"aw-1gybjub aw-1p7kakr kEtdKx cEmitX yle__article__paragraph\">Markkanen on kuvannut Kuopiota jo vuosien ajan. Erityisesti h\u00e4net tunnetaan Puijo-kuvistaan, jotka ovat olleet esill\u00e4 muun muassa sosiaalisessa mediassa. My\u00f6s eri mediat ovat julkaisseet kuvia.<\/p>\n<p class=\"aw-1gybjub aw-1p7kakr kEtdKx cEmitX yle__article__paragraph\">Tunnetuin ja katsotuin on Markkasen mukaan kuva nimelt\u00e4 Salama Puijon yll\u00e4.<\/p>\n<p class=\"aw-1gybjub aw-1p7kakr kEtdKx cEmitX yle__article__paragraph\"><strong class=\"aw-ak79eh KyCXm yle__article__strong\">Katso videolta, miten laajalle levinnyt valokuva syntyi.<\/strong><\/p>\n<p>Video: Toni Pitk\u00e4nen \/ Yle<\/p>\n<p class=\"aw-1gybjub aw-1p7kakr kEtdKx cEmitX yle__article__paragraph\">Vapaa-ajallaan Markkanen kuvaa mieluiten maisemia. Kuvissa n\u00e4kyv\u00e4t Kuopiosta tutut paikat aina torista Puijon torniin ja Kallaveteen.<\/p>\n<p class=\"aw-1gybjub aw-1p7kakr kEtdKx cEmitX yle__article__paragraph\">Erityisin kuvauskohde on juuri Puijon torni. H\u00e4n arvioi ottaneensa siit\u00e4 noin miljoona valokuvaa.<\/p>\n<p class=\"aw-1gybjub aw-1p7kakr kEtdKx cEmitX yle__article__paragraph\">\u2013 Se on kiva kohde, eik\u00e4 koskaan h\u00e4vi\u00e4 sielt\u00e4 pois. Puijon torni on aina paikoillaan, kun haluaa kuvata.<\/p>\n<p class=\"aw-1gybjub aw-1p7kakr kEtdKx cEmitX yle__article__paragraph\">My\u00f6s Kallavesi eri muodoissaan kiehtoo.<\/p>\n<p class=\"aw-1gybjub aw-1p7kakr kEtdKx cEmitX yle__article__paragraph\">\u2013 Kuopiossa riitt\u00e4\u00e4 rantaa ja vett\u00e4. Se on toinen teema, jota tulee paljon kuvattua.<\/p>\n<p class=\"aw-1gybjub aw-1p7kakr kEtdKx cEmitX yle__article__paragraph\">Laajana kaupunkina Kuopiossa riitt\u00e4\u00e4 kuvattavaa sek\u00e4 kaupungissa ett\u00e4 maaseudulla. Markkanen pit\u00e4\u00e4 kotikaupunkiaan eritt\u00e4in kuvauksellisena.<\/p>\n<p class=\"aw-1gybjub aw-1p7kakr kEtdKx cEmitX yle__article__paragraph\">Kuvaajan mieli suuntaa kuitenkin my\u00f6s Kuopion ulkopuolelle<\/p>\n<p><img decoding=\"async\" alt=\"Wille Markkanen torilla. \" src=\"https:\/\/www.europesays.com\/fi\/wp-content\/uploads\/2025\/12\/39-1569889693fe71289a85.jpeg\" loading=\"lazy\" class=\"aw-1l9m598 hKVVvP\"\/><\/p>\n<p>Avaa kuvien katselu<\/p>\n<p>Valokuvaaja Wille Markkanen on kuvannut Kuopiota jo vuosien ajan. Kuva: Toni Pitk\u00e4nen \/ Yle<\/p>\n<p class=\"aw-1gybjub aw-1p7kakr kEtdKx cEmitX yle__article__paragraph\">\u2013 Olin juuri Mikkeliss\u00e4, ja pitih\u00e4n se siell\u00e4kin kuvata, Markkanen nauraa.<\/p>\n<p>Uusia kirjaprojekteja suunnitteilla<\/p>\n<p class=\"aw-1gybjub aw-1p7kakr kEtdKx cEmitX yle__article__paragraph\">Markkanen on ilahtunut siit\u00e4, ett\u00e4 kuvakirja on l\u00f6yt\u00e4nyt yleis\u00f6ns\u00e4. Painosm\u00e4\u00e4r\u00e4 oli pieni, koska h\u00e4n julkaisi sen omakustanteena.<\/p>\n<p class=\"aw-1gybjub aw-1p7kakr kEtdKx cEmitX yle__article__paragraph\">\u2013 Voi olla, ett\u00e4 t\u00e4lle on jatkoa tulossa, Markkanen vihjaa.<\/p>\n<p class=\"aw-1gybjub aw-1p7kakr kEtdKx cEmitX yle__article__paragraph\">Kuvakirja on tuonut h\u00e4nelle my\u00f6s lis\u00e4\u00e4 t\u00f6it\u00e4, sill\u00e4 h\u00e4n suunnittelee parhaillaan Puijo-kirjaa ja paria muutakin kirjaa alueeseen liittyv\u00e4\u00e4.<\/p>\n","protected":false},"excerpt":{"rendered":"Kuopiolais\u00adkuvaaja k\u00e4vi l\u00e4pi kuvakirjaa varten valtavan m\u00e4\u00e4r\u00e4n valokuvia. Hiljattain julkaistu teos on jo l\u00e4hes loppuunmyyty. Kuopiolainen valokuvaaja Wille&hellip;\n","protected":false},"author":2,"featured_media":122333,"comment_status":"","ping_status":"","sticky":false,"template":"","format":"standard","meta":{"footnotes":""},"categories":[135],"tags":[389,387,388,390,137,33,31,30,379,378,71,1132,6383,1136,21979,32,394,393,391,392,11399,6448,2365,109],"class_list":{"0":"post-122332","1":"post","2":"type-post","3":"status-publish","4":"format-standard","5":"has-post-thumbnail","7":"category-taiteet-ja-suunnittelu","8":"tag-arts","9":"tag-arts-and-design","10":"tag-artsanddesign","11":"tag-design","12":"tag-entertainment","13":"tag-fi","14":"tag-finland","15":"tag-finnish","16":"tag-kirjallisuus","17":"tag-kirjat","18":"tag-kotimaa","19":"tag-kuopio","20":"tag-kuvat","21":"tag-pohjois-savo","22":"tag-puijo","23":"tag-suomi","24":"tag-suunnittelu","25":"tag-taiteet","26":"tag-taiteet-ja-suunnittelu","27":"tag-taiteetsuunnittelu","28":"tag-valokuvaajat","29":"tag-valokuvat","30":"tag-valokuvaus","31":"tag-viihde"},"share_on_mastodon":{"url":"https:\/\/pubeurope.com\/@fi\/115757847945258960","error":""},"_links":{"self":[{"href":"https:\/\/www.europesays.com\/fi\/wp-json\/wp\/v2\/posts\/122332","targetHints":{"allow":["GET"]}}],"collection":[{"href":"https:\/\/www.europesays.com\/fi\/wp-json\/wp\/v2\/posts"}],"about":[{"href":"https:\/\/www.europesays.com\/fi\/wp-json\/wp\/v2\/types\/post"}],"author":[{"embeddable":true,"href":"https:\/\/www.europesays.com\/fi\/wp-json\/wp\/v2\/users\/2"}],"replies":[{"embeddable":true,"href":"https:\/\/www.europesays.com\/fi\/wp-json\/wp\/v2\/comments?post=122332"}],"version-history":[{"count":0,"href":"https:\/\/www.europesays.com\/fi\/wp-json\/wp\/v2\/posts\/122332\/revisions"}],"wp:featuredmedia":[{"embeddable":true,"href":"https:\/\/www.europesays.com\/fi\/wp-json\/wp\/v2\/media\/122333"}],"wp:attachment":[{"href":"https:\/\/www.europesays.com\/fi\/wp-json\/wp\/v2\/media?parent=122332"}],"wp:term":[{"taxonomy":"category","embeddable":true,"href":"https:\/\/www.europesays.com\/fi\/wp-json\/wp\/v2\/categories?post=122332"},{"taxonomy":"post_tag","embeddable":true,"href":"https:\/\/www.europesays.com\/fi\/wp-json\/wp\/v2\/tags?post=122332"}],"curies":[{"name":"wp","href":"https:\/\/api.w.org\/{rel}","templated":true}]}}