{"id":122336,"date":"2025-12-21T13:48:09","date_gmt":"2025-12-21T13:48:09","guid":{"rendered":"https:\/\/www.europesays.com\/fi\/122336\/"},"modified":"2025-12-21T13:48:09","modified_gmt":"2025-12-21T13:48:09","slug":"tuottaja-lupaa-etta-vessoja-riittaa-ouluhallissa-uutenavuotena-bajamajoihin-ei-turvauduta","status":"publish","type":"post","link":"https:\/\/www.europesays.com\/fi\/122336\/","title":{"rendered":"Tuottaja lupaa, ett\u00e4 vessoja riitt\u00e4\u00e4 Ouluhallissa uutenavuotena \u2013 bajamajoihin ei turvauduta"},"content":{"rendered":"<p>\n      Ouluhallissa j\u00e4rjestet\u00e4\u00e4n uudenvuodenaattona Vuosi vaihtuu: Oulu2026 -tapahtuma, joka aloittaa Oulun vuoden Euroopan kulttuurip\u00e4\u00e4kaupunkina.\n    <\/p>\n<p>\n      Ouluhallin wc-j\u00e4rjestelyt ovat aiemmin her\u00e4tt\u00e4neet keskustelua suurten yleis\u00f6tapahtumien yhteydess\u00e4. Marraskuussa opiskelijatapahtuma Kaamoksessa <a href=\"https:\/\/www.kaleva.fi\/opiskelijoiden-pikkujoulut-liikaa-ouluhallin-tiloi\/12414520\" rel=\"nofollow noopener\" target=\"_blank\">vessajonot \u00e4ityiv\u00e4t pitkiksi<\/a>, ja vuotta aiemmin PMMP:n konsertissa hallin edustalle tuoduissa bajamajoissa <a href=\"https:\/\/www.kaleva.fi\/kaymalapolitiikka-puhutti-pmmpn-keikalla-ouluhalli\/11408743\" rel=\"nofollow noopener\" target=\"_blank\">ei ollut valaistusta<\/a>.\n    <\/p>\n<p class=\"article__paragraph\">\n      Oulu2026-tiimin vastaava tuottaja Sandy Kantola kertoo, ett\u00e4 t\u00e4ll\u00e4 kertaa vessoja pit\u00e4isi olla yleis\u00f6m\u00e4\u00e4r\u00e4\u00e4n n\u00e4hden riitt\u00e4v\u00e4sti.\n    <\/p>\n<p class=\"article__paragraph\">\n      \u2013 Lavan rakenne vie hallista suhteellisen paljon tilaa, joten yleis\u00f6\u00e4 ei ole Ouluhallin maksimikapasiteettiin asti.\n    <\/p>\n<p class=\"article__paragraph\">\n      Vuosi vaihtuu -tapahtumaan odotetaan noin 4000 k\u00e4vij\u00e4\u00e4. Esimerkiksi Kaamoksessa oli paikalla noin 6000 ihmist\u00e4.\n    <\/p>\n<p class=\"article__paragraph\">\n      Ouluhallin is\u00e4nn\u00f6itsij\u00e4 Jari Levi\u00e4kankaan mukaan Ouluhallin yleis\u00f6vessoja on riitt\u00e4v\u00e4sti 7000 ihmisen tarpeisiin.\n    <\/p>\n<p class=\"article__paragraph\">\n      \u2013 Vaatimusten mukaan tapahtumissa on oltava yksi vessa sataa ihmist\u00e4 kohden. Ouluhallissa on 70 yleis\u00f6vessaa.\n    <\/p>\n<p class=\"article__paragraph\">\n      Levi\u00e4kankaan mukaan Kaamoksen j\u00e4lkeen Ouluhallissa on j\u00e4rjestetty muita vastaavan kokoluokan tapahtumia, joissa vessojen m\u00e4\u00e4r\u00e4 on riitt\u00e4nyt hyvin.\n    <\/p>\n<p class=\"article__paragraph\">\n      \u2013 Jos tapahtumassa juodaan paljon alkoholia, vessatkin ovat totta kai kovemmalla k\u00e4yt\u00f6ll\u00e4, h\u00e4n toteaa.\n    <\/p>\n<p>      Ei tarvetta bajamajoille<\/p>\n<p class=\"article__paragraph\">\n      Kantolan mukaan yleis\u00f6n odotetaan saapuvan Ouluhallille tasaisesti eik\u00e4 artistien esiintymisten v\u00e4liss\u00e4 ole pitki\u00e4 taukoja, jotka kasaisivat vessajonoja.\n    <\/p>\n<p class=\"article__paragraph\">\n      Bajamajoja ei hankita tapahtuman ajaksi, koska Ouluhallin vessojen m\u00e4\u00e4r\u00e4 suhteessa yleis\u00f6\u00f6n on muutoinkin vaatimusten mukainen.\n    <\/p>\n<p class=\"article__paragraph\">\n      Miehille ja naisille on erilliset wc-tilat tapahtuman ajan kuten Ouluhallilla yleens\u00e4kin. Sek\u00e4 A- ett\u00e4 B-puolen vessoja voi k\u00e4ytt\u00e4\u00e4 lukuun ottamatta muutamia yksitt\u00e4isi\u00e4 B-osan liikuntasalien puolella sijaitsevia vessoja.\n    <\/p>\n<p class=\"article__paragraph\">\n      Vessojen lis\u00e4ksi narikassa on alttiutta jonojen syntymiseen.\n    <\/p>\n<p class=\"article__paragraph\">\n      Kantolan mukaan narikalle kulkua ohjataan aidoilla ja my\u00f6s narikasta poistuminen pyrit\u00e4\u00e4n suunnittelemaan sujuvaksi.\n    <\/p>\n<p class=\"article__paragraph\">\n      Vuosi vaihtuu -tapahtumassa esiintyv\u00e4t muun muassa Kuumaa, Pehmoaino ja Bess.\n    <\/p>\n<p class=\"article__paragraph\">\n      Tapahtuman tuottaa Oulun kulttuurip\u00e4\u00e4kaupunkivuodesta vastaava Oulun kulttuuris\u00e4\u00e4ti\u00f6 yhteisty\u00f6ss\u00e4 Ylen kanssa.\n    <\/p>\n","protected":false},"excerpt":{"rendered":"Ouluhallissa j\u00e4rjestet\u00e4\u00e4n uudenvuodenaattona Vuosi vaihtuu: Oulu2026 -tapahtuma, joka aloittaa Oulun vuoden Euroopan kulttuurip\u00e4\u00e4kaupunkina. Ouluhallin wc-j\u00e4rjestelyt ovat aiemmin her\u00e4tt\u00e4neet&hellip;\n","protected":false},"author":2,"featured_media":122337,"comment_status":"","ping_status":"","sticky":false,"template":"","format":"standard","meta":{"footnotes":""},"categories":[130],"tags":[137,33,31,30,32,109],"class_list":{"0":"post-122336","1":"post","2":"type-post","3":"status-publish","4":"format-standard","5":"has-post-thumbnail","7":"category-viihde","8":"tag-entertainment","9":"tag-fi","10":"tag-finland","11":"tag-finnish","12":"tag-suomi","13":"tag-viihde"},"share_on_mastodon":{"url":"https:\/\/pubeurope.com\/@fi\/115757875424091941","error":""},"_links":{"self":[{"href":"https:\/\/www.europesays.com\/fi\/wp-json\/wp\/v2\/posts\/122336","targetHints":{"allow":["GET"]}}],"collection":[{"href":"https:\/\/www.europesays.com\/fi\/wp-json\/wp\/v2\/posts"}],"about":[{"href":"https:\/\/www.europesays.com\/fi\/wp-json\/wp\/v2\/types\/post"}],"author":[{"embeddable":true,"href":"https:\/\/www.europesays.com\/fi\/wp-json\/wp\/v2\/users\/2"}],"replies":[{"embeddable":true,"href":"https:\/\/www.europesays.com\/fi\/wp-json\/wp\/v2\/comments?post=122336"}],"version-history":[{"count":0,"href":"https:\/\/www.europesays.com\/fi\/wp-json\/wp\/v2\/posts\/122336\/revisions"}],"wp:featuredmedia":[{"embeddable":true,"href":"https:\/\/www.europesays.com\/fi\/wp-json\/wp\/v2\/media\/122337"}],"wp:attachment":[{"href":"https:\/\/www.europesays.com\/fi\/wp-json\/wp\/v2\/media?parent=122336"}],"wp:term":[{"taxonomy":"category","embeddable":true,"href":"https:\/\/www.europesays.com\/fi\/wp-json\/wp\/v2\/categories?post=122336"},{"taxonomy":"post_tag","embeddable":true,"href":"https:\/\/www.europesays.com\/fi\/wp-json\/wp\/v2\/tags?post=122336"}],"curies":[{"name":"wp","href":"https:\/\/api.w.org\/{rel}","templated":true}]}}