{"id":122338,"date":"2025-12-21T13:51:07","date_gmt":"2025-12-21T13:51:07","guid":{"rendered":"https:\/\/www.europesays.com\/fi\/122338\/"},"modified":"2025-12-21T13:51:07","modified_gmt":"2025-12-21T13:51:07","slug":"upm-laajentaa-toimintaansa-biopohjaisilla-markkinoilla-leunan-biojalostamo-valmistaa-ensimmaisen-kaupallisen-tuotteensa-metsatrans-lehti","status":"publish","type":"post","link":"https:\/\/www.europesays.com\/fi\/122338\/","title":{"rendered":"UPM laajentaa toimintaansa biopohjaisilla markkinoilla \u2013 Leunan biojalostamo valmistaa ensimm\u00e4isen kaupallisen tuotteensa &#8211; Mets\u00e4trans-Lehti"},"content":{"rendered":"<ol>\n<li><a href=\"https:\/\/news.google.com\/rss\/articles\/CBMi7gFBVV95cUxOQkpXYTVXYkU2LTA4dkhXQUFVZThScXY4ckhpVVdTMzhQbG5rY3EwNlpCdEN1bFRKRUo5NnlGR0NKYlczWmFtOWRRdnhuY0JpUUx1MEZGZkRfVDlmRWpVOHpGaTd1RkJUREh0ejVlUlNxbVlibHRnNEtTcnVrV2ViMmZFY1lqdG9FY1BZSV9sNWVFellsSm9HOGhJRWpoTHBkY00yMDlMcldaWnVxS3JFblpIb01vQ2RnNkswQ0pPbGV1VGc2ZWhGbkM0YS03N3pHOS1TbE9PWFQzQWhTVzZkX0Z0dkVLQVpUQnQwX1VR?oc=5\" target=\"_blank\" rel=\"nofollow noopener\">UPM laajentaa toimintaansa biopohjaisilla markkinoilla \u2013 Leunan biojalostamo valmistaa ensimm\u00e4isen kaupallisen tuotteensa<\/a>&nbsp;&nbsp;Mets\u00e4trans-Lehti<\/li>\n<li><a href=\"https:\/\/news.google.com\/rss\/articles\/CBMimgFBVV95cUxQWmhjZkcxVm5jN3A2aDNXU25XN1lHaDMyRUY2Rm9ueTl6YWhXeExqMDA0R2pLRXE3dXFsOUdxWHFxOU5LYldUSDZ2ckZHYjNYRmYyWkVHMkwxSENHaVcwaUFxemVQNzl6MTJZelJwUkcxWWkzNHB1alotX3VULWJwQkozYURnbFpibElyTFMzSWdmTHZQSWo5MS1B?oc=5\" target=\"_blank\" rel=\"nofollow noopener\">UPM laajentaa toimintaansa biopohjaisilla markkinoilla<\/a>&nbsp;&nbsp;SalkunRakentaja<\/li>\n<li><a href=\"https:\/\/news.google.com\/rss\/articles\/CBMifkFVX3lxTFBhNEpkTm80LXhOS2ZxbXdtc1dNWVpKWmlGUXRrcDY3UWFocXpkS2hBLVRqRUYwU3N5YnNMY3BkVEpXQk5NQ2dSenBuTkM4ZUxKbnkybm9sNWhRTGoxQ2h4QmduMjRKOHZjQjVCZkFTZGZwMVBJUXROSEJnRVdPQQ?oc=5\" target=\"_blank\" rel=\"nofollow noopener\">P\u00d6RSSI: Positiivinen p\u00f6rssiavaus Helsingiss\u00e4 \u2013 Lindex Group soutaa vastavirtaan, Summalta odotetaan vastausta<\/a>&nbsp;&nbsp;Kauppalehti<\/li>\n<li><a href=\"https:\/\/news.google.com\/rss\/articles\/CBMihAFBVV95cUxNdnJfYlpKNjN4WG9VcldaQkdkUlJncXhGVUNQdzRrSks4eUVkallFVl84TXMyVms5RTdMOEpDVXFyTEdUdFhLMGNYT21EdHVOYU9fbVdkWHRQbThnd1FXekt5NE9oSzRDekh4QnQ3YmlINUU0LV8xQ096d05qWUNXZUVvM2s?oc=5\" target=\"_blank\" rel=\"nofollow noopener\">UPM:n Leunan biojalostamo tuottaa nyt puusta raaka-ainetta pulloihin, tekstiileihin ja kosmetiikkaan<\/a>&nbsp;&nbsp;Maaseudun Tulevaisuus<\/li>\n<li><a href=\"https:\/\/news.google.com\/rss\/articles\/CBMifkFVX3lxTE54NHpzUkFGTmU5Z2lhcGJnSnRYRkVwOTRRalB0MzBIdDRhOWZJd21vZmdnZ0FiZmZsME5TM0dRMVRuZ1hVbzl2bnhBVGFWOGVRejBDdlRqRnU3QmpXc3lZbWk2U3lIS05XYVNGQ3FqMy1la3hDdTFkVjdGd1hFUQ?oc=5\" target=\"_blank\" rel=\"nofollow noopener\">UPM:n Leunan biojalostamon yl\u00f6ajo etenee<\/a>&nbsp;&nbsp;Kauppalehti<\/li>\n<\/ol>\n","protected":false},"excerpt":{"rendered":"UPM laajentaa toimintaansa biopohjaisilla markkinoilla \u2013 Leunan biojalostamo valmistaa ensimm\u00e4isen kaupallisen tuotteensa&nbsp;&nbsp;Mets\u00e4trans-Lehti UPM laajentaa toimintaansa biopohjaisilla markkinoilla&nbsp;&nbsp;SalkunRakentaja P\u00d6RSSI:&hellip;\n","protected":false},"author":2,"featured_media":122339,"comment_status":"","ping_status":"","sticky":false,"template":"","format":"standard","meta":{"footnotes":""},"categories":[76],"tags":[79,77,33,31,30,32,78],"class_list":{"0":"post-122338","1":"post","2":"type-post","3":"status-publish","4":"format-standard","5":"has-post-thumbnail","7":"category-talous","8":"tag-business","9":"tag-economy","10":"tag-fi","11":"tag-finland","12":"tag-finnish","13":"tag-suomi","14":"tag-talous"},"share_on_mastodon":{"url":"https:\/\/pubeurope.com\/@fi\/115757887290233985","error":""},"_links":{"self":[{"href":"https:\/\/www.europesays.com\/fi\/wp-json\/wp\/v2\/posts\/122338","targetHints":{"allow":["GET"]}}],"collection":[{"href":"https:\/\/www.europesays.com\/fi\/wp-json\/wp\/v2\/posts"}],"about":[{"href":"https:\/\/www.europesays.com\/fi\/wp-json\/wp\/v2\/types\/post"}],"author":[{"embeddable":true,"href":"https:\/\/www.europesays.com\/fi\/wp-json\/wp\/v2\/users\/2"}],"replies":[{"embeddable":true,"href":"https:\/\/www.europesays.com\/fi\/wp-json\/wp\/v2\/comments?post=122338"}],"version-history":[{"count":0,"href":"https:\/\/www.europesays.com\/fi\/wp-json\/wp\/v2\/posts\/122338\/revisions"}],"wp:featuredmedia":[{"embeddable":true,"href":"https:\/\/www.europesays.com\/fi\/wp-json\/wp\/v2\/media\/122339"}],"wp:attachment":[{"href":"https:\/\/www.europesays.com\/fi\/wp-json\/wp\/v2\/media?parent=122338"}],"wp:term":[{"taxonomy":"category","embeddable":true,"href":"https:\/\/www.europesays.com\/fi\/wp-json\/wp\/v2\/categories?post=122338"},{"taxonomy":"post_tag","embeddable":true,"href":"https:\/\/www.europesays.com\/fi\/wp-json\/wp\/v2\/tags?post=122338"}],"curies":[{"name":"wp","href":"https:\/\/api.w.org\/{rel}","templated":true}]}}