{"id":122346,"date":"2025-12-21T14:06:09","date_gmt":"2025-12-21T14:06:09","guid":{"rendered":"https:\/\/www.europesays.com\/fi\/122346\/"},"modified":"2025-12-21T14:06:09","modified_gmt":"2025-12-21T14:06:09","slug":"laulaja-ilta-silva-valtava-elamanmuutos","status":"publish","type":"post","link":"https:\/\/www.europesays.com\/fi\/122346\/","title":{"rendered":"Laulaja Ilta Silva: Valtava el\u00e4m\u00e4nmuutos"},"content":{"rendered":"<p>            Timo Korhonen\n        <\/p>\n<p class=\"subtitle \">Laulajat\u00e4hden alku- ja loppuvuosi ovat kuin y\u00f6 ja p\u00e4iv\u00e4.<\/p>\n<p class=\"article-content article-content-width !bg-background\">Laulaja  (o.s. ), 28, havainnollistaa hurjaa el\u00e4m\u00e4nmuutostaan, joka tapahtui t\u00e4n\u00e4 vuonna.<\/p>\n<p class=\"font-weight-bold m-font-weight-bold article-content article-content-width !bg-background\">Video: Ilta kertoo raskausajastaan.<\/p>\n<p class=\"article-content article-content-width !bg-background\">Ilta synnytti esikoisensa t\u00e4n\u00e4 vuonna miehens\u00e4  kanssa. Lapsi syntyi toukokuussa ja <a href=\"https:\/\/www.seiska.fi\/kotimaa\/laulaja-ilta-sai-vauvan-hellyyttavat-kuvat\/1695274\" target=\"_blank\" rel=\"nofollow noopener\">Seiska uutisoi siit\u00e4 tuoreeltaan<\/a>.<\/p>\n<p class=\"article-content article-content-width !bg-background\">Laulaja jakoi <a href=\"https:\/\/www.instagram.com\/p\/DShTVPrDF-V\/?hl=fi&amp;img_index=2\" target=\"_blank\" rel=\"nofollow noopener\">Instagram-tililleen kuvia<\/a>, joista n\u00e4kee, millaisissa merkeiss\u00e4 h\u00e4nen keikkavuotensa 2025 on alkanut ja miten se p\u00e4\u00e4ttyy.<\/p>\n<p class=\"article-content article-content-width !bg-background\">\u2013 Vuoden eka keikka versus vuoden vika, kuvatekstiss\u00e4 lukee.<\/p>\n<p class=\"article-content article-content-width !bg-background\">Ensimm\u00e4isess\u00e4 otoksessa Ilta laulaa py\u00f6re\u00e4n raskausvatsansa kanssa lavalla.<\/p>\n<p class=\"article-content article-content-width !bg-background\">Toisessa h\u00e4n pit\u00e4\u00e4 esikoistaan syliss\u00e4\u00e4n ja hurraa. Pienokaisella on punainen tonttulakki p\u00e4\u00e4ss\u00e4 ja kasvot piilossa.<\/p>\n<p>        <a itemprop=\"url\" href=\"https:\/\/www.seiska.fi\/kotimaa\/raskaana-oleva-laulaja-ilta-allistytti-seuraajiaan\/1668901\" rel=\"nofollow noopener\" target=\"_blank\"><\/p>\n<p>\nLaulaja Ilta\n<\/p>\n<p class=\"section-date\">\n        <strong class=\"article-section\" data-section=\"kotimaa\"><br \/>\n            kotimaa<br \/>\n        <\/strong><br \/>\n        8.4. 13:59\n    <\/p>\n<p>Raskaana oleva laulaja Ilta \u00e4llistytti seuraajiaan\n    <\/p>\n<p itemprop=\"description\" class=\"subtitle \">\n    Artisti Iltan harrastelu raskaana sai aikaan ihmetyst\u00e4.\n<\/p>\n<p>        <\/a><\/p>\n<p>T\u00e4llaista se oli<\/p>\n<p class=\"article-content article-content-width !bg-background\">Ilta kertoi<a href=\"https:\/\/www.seiska.fi\/kotimaa\/laulaja-ilta-uutta-tietoa-raskaudesta\/1645661\" target=\"_blank\" rel=\"nofollow noopener\"> Seiskalle viime kev\u00e4\u00e4n\u00e4<\/a>, miten h\u00e4nen raskausaikansa on sujunut. H\u00e4n julkisti perheuutisen viime vuoden marraskuussa ja jatkoi keikkailua entiseen tapaansa.<\/p>\n<p class=\"article-content article-content-width !bg-background\">Ilta paljasti Seiskalle, ettei ollut ostanut uusia vaatteita, vaan suhtautui raskausaikaan ilman isompaa stressi\u00e4.<\/p>\n<p class=\"article-content article-content-width !bg-background\">\u2013 \u00c4iti osti mulle yhdet raskaushousut, mutta muuten olen mennyt normivaatteissa ja sitten vain avannut farkunnappia, jossei se ole mennyt kiinni.<\/p>\n<p class=\"article-content article-content-width !bg-background\">\u2013 Olen t\u00e4llainen rento tyyppi. Mattimy\u00f6h\u00e4inen, sanoisin jopa, h\u00e4n jutteli tuolloin.<\/p>\n<p>        <a itemprop=\"url\" href=\"https:\/\/www.seiska.fi\/kotimaa\/laulaja-ilta-intiimi-video-julki\/2000300\" rel=\"nofollow noopener\" target=\"_blank\"><\/p>\n<p>\nLaulaja Ilta\n<\/p>\n<p class=\"section-date\">\n        <strong class=\"article-section\" data-section=\"kotimaa\"><br \/>\n            kotimaa<br \/>\n        <\/strong><br \/>\n        22.11. 17:00\n    <\/p>\n<p>Laulaja Ilta \u2013 intiimi video julki!\n    <\/p>\n<p itemprop=\"description\" class=\"subtitle \">\n    Iltalta laulaminen onnistuu imett\u00e4ess\u00e4kin.\n<\/p>\n<p>        <\/a><\/p>\n<p>                <img decoding=\"async\" src=\"https:\/\/www.europesays.com\/fi\/wp-content\/uploads\/2025\/12\/2027961.webp\" width=\"576\" height=\"720\" alt=\"Iltasta tuli t\u00e4n\u00e4 vuonna \u00e4iti.\" loading=\"lazy\" \/>            <\/p>\n<p>\n            Iltasta tuli t\u00e4n\u00e4 vuonna \u00e4iti.<br \/>\n            Timo Korhonen\n        <\/p>\n<p>Nopeasti kihloihin<\/p>\n<p class=\"article-content article-content-width !bg-background\">Laulaja meni naimisiin lapsen is\u00e4n Troyn kanssa vuonna 2021. Kihlat he solmivat vuotta ennen.<\/p>\n<p class=\"article-content article-content-width !bg-background\">Pari oli ehtinyt seurustella vain muutaman kuukauden ennen kihlausta.<\/p>\n<p>        <a itemprop=\"url\" href=\"https:\/\/www.seiska.fi\/kotimaa\/laulaja-ilta-paljonpuhuva-ulostulo-puolisostaan\/1915659\" rel=\"nofollow noopener\" target=\"_blank\"><\/p>\n<p>\nLaulaja Ilta\n<\/p>\n<p class=\"section-date\">\n        <strong class=\"article-section\" data-section=\"kotimaa\"><br \/>\n            kotimaa<br \/>\n        <\/strong><br \/>\n        1.9. 18:00\n    <\/p>\n<p>Laulaja Ilta: paljonpuhuva ulostulo puolisostaan\n    <\/p>\n<p itemprop=\"description\" class=\"subtitle \">\n    Ilta ei kauaa synnytyksen j\u00e4lkeen lep\u00e4illyt.\n<\/p>\n<p>        <\/a><\/p>\n<p><script async src=\"\/\/www.instagram.com\/embed.js\"><\/script><\/p>\n","protected":false},"excerpt":{"rendered":"Timo Korhonen Laulajat\u00e4hden alku- ja loppuvuosi ovat kuin y\u00f6 ja p\u00e4iv\u00e4. Laulaja (o.s. ), 28, havainnollistaa hurjaa el\u00e4m\u00e4nmuutostaan,&hellip;\n","protected":false},"author":2,"featured_media":122347,"comment_status":"","ping_status":"","sticky":false,"template":"","format":"standard","meta":{"footnotes":""},"categories":[136],"tags":[407,3096,137,33,31,30,7568,408,7330,1127,98,2443,32,7570,109],"class_list":{"0":"post-122346","1":"post","2":"type-post","3":"status-publish","4":"format-standard","5":"has-post-thumbnail","7":"category-julkkikset","8":"tag-celebrities","9":"tag-elamanmuutos","10":"tag-entertainment","11":"tag-fi","12":"tag-finland","13":"tag-finnish","14":"tag-ilta-silva","15":"tag-julkkikset","16":"tag-keikkailu","17":"tag-lapsi","18":"tag-perhe","19":"tag-raskaus","20":"tag-suomi","21":"tag-troy-silva","22":"tag-viihde"},"share_on_mastodon":{"url":"https:\/\/pubeurope.com\/@fi\/115757946566842363","error":""},"_links":{"self":[{"href":"https:\/\/www.europesays.com\/fi\/wp-json\/wp\/v2\/posts\/122346","targetHints":{"allow":["GET"]}}],"collection":[{"href":"https:\/\/www.europesays.com\/fi\/wp-json\/wp\/v2\/posts"}],"about":[{"href":"https:\/\/www.europesays.com\/fi\/wp-json\/wp\/v2\/types\/post"}],"author":[{"embeddable":true,"href":"https:\/\/www.europesays.com\/fi\/wp-json\/wp\/v2\/users\/2"}],"replies":[{"embeddable":true,"href":"https:\/\/www.europesays.com\/fi\/wp-json\/wp\/v2\/comments?post=122346"}],"version-history":[{"count":0,"href":"https:\/\/www.europesays.com\/fi\/wp-json\/wp\/v2\/posts\/122346\/revisions"}],"wp:featuredmedia":[{"embeddable":true,"href":"https:\/\/www.europesays.com\/fi\/wp-json\/wp\/v2\/media\/122347"}],"wp:attachment":[{"href":"https:\/\/www.europesays.com\/fi\/wp-json\/wp\/v2\/media?parent=122346"}],"wp:term":[{"taxonomy":"category","embeddable":true,"href":"https:\/\/www.europesays.com\/fi\/wp-json\/wp\/v2\/categories?post=122346"},{"taxonomy":"post_tag","embeddable":true,"href":"https:\/\/www.europesays.com\/fi\/wp-json\/wp\/v2\/tags?post=122346"}],"curies":[{"name":"wp","href":"https:\/\/api.w.org\/{rel}","templated":true}]}}