{"id":122348,"date":"2025-12-21T14:07:13","date_gmt":"2025-12-21T14:07:13","guid":{"rendered":"https:\/\/www.europesays.com\/fi\/122348\/"},"modified":"2025-12-21T14:07:13","modified_gmt":"2025-12-21T14:07:13","slug":"kuvataidearvio-rauman-taiteilijaseura-raumars-galleria-satakunnan-kansa","status":"publish","type":"post","link":"https:\/\/www.europesays.com\/fi\/122348\/","title":{"rendered":"Kuvataidearvio Rauman taiteilijaseura Raumars-galleria &#8211; Satakunnan Kansa"},"content":{"rendered":"<p>Raumarsin gallerian ensimm\u00e4isen toimintakauden p\u00e4\u00e4tt\u00e4\u00e4 Rauman taiteilijaseuran 80-vuotisjuhlavuoden huipennus. N\u00e4yttelyss\u00e4 on mukana 21 taiteilijaa.<\/p>\n<p>20.12. 12:24<\/p>\n<p class=\"article-body mb-nof-24 px-nof-16\">Rauman taiteilijaseura: Jatkumo, RaumArs galleria, 31. tammikuuta 2026 saakka.<\/p>\n<p class=\"article-body mb-nof-24 px-nof-16\">Vierailtuani Taidetalo Raumarsissa jo useamman kerran huomaan edelleen ilokseni uusia puolia valoisuutta ja v\u00e4litt\u00e4mist\u00e4 huokuvasta tilasta. Gallerian kolme huonetta on nimetty erikseen. Sep\u00e4n sali, Kulmahuone ja Sirkan huone j\u00e4sent\u00e4v\u00e4t n\u00e4yttelykokemusta ulottuen lis\u00e4ksi gallerian keitti\u00f6\u00f6n.<\/p>\n<p class=\"article-body mb-nof-24 px-nof-16\">T\u00e4ll\u00e4 kertaa tiloista viimeinen luo puitteet Rauman taiteilijaseuran alkuvaiheen esittelylle. Vuonna 1945 perustettu taiteilijaseura on yksi Suomen vanhimmista. My\u00f6s juhlan\u00e4yttely\u00e4 leimaa nojaaminen traditioihin. Vaikka yhteiset teemat kieliv\u00e4t eteenp\u00e4in suuntautuneisuudesta, ilmaisussa on l\u00e4sn\u00e4 pys\u00e4htyneempi maailma ja ik\u00e4v\u00e4 ajattoman lohduntuojan luo.<\/p>\n<p><img decoding=\"async\" src=\"https:\/\/www.europesays.com\/fi\/wp-content\/uploads\/2025\/12\/1766326033_949_468.jpg\" alt=\"Vilma Wallenstr\u00f6m: Balancing act, 2025, keramiikka, metalli.\" class=\"_Img_1rerz_1\" style=\"aspect-ratio:1.1294117647058823\" loading=\"eager\"\/><\/p>\n<p class=\"article-picture-caption\">Vilma Wallenstr\u00f6m: Balancing act, 2025, keramiikka, metalli. Kuva:\u00a0Kati Heljakka<\/p>\n<p class=\"article-body mb-nof-24 px-nof-16\">Sep\u00e4n salissa n\u00e4yttely avautuu dramaattisesti verev\u00e4n kuun ja irti leikattujen varpaiden tahdissa. Vaikka <a class=\"article-personlink\" href=\"https:\/\/www.satakunnankansa.fi\/haku\/?query=Pirjo%20Hamm-Hakam%C3%A4en\" rel=\"nofollow noopener\" target=\"_blank\">Pirjo Hamm-Hakam\u00e4en<\/a> ja <a class=\"article-personlink\" href=\"https:\/\/www.satakunnankansa.fi\/haku\/?query=Vilma%20Wallenstr%C3%B6min\" rel=\"nofollow noopener\" target=\"_blank\">Vilma Wallenstr\u00f6min<\/a> naisvoimaa alleviivaavat maalaukset ja keramiikkafiguurit ohjaavat pohtimaan sukupuolten tasapainottomia asemia, n\u00e4yttelyn kokonaisanti tapailee yleisinhimillisi\u00e4, t\u00e4ll\u00e4 ajalle tyypillisi\u00e4 teemoja, kuten kaipuuta luonnon turvalliseen ja sukupuolettomaan syliin.<\/p>\n<p class=\"article-body mb-nof-24 px-nof-16\">Puut, t\u00e4hdet, merimaisema toistuvat raumalaistaiteilijoiden t\u00f6iss\u00e4 monesti. <a class=\"article-personlink\" href=\"https:\/\/www.satakunnankansa.fi\/haku\/?query=Tommi-Wihtori%20Rostr%C3%B6m\" rel=\"nofollow noopener\" target=\"_blank\">Tommi-Wihtori Rostr\u00f6m<\/a> kyn\u00e4ilee teoksiinsa tuttuja luonnonelementtej\u00e4 kiinnostavan sekatekniikan avulla. My\u00f6s el\u00e4inaiheet saavat teoksissa sijaa, ansiokkaimmin <a class=\"article-personlink\" href=\"https:\/\/www.satakunnankansa.fi\/haku\/?query=Nikolay%20Nikolovin\" rel=\"nofollow noopener\" target=\"_blank\">Nikolay Nikolovin<\/a> taidokkaassa grafiikassa.<\/p>\n<p class=\"article-body mb-nof-24 px-nof-16\">Monet osallistuvista taiteilijoista mietiskelev\u00e4t my\u00f6s mielenrauhan merkityst\u00e4 vaikeina aikoina: Miten meditoida keikkuvalla alustalla, tuntuvat <a class=\"article-personlink\" href=\"https:\/\/www.satakunnankansa.fi\/haku\/?query=Taru-Taina%20Nora\" rel=\"nofollow noopener\" target=\"_blank\">Taru-Taina Nora<\/a> ja <a class=\"article-personlink\" href=\"https:\/\/www.satakunnankansa.fi\/haku\/?query=Heli%20V%C3%A4is%C3%A4nen\" rel=\"nofollow noopener\" target=\"_blank\">Heli V\u00e4is\u00e4nen <\/a>kysyv\u00e4n yhteisell\u00e4 Dorata-teoksellaan.<\/p>\n<p class=\"article-body mb-nof-24 px-nof-16\"><a class=\"article-personlink\" href=\"https:\/\/www.satakunnankansa.fi\/haku\/?query=Risto%20Kein%C3%A4nen\" rel=\"nofollow noopener\" target=\"_blank\">Risto Kein\u00e4nen<\/a> operoi puolestaan sotateeman parissa kantaaottavalla esinekoosteellaan Militar story in three portable boxes, jossa joutsenhahmo ja sinikeltaisen muna assosioituvat ilmiselv\u00e4sti toiveena ratkaisusta ahdistavana koettuun maailmantilanteeseen. N\u00e4yttelytiedotteen tekstist\u00e4 j\u00e4\u00e4 mieleen <a class=\"article-personlink\" href=\"https:\/\/www.satakunnankansa.fi\/haku\/?query=Monica%20H%C3%A4ggstr%C3%B6min\" rel=\"nofollow noopener\" target=\"_blank\">Monica H\u00e4ggstr\u00f6min<\/a> lohdullinen lause: \u201dLuonnon ja kaiken el\u00e4m\u00e4n suojeleminen luo jatkuvuutta.\u201d<\/p>\n<p class=\"article-body mb-nof-24 px-nof-16\">Kriitikon poiminta n\u00e4yttelyn helmist\u00e4 kallistuu yksiselitteisemm\u00e4n taiteen sijaan <a class=\"article-personlink\" href=\"https:\/\/www.satakunnankansa.fi\/haku\/?query=Wakako%20V%C3%A4h%C3%A4-Jaakkolan\" rel=\"nofollow noopener\" target=\"_blank\">Wakako V\u00e4h\u00e4-Jaakkolan <\/a>abstrakteihin akvarelli- ja washipaperille luotuihin akryylimaalauksiin J\u00e4rven l\u00e4mp\u00f6 ja Ensikuura. Herk\u00e4sti hengitt\u00e4vill\u00e4 maalauspinnoilla l\u00e4ik\u00e4htelee hentoinen valo. T\u00e4lt\u00e4 n\u00e4ytt\u00e4\u00e4 toivo kuviksi puettuna.<\/p>\n","protected":false},"excerpt":{"rendered":"Raumarsin gallerian ensimm\u00e4isen toimintakauden p\u00e4\u00e4tt\u00e4\u00e4 Rauman taiteilijaseuran 80-vuotisjuhlavuoden huipennus. N\u00e4yttelyss\u00e4 on mukana 21 taiteilijaa. 20.12. 12:24 Rauman taiteilijaseura:&hellip;\n","protected":false},"author":2,"featured_media":122349,"comment_status":"","ping_status":"","sticky":false,"template":"","format":"standard","meta":{"footnotes":""},"categories":[135],"tags":[389,387,388,390,137,33,31,30,80,32,394,393,391,392,109],"class_list":{"0":"post-122348","1":"post","2":"type-post","3":"status-publish","4":"format-standard","5":"has-post-thumbnail","7":"category-taiteet-ja-suunnittelu","8":"tag-arts","9":"tag-arts-and-design","10":"tag-artsanddesign","11":"tag-design","12":"tag-entertainment","13":"tag-fi","14":"tag-finland","15":"tag-finnish","16":"tag-satakunnan-kansa","17":"tag-suomi","18":"tag-suunnittelu","19":"tag-taiteet","20":"tag-taiteet-ja-suunnittelu","21":"tag-taiteetsuunnittelu","22":"tag-viihde"},"share_on_mastodon":{"url":"https:\/\/pubeurope.com\/@fi\/115757950309337488","error":""},"_links":{"self":[{"href":"https:\/\/www.europesays.com\/fi\/wp-json\/wp\/v2\/posts\/122348","targetHints":{"allow":["GET"]}}],"collection":[{"href":"https:\/\/www.europesays.com\/fi\/wp-json\/wp\/v2\/posts"}],"about":[{"href":"https:\/\/www.europesays.com\/fi\/wp-json\/wp\/v2\/types\/post"}],"author":[{"embeddable":true,"href":"https:\/\/www.europesays.com\/fi\/wp-json\/wp\/v2\/users\/2"}],"replies":[{"embeddable":true,"href":"https:\/\/www.europesays.com\/fi\/wp-json\/wp\/v2\/comments?post=122348"}],"version-history":[{"count":0,"href":"https:\/\/www.europesays.com\/fi\/wp-json\/wp\/v2\/posts\/122348\/revisions"}],"wp:featuredmedia":[{"embeddable":true,"href":"https:\/\/www.europesays.com\/fi\/wp-json\/wp\/v2\/media\/122349"}],"wp:attachment":[{"href":"https:\/\/www.europesays.com\/fi\/wp-json\/wp\/v2\/media?parent=122348"}],"wp:term":[{"taxonomy":"category","embeddable":true,"href":"https:\/\/www.europesays.com\/fi\/wp-json\/wp\/v2\/categories?post=122348"},{"taxonomy":"post_tag","embeddable":true,"href":"https:\/\/www.europesays.com\/fi\/wp-json\/wp\/v2\/tags?post=122348"}],"curies":[{"name":"wp","href":"https:\/\/api.w.org\/{rel}","templated":true}]}}