{"id":122356,"date":"2025-12-21T14:18:08","date_gmt":"2025-12-21T14:18:08","guid":{"rendered":"https:\/\/www.europesays.com\/fi\/122356\/"},"modified":"2025-12-21T14:18:08","modified_gmt":"2025-12-21T14:18:08","slug":"valtavat-mielenosoitukset-liettuassa-ilta-sanomat","status":"publish","type":"post","link":"https:\/\/www.europesays.com\/fi\/122356\/","title":{"rendered":"Valtavat mielenosoitukset Liettuassa &#8211; Ilta-Sanomat"},"content":{"rendered":"<p>Jopa 10\u202f000 ihmist\u00e4 l\u00e4htenyt kaduille.<\/p>\n<p class=\"article-body mb-nof-24 px-nof-16\">Liettuassa on osoitettu viikkoja mielt\u00e4 parlamentin uudistusta vastaan, joka muuttaisi Liettuan yleisradioyhti\u00f6n LRT:n johtajan irtisanomisen s\u00e4\u00e4nt\u00f6j\u00e4, kirjoittavat muun muassa <a class=\"article-genericlink\" href=\"https:\/\/meduza.io\/en\/feature\/2025\/12\/19\/thousands-of-lithuanians-protest-against-law-to-expand-government-control-over-state-broadcaster\" rel=\"nofollow noopener\" target=\"_blank\">Meduza<\/a> ja <a class=\"article-genericlink\" href=\"https:\/\/www.lrt.lt\/en\/news-in-english\/19\/2778336\/protests-over-media-freedom-in-lithuania-continue-here-s-what-you-need-to-know?srsltid=AfmBOoqc-D8DfYIaO--4mi1AIt9RwbqKlTZ3Jp6oHp4FoEmvtuK0uPqi\" rel=\"nofollow noopener\" target=\"_blank\">LRT<\/a>.<\/p>\n<p class=\"article-body mb-nof-24 px-nof-16\">Uudistusaikeet ovat saaneet liettualaiset kaduille, koska sen pel\u00e4t\u00e4\u00e4n kaventavan lehdist\u00f6nvapautta. Jotkut katsovat sen jopa \u201dorbanisoivan\u201d Liettuaa \u2013 viitaten Unkarin p\u00e4\u00e4ministeriin <a class=\"article-personlink\" href=\"https:\/\/www.is.fi\/haku\/?query=Viktor%20Orbaniin\" rel=\"nofollow noopener\" target=\"_blank\">Viktor Orbaniin<\/a>.<\/p>\n<p class=\"article-body mb-nof-24 px-nof-16\">Uudistuksesta huolestuneet journalistit aloittivat protestit. Meduzan mukaan mielenosoitukset ovat jatkuneet jo viikkoja.<\/p>\n<p class=\"article-body mb-nof-24 px-nof-16\">Mielenosoituksiin on osallistunut joinain p\u00e4ivin\u00e4 jopa 10\u202f000 ihmist\u00e4 tai enemm\u00e4n.<\/p>\n<p><img decoding=\"async\" src=\"https:\/\/www.europesays.com\/fi\/wp-content\/uploads\/2025\/12\/1766326687_839_468.jpg\" alt=\"Viikkoja jatkuneet mielenilmaukset ovat ker\u00e4nneet runsaasti osallistujia.\" class=\"_Img_1rerz_1\" style=\"aspect-ratio:1.5\" loading=\"eager\"\/><\/p>\n<p class=\"article-picture-caption\">Viikkoja jatkuneet mielenilmaukset ovat ker\u00e4nneet runsaasti osallistujia. Kuva:\u00a0Karoliina Redsven \/ HS<\/p>\n<p><img decoding=\"async\" src=\"https:\/\/www.europesays.com\/fi\/wp-content\/uploads\/2025\/12\/1766326688_935_468.jpg\" alt=\"Mielenosoittajia sateisessa s\u00e4\u00e4ss\u00e4.\" class=\"_Img_1rerz_1\" style=\"aspect-ratio:1.5011727912431587\" loading=\"eager\"\/><\/p>\n<p class=\"article-picture-caption\">Mielenosoittajia sateisessa s\u00e4\u00e4ss\u00e4. Kuva:\u00a0Karoliina Redsven \/ HS<\/p>\n<p class=\"article-body mb-nof-24 px-nof-16\">Liettuan parlamentti suunnittelee LRT:n johtajan irtisanomiseen muutoksia.<\/p>\n<p class=\"article-body mb-nof-24 px-nof-16\">Alkuper\u00e4isess\u00e4 uudistuksessa ehdotettiin, ett\u00e4 p\u00e4\u00e4johtajan erottamista helpotettaisiin niin, ett\u00e4 kahden kolmasosan \u00e4\u00e4nim\u00e4\u00e4r\u00e4n sijaan puolet 12-j\u00e4senisen neuvoston \u00e4\u00e4nist\u00e4 riitt\u00e4isi. My\u00f6hemm\u00e4ss\u00e4 versiossa t\u00e4m\u00e4 oli muutettu yksinkertaiseksi enemmist\u00f6ksi.<\/p>\n<p class=\"article-body mb-nof-24 px-nof-16\">Samalla erottamisen perusteita laajennettaisiin.<\/p>\n<p class=\"article-body mb-nof-24 px-nof-16\">12-paikkaisen neuvoston j\u00e4senist\u00e4 presidentti nimitt\u00e4\u00e4 nelj\u00e4 j\u00e4sent\u00e4, hallitus kaksi, oppositio kaksi ja erilaiset kansalaisj\u00e4rjest\u00f6t loput nelj\u00e4.<\/p>\n<p class=\"article-body mb-nof-24 px-nof-16\">Kriitikkojen mielest\u00e4 uudistus tehd\u00e4\u00e4n nimenomaan nykyisen p\u00e4\u00e4johtajan erottamiseksi. Kannattajat katsovat uudistuksen olevan vastaus tarkastukseen, jossa havaittiin puutteita, vaikka siin\u00e4 ei mainittu mit\u00e4\u00e4n yleisradioyhti\u00f6n johdon nimitt\u00e4misen tai erottamisen muuttamisesta, LRT kirjoittaa.<\/p>\n<p class=\"article-body mb-nof-24 px-nof-16\">Uudistusta vastustavat pelk\u00e4\u00e4v\u00e4t, ett\u00e4 sen my\u00f6t\u00e4 vallanpit\u00e4j\u00e4t voivat erottaa LRT:n johtajan l\u00e4hes mielivaltaisesti. Se taas voisi johtaa toimittajien sensurointiin, ja ajan my\u00f6t\u00e4 LRT:st\u00e4 voisi tulla vallassa olevan puolueen \u00e4\u00e4nitorvi.<\/p>\n<p class=\"article-body mb-nof-24 px-nof-16\">Lains\u00e4\u00e4t\u00e4jien oli tarkoitus k\u00e4sitell\u00e4 asiaa 18. joulukuuta, mutta \u00e4\u00e4nestys siirtyi kulttuurivaliokunnan puheenjohtajan sairastumisen takia.<\/p>\n","protected":false},"excerpt":{"rendered":"Jopa 10\u202f000 ihmist\u00e4 l\u00e4htenyt kaduille. Liettuassa on osoitettu viikkoja mielt\u00e4 parlamentin uudistusta vastaan, joka muuttaisi Liettuan yleisradioyhti\u00f6n LRT:n&hellip;\n","protected":false},"author":2,"featured_media":122357,"comment_status":"","ping_status":"","sticky":false,"template":"","format":"standard","meta":{"footnotes":""},"categories":[14],"tags":[22,23,26,27,33,31,30,17,34,24,25,28,29,15,18,21,32,19,20,56,16,59,60,61],"class_list":{"0":"post-122356","1":"post","2":"type-post","3":"status-publish","4":"format-standard","5":"has-post-thumbnail","7":"category-ulkomaat","8":"tag-breaking-news","9":"tag-breakingnews","10":"tag-featured-news","11":"tag-featurednews","12":"tag-fi","13":"tag-finland","14":"tag-finnish","15":"tag-headlines","16":"tag-ilta-sanomat","17":"tag-latest-news","18":"tag-latestnews","19":"tag-main-news","20":"tag-mainnews","21":"tag-news","22":"tag-otsikot","23":"tag-paauutiset","24":"tag-suomi","25":"tag-top-stories","26":"tag-topstories","27":"tag-ulkomaat","28":"tag-uutiset","29":"tag-world","30":"tag-world-news","31":"tag-worldnews"},"share_on_mastodon":{"url":"https:\/\/pubeurope.com\/@fi\/115757993797892160","error":""},"_links":{"self":[{"href":"https:\/\/www.europesays.com\/fi\/wp-json\/wp\/v2\/posts\/122356","targetHints":{"allow":["GET"]}}],"collection":[{"href":"https:\/\/www.europesays.com\/fi\/wp-json\/wp\/v2\/posts"}],"about":[{"href":"https:\/\/www.europesays.com\/fi\/wp-json\/wp\/v2\/types\/post"}],"author":[{"embeddable":true,"href":"https:\/\/www.europesays.com\/fi\/wp-json\/wp\/v2\/users\/2"}],"replies":[{"embeddable":true,"href":"https:\/\/www.europesays.com\/fi\/wp-json\/wp\/v2\/comments?post=122356"}],"version-history":[{"count":0,"href":"https:\/\/www.europesays.com\/fi\/wp-json\/wp\/v2\/posts\/122356\/revisions"}],"wp:featuredmedia":[{"embeddable":true,"href":"https:\/\/www.europesays.com\/fi\/wp-json\/wp\/v2\/media\/122357"}],"wp:attachment":[{"href":"https:\/\/www.europesays.com\/fi\/wp-json\/wp\/v2\/media?parent=122356"}],"wp:term":[{"taxonomy":"category","embeddable":true,"href":"https:\/\/www.europesays.com\/fi\/wp-json\/wp\/v2\/categories?post=122356"},{"taxonomy":"post_tag","embeddable":true,"href":"https:\/\/www.europesays.com\/fi\/wp-json\/wp\/v2\/tags?post=122356"}],"curies":[{"name":"wp","href":"https:\/\/api.w.org\/{rel}","templated":true}]}}