{"id":122358,"date":"2025-12-21T14:19:10","date_gmt":"2025-12-21T14:19:10","guid":{"rendered":"https:\/\/www.europesays.com\/fi\/122358\/"},"modified":"2025-12-21T14:19:10","modified_gmt":"2025-12-21T14:19:10","slug":"televisiopersoona-gordon-ramsay-lomailee-suomen-lapissa-uutisia-lyhyesti","status":"publish","type":"post","link":"https:\/\/www.europesays.com\/fi\/122358\/","title":{"rendered":"Televisiopersoona Gordon Ramsay lomailee Suomen Lapissa | Uutisia lyhyesti"},"content":{"rendered":"<p class=\"aw-1gybjub aw-5vja16 kEtdKx kmuxyA yle__article__paragraph\">Julkkiskokki juhlii Suomessa my\u00f6s h\u00e4\u00e4p\u00e4iv\u00e4\u00e4ns\u00e4.<\/p>\n<p><img decoding=\"async\" alt=\"Gordon Ramsay.\" src=\"https:\/\/www.europesays.com\/fi\/wp-content\/uploads\/2025\/12\/39-142440067b5c7e1aa482.jpeg\" class=\"aw-1l9m598 hKVVvP\"\/><\/p>\n<p>Avaa kuvien katselu<\/p>\n<p>Gordon Ramsey kuvattuna tytt\u00e4rens\u00e4 Hollyn kanssa helmikuussa Lontoossa. Kuva: Sam Bloxham \/ Getty Images<\/p>\n<p class=\"aw-1gybjub aw-1p7kakr kEtdKx cEmitX yle__article__paragraph\">Brittil\u00e4inen tunnettu tv-kokki <strong class=\"aw-ak79eh KyCXm yle__article__strong\">Gordon Ramsay<\/strong> on vierailulla Suomessa. Televisiopersoona on p\u00e4ivitt\u00e4nyt <a class=\"aw-iao6s4 iHOxEa yle__article__link\" href=\"https:\/\/www.instagram.com\/stories\/gordongram\/\" role=\"link\" rel=\"nofollow noopener\" target=\"_blank\">Instagram-tilins\u00e4 tarinoihin<\/a> tunnelmia lumisesta Lapista.<\/p>\n<p class=\"aw-1gybjub aw-1p7kakr kEtdKx cEmitX yle__article__paragraph\">Yhdess\u00e4 kuvassa taivas hehkuu vihre\u00e4n\u00e4 revontulista. Ramsay hihkuu julkaisussaan hetken mahtavuutta.<\/p>\n<p class=\"aw-1gybjub aw-1p7kakr kEtdKx cEmitX yle__article__paragraph\">Kokki on vieraillut Suomen Lapissa aikaisemminkin ja samoissa maisemissa lomailee nyt my\u00f6s h\u00e4nen tytt\u00e4rens\u00e4.<\/p>\n<p class=\"aw-1gybjub aw-1p7kakr kEtdKx cEmitX yle__article__paragraph\"><strong class=\"aw-ak79eh KyCXm yle__article__strong\">Holly Ramsay<\/strong> on p\u00e4ivitt\u00e4nyt oman sosiaalisen median tililleen <a class=\"aw-iao6s4 iHOxEa yle__article__link\" href=\"https:\/\/www.instagram.com\/p\/DSaaNKnjKtw\/?utm_source=ig_web_copy_link&amp;igsh=MzRlODBiNWFlZA==\" role=\"link\" rel=\"nofollow noopener\" target=\"_blank\">kuvia itsest\u00e4\u00e4n ja Suomesta<\/a> jo pari p\u00e4iv\u00e4\u00e4 sitten. Nainen poseeraa toppahaalarissa korkeissa nietoksissa sanaparin \u2018talven ihmemaa\u2019 ryyditt\u00e4m\u00e4n\u00e4.<\/p>\n<p class=\"aw-1gybjub aw-1p7kakr kEtdKx cEmitX yle__article__paragraph\">Vaikuttajana ty\u00f6skentelev\u00e4 Holly Ramsay lomailee lumimaisemissa tulevan aviomiehens\u00e4, huippu-uimari ja olympiavoittaja <strong class=\"aw-ak79eh KyCXm yle__article__strong\">Adam Peatyn<\/strong> kanssa.<\/p>\n<p class=\"aw-1gybjub aw-1p7kakr kEtdKx cEmitX yle__article__paragraph\">Holly Ramsay onnittelee t\u00e4n\u00e4\u00e4n <a class=\"aw-iao6s4 iHOxEa yle__article__link\" href=\"https:\/\/www.instagram.com\/stories\/hollyramsayy\/\" role=\"link\" rel=\"nofollow noopener\" target=\"_blank\">Instagram-tilins\u00e4 tarinoissa<\/a> my\u00f6s is\u00e4\u00e4ns\u00e4 ja \u00e4iti\u00e4\u00e4n heid\u00e4n 29-vuotish\u00e4\u00e4p\u00e4iv\u00e4ns\u00e4 johdosta. Onnittelukuvana on otos hymyilev\u00e4st\u00e4 h\u00e4\u00e4parista vuosien takaa.<\/p>\n<p class=\"aw-1gybjub aw-1p7kakr kEtdKx cEmitX yle__article__paragraph\">Ramsayn vierailusta ovat kertoneet aiemmin jo ainakin <a class=\"aw-iao6s4 iHOxEa yle__article__link\" href=\"https:\/\/www.mtvuutiset.fi\/artikkeli\/gordon-ramsay-suomessa\/9273290\" role=\"link\" rel=\"nofollow noopener\" target=\"_blank\">MTV uutiset<\/a> ja <a class=\"aw-iao6s4 iHOxEa yle__article__link\" href=\"https:\/\/www.is.fi\/viihde\/art-2000011707912.html\" role=\"link\" rel=\"nofollow noopener\" target=\"_blank\">Ilta-Sanomat<\/a>.<\/p>\n<p><script async src=\"\/\/www.instagram.com\/embed.js\"><\/script><\/p>\n","protected":false},"excerpt":{"rendered":"Julkkiskokki juhlii Suomessa my\u00f6s h\u00e4\u00e4p\u00e4iv\u00e4\u00e4ns\u00e4. Avaa kuvien katselu Gordon Ramsey kuvattuna tytt\u00e4rens\u00e4 Hollyn kanssa helmikuussa Lontoossa. Kuva: Sam&hellip;\n","protected":false},"author":2,"featured_media":122359,"comment_status":"","ping_status":"","sticky":false,"template":"","format":"standard","meta":{"footnotes":""},"categories":[12],"tags":[22,23,26,27,33,31,30,7339,17,440,3878,71,667,24,25,28,29,15,18,21,32,19,20,16],"class_list":{"0":"post-122358","1":"post","2":"type-post","3":"status-publish","4":"format-standard","5":"has-post-thumbnail","7":"category-suomi","8":"tag-breaking-news","9":"tag-breakingnews","10":"tag-featured-news","11":"tag-featurednews","12":"tag-fi","13":"tag-finland","14":"tag-finnish","15":"tag-gordon-ramsay","16":"tag-headlines","17":"tag-ihmiset","18":"tag-julkisuuden-henkilot","19":"tag-kotimaa","20":"tag-lappi","21":"tag-latest-news","22":"tag-latestnews","23":"tag-main-news","24":"tag-mainnews","25":"tag-news","26":"tag-otsikot","27":"tag-paauutiset","28":"tag-suomi","29":"tag-top-stories","30":"tag-topstories","31":"tag-uutiset"},"share_on_mastodon":{"url":"https:\/\/pubeurope.com\/@fi\/115757997392644984","error":""},"_links":{"self":[{"href":"https:\/\/www.europesays.com\/fi\/wp-json\/wp\/v2\/posts\/122358","targetHints":{"allow":["GET"]}}],"collection":[{"href":"https:\/\/www.europesays.com\/fi\/wp-json\/wp\/v2\/posts"}],"about":[{"href":"https:\/\/www.europesays.com\/fi\/wp-json\/wp\/v2\/types\/post"}],"author":[{"embeddable":true,"href":"https:\/\/www.europesays.com\/fi\/wp-json\/wp\/v2\/users\/2"}],"replies":[{"embeddable":true,"href":"https:\/\/www.europesays.com\/fi\/wp-json\/wp\/v2\/comments?post=122358"}],"version-history":[{"count":0,"href":"https:\/\/www.europesays.com\/fi\/wp-json\/wp\/v2\/posts\/122358\/revisions"}],"wp:featuredmedia":[{"embeddable":true,"href":"https:\/\/www.europesays.com\/fi\/wp-json\/wp\/v2\/media\/122359"}],"wp:attachment":[{"href":"https:\/\/www.europesays.com\/fi\/wp-json\/wp\/v2\/media?parent=122358"}],"wp:term":[{"taxonomy":"category","embeddable":true,"href":"https:\/\/www.europesays.com\/fi\/wp-json\/wp\/v2\/categories?post=122358"},{"taxonomy":"post_tag","embeddable":true,"href":"https:\/\/www.europesays.com\/fi\/wp-json\/wp\/v2\/tags?post=122358"}],"curies":[{"name":"wp","href":"https:\/\/api.w.org\/{rel}","templated":true}]}}