{"id":122362,"date":"2025-12-21T14:30:08","date_gmt":"2025-12-21T14:30:08","guid":{"rendered":"https:\/\/www.europesays.com\/fi\/122362\/"},"modified":"2025-12-21T14:30:08","modified_gmt":"2025-12-21T14:30:08","slug":"iphone-laitteet-kuluttavat-enemman-akkua-ios-26n-jalkeen-ja-apple-selventaa-mix-vale","status":"publish","type":"post","link":"https:\/\/www.europesays.com\/fi\/122362\/","title":{"rendered":"IPhone-laitteet kuluttavat enemm\u00e4n akkua iOS 26:n j\u00e4lkeen, ja Apple selvent\u00e4\u00e4 \u2013 Mix Vale"},"content":{"rendered":"<p>iPhone-k\u00e4ytt\u00e4j\u00e4t ymp\u00e4ri maailmaa ovat raportoineet akun kulutuksen lis\u00e4\u00e4ntymisest\u00e4 \u00e4skett\u00e4in vuonna 2025 julkaistun iOS 26 -p\u00e4ivityksen j\u00e4lkeen. Apple, joka oli tietoinen havainnoista, selvensi, ett\u00e4 t\u00e4m\u00e4 on v\u00e4liaikainen ja odotettu vaihe k\u00e4ytt\u00f6j\u00e4rjestelm\u00e4n optimointiprosessissa. Kuluttajat huolestuttava ilmi\u00f6 on perustavanlaatuinen askel kohti uusien ominaisuuksien integrointia ja suorituskyvyn parannuksia.<\/p>\n<p>Yhti\u00f6 tarkensi, ett\u00e4 muutaman ensimm\u00e4isen p\u00e4iv\u00e4n aikana uuden ohjelmiston asentamisen j\u00e4lkeen iPhonet tekev\u00e4t optimoinnit taustalla. Essas-teht\u00e4viin kuuluu tiedostojen indeksointi, sovellusten mukauttaminen ja j\u00e4rjestelm\u00e4asetusten s\u00e4\u00e4t\u00e4minen toimimaan tehokkaasti.<\/p>\n<p><img loading=\"lazy\" onerror=\"this.onerror=null;this.src=\" https:=\"\" decoding=\"async\" width=\"1280\" height=\"720\" src=\"https:\/\/www.mixvale.com.br\/wp-content\/uploads\/2025\/09\/iOS-26-3.jpg.avif\" alt=\"iOS 26\" class=\"wp-image-2623190\"  \/>iOS 26 \u2013 \u5199\u771f: kurgenc \/ Shutterstock.com<\/p>\n<p>[[_0]<\/p>\n<p>[[_0]<\/p>\n<p>[[_0]<\/p>\n<p>[\u304a\u6c17\u306b\u5165\u308a]<\/p>\n<p>[\u6700\u8fd1]<\/p>\n<p>[\u8a2d\u5b9a]<\/p>\n<p>[\u30bd\u30d5\u30c8\u30a6\u30a7\u30a2\u30a2\u30c3\u30d7\u30c7\u30fc\u30c8]<\/p>\n<p>[\u8a2d\u5b9a]<\/p>\n<p>[\u4e00\u822c]<\/p>\n<p>[\u30bd\u30d5\u30c8\u30a6\u30a7\u30a2 \u30a2\u30c3\u30d7\u30c7\u30fc\u30c8]<\/p>\n<p>T\u00e4m\u00e4 sopeutumisaika on ratkaisevan t\u00e4rke\u00e4 laitteiden pitk\u00e4n aikav\u00e4lin vakauden ja suorituskyvyn varmistamiseksi, vaikka se v\u00e4liaikaisesti vaikuttaisi akun k\u00e4ytt\u00f6ik\u00e4\u00e4n.<\/p>\n<p>Alkuoptimointi ja energiavaikutus<\/p>\n<p>P\u00e4ivityksen j\u00e4lkeen iOS 26:een k\u00e4ytt\u00e4j\u00e4t voivat huomata jopa 20 % enemm\u00e4n akun kulutusta muutaman ensimm\u00e4isen p\u00e4iv\u00e4n aikana. Este-piikki johtuu intensiivisest\u00e4 j\u00e4rjestelm\u00e4n optimointiprosessista, jossa iPhone indeksoi tiedostoja, p\u00e4ivitt\u00e4\u00e4 sovelluksia ja s\u00e4\u00e4t\u00e4\u00e4 asetuksia uudelleen uutta k\u00e4ytt\u00f6ymp\u00e4rist\u00f6\u00e4 varten.<\/p>\n<p>T\u00e4m\u00e4 alkuty\u00f6 on v\u00e4ltt\u00e4m\u00e4t\u00f6nt\u00e4 laitteen maksimaalisen tehokkuuden ja vakauden kannalta. Apple korostaa, ett\u00e4 t\u00e4m\u00e4n vaiheen p\u00e4\u00e4tytty\u00e4 akun autonomian pit\u00e4isi palata odotettuun tasoon ja monissa tapauksissa jopa parantua.<\/p>\n<p>Apple Intelligence: iOS 26:n syd\u00e4n<\/p>\n<p>Apple Intelligence, iOS 26:n suuri uusi ominaisuus, edustaa merkitt\u00e4v\u00e4\u00e4 edistyst\u00e4 tapaa, jolla iPhonet k\u00e4sittelev\u00e4t tietoja. Grande osa teko\u00e4lyn k\u00e4sittelyst\u00e4 tapahtuu itse laitteessa, mik\u00e4 lis\u00e4\u00e4 yksityisyytt\u00e4 ja energiatehokkuutta. Este uusi j\u00e4rjestelm\u00e4 on suunniteltu ymm\u00e4rt\u00e4m\u00e4\u00e4n k\u00e4ytt\u00e4j\u00e4n kontekstia ja tarjoamaan ennakoivaa ja henkil\u00f6kohtaista apua.<\/p>\n<p>Sen ominaisuudet kattavat useita alueita ja muuttavat p\u00e4ivitt\u00e4isen vuorovaikutuksen \u00e4lypuhelimien kanssa intuitiivisella ja turvallisella tavalla. Ela hy\u00f6dynt\u00e4\u00e4 paikallista prosessointitehoa suojatakseen k\u00e4ytt\u00e4j\u00e4tietoja ja varmistaakseen \u00e4lykk\u00e4\u00e4mm\u00e4n ja luotettavamman k\u00e4ytt\u00f6kokemuksen.<\/p>\n<p>Uusi teko\u00e4ly tarjoaa ominaisuuksia, jotka integroituvat t\u00e4ydellisesti Apple-ekosysteemiin ja tarjoavat sujuvamman ja \u00e4lykk\u00e4\u00e4mm\u00e4n k\u00e4ytt\u00f6kokemuksen.<\/p>\n<li>Reaaliaikainen tekstin transkriptio yli 10 kielell\u00e4 sovelluksille, kuten Mensagens ja FaceTime.<\/li>\n<li>Optimoitu s\u00e4hk\u00f6postin hallinta automaattisella luokittelulla ja \u00e4lykk\u00e4ill\u00e4 ehdotuksilla.<\/li>\n<li>Asiayhteyteen liittyvi\u00e4 ehdotuksia chateille ja s\u00e4hk\u00f6posteille, kuten pikavastausehdotukset tai tapahtumien lis\u00e4\u00e4minen kalenteriin.<\/li>\n<li>Parannettu yksityisyyden integrointi ChatGPT:n kanssa.<\/li>\n<p>Lis\u00e4ksi virrans\u00e4\u00e4st\u00f6tila voidaan aktivoida automaattisesti, mik\u00e4 auttaa v\u00e4hent\u00e4m\u00e4\u00e4n akun kulutusta jopa 15 % alkuoptimointijakson aikana.<\/p>\n<p>Aloitusn\u00e4yt\u00f6n uudelleensuunnittelu ja parannettu vuorovaikutus<\/p>\n<p>iOS 26:n my\u00f6t\u00e4 iPhonen lukitusn\u00e4ytt\u00f6 on suunniteltu kokonaan uudelleen, ja se sis\u00e4lt\u00e4\u00e4 uusia 3D-liiketehosteita ja muokattavia dynaamisia widgetej\u00e4. Essas-muokkausvaihtoehdot antavat k\u00e4ytt\u00e4jille mahdollisuuden m\u00e4\u00e4ritt\u00e4\u00e4 laitteensa ilmeikk\u00e4\u00e4mm\u00e4ksi ja toimivammaksi.<\/p>\n<p>Sovelluskuvakkeet ja viestikeskus saivat my\u00f6s visuaalisen p\u00e4ivityksen, joka esitti selke\u00e4mm\u00e4n ja interaktiivisemman ilmeen. Essa esteettinen elvytys pyrkii tarjoamaan kiinnostavamman ja intuitiivisemman k\u00e4ytt\u00f6kokemuksen, mik\u00e4 helpottaa p\u00e4\u00e4sy\u00e4 t\u00e4rkeisiin tietoihin.<\/p>\n<p>Elementit, kuten \u00e4lykk\u00e4\u00e4t pino-widgetit ja Central- ja Controle-painikkeet, on optimoitu tarjoamaan sujuvamman ja reagoivamman k\u00e4ytt\u00f6kokemuksen. Navigointi muuttuu ketter\u00e4mm\u00e4ksi ja muokattavammaksi, mik\u00e4 parantaa k\u00e4ytt\u00f6j\u00e4rjestelm\u00e4n yleist\u00e4 k\u00e4ytett\u00e4vyytt\u00e4.<\/p>\n<p>Parempi tuottavuus ja viestint\u00e4<\/p>\n<p>IOS 26:n viestint\u00e4parannukset ovat huomattavia, erityisesti reaaliaikaisen tekstin transkriptiolla Mensagens:ss\u00e4 ja FaceTimessa, joka tukee nyt yli kymment\u00e4 kielt\u00e4. Essa-toiminnallisuus on monikielisten ymp\u00e4rist\u00f6jen erottaja, mik\u00e4 helpottaa vuorovaikutusta ja ymm\u00e4rt\u00e4mist\u00e4. J\u00e4rjestelm\u00e4 tarjoaa \u00e4lykk\u00e4it\u00e4 ehdotuksia ja automaattisia toimintoja, kuten keskusteluissa mainittujen tapahtumien sis\u00e4llytt\u00e4mist\u00e4 suoraan kalenteriin, mik\u00e4 optimoi k\u00e4ytt\u00e4j\u00e4n ty\u00f6nkulkua.<\/p>\n<p>Mahdollisuus luoda Genmoji, mukautettuja hymi\u00f6it\u00e4 tekstikuvauksista ja Image Playground, joka luo kuvia kehotteiden perusteella, vie personoinnin ja luovuuden uudelle tasolle. Essas-ty\u00f6kalut k\u00e4sitell\u00e4\u00e4n itse laitteessa, mik\u00e4 takaa tietosuojan. Aplicativos sek\u00e4 Calend\u00e1rio, Lembretes ja Mail on my\u00f6s p\u00e4ivitetty, mik\u00e4 lis\u00e4\u00e4 p\u00e4ivitt\u00e4ist\u00e4 tuottavuutta ja optimoi s\u00e4hk\u00f6postin hallintaa.<\/p>\n<p>Uusia ominaisuuksia Apple-sovelluksissa<\/p>\n<p>Apple Music integroi teko\u00e4lyn sulaviin siirtymiin ja AutoMixin, joka simuloi DJ:t\u00e4. No Apple Mapas, k\u00e4ydyt paikat tallennetaan ja optimoituja reittej\u00e4 ehdotetaan. Carteira esittelee osamaksut Apple Pay:n kautta ja n\u00e4ytt\u00e4\u00e4 ajantasaiset saldot, mik\u00e4 yksinkertaistaa rahoitustapahtumia ja digitaalista lippujen hallintaa. Apple Games parantaa nimikkeiden ja alustan integrointia, mik\u00e4 helpottaa uusien pelien k\u00e4ytt\u00f6\u00e4. AirPodit toimivat iPhone-kameran kaukos\u00e4\u00e4timen\u00e4, tarjoavat parannetun tila\u00e4\u00e4nen ja varmistavat sulavan integraation Apple-ekosysteemiin, mik\u00e4 parantaa multimediakokemusta ja liitett\u00e4vyytt\u00e4.<\/p>\n<p>Yhteensopivuus ja p\u00e4ivitysprosessi<\/p>\n<p>iOS 26:n asentaminen edellytt\u00e4\u00e4, ett\u00e4 sinulla on iPhone 11 tai uudempi malli. Contudo, jotkin Apple Intelligence:n edistyneet ominaisuudet ovat yksinoikeudella iPhone 16:ssa ja tulevissa julkaisuissa. P\u00e4ivitysprosessi on yksinkertainen. Voit ladata ja asentaa uuden version k\u00e4ytt\u00e4m\u00e4ll\u00e4 \u201cAsetukset\u201d, \u201cYleiset\u201d ja \u201cSoftware Update\u201d -kohteita. Aiempaa varmuuskopiointia suositellaan.<\/p>\n","protected":false},"excerpt":{"rendered":"iPhone-k\u00e4ytt\u00e4j\u00e4t ymp\u00e4ri maailmaa ovat raportoineet akun kulutuksen lis\u00e4\u00e4ntymisest\u00e4 \u00e4skett\u00e4in vuonna 2025 julkaistun iOS 26 -p\u00e4ivityksen j\u00e4lkeen. Apple, joka&hellip;\n","protected":false},"author":2,"featured_media":122363,"comment_status":"","ping_status":"","sticky":false,"template":"","format":"standard","meta":{"footnotes":""},"categories":[86],"tags":[420,33,31,30,421,32,91,92],"class_list":{"0":"post-122362","1":"post","2":"type-post","3":"status-publish","4":"format-standard","5":"has-post-thumbnail","7":"category-laitteet","8":"tag-equipment","9":"tag-fi","10":"tag-finland","11":"tag-finnish","12":"tag-laitteet","13":"tag-suomi","14":"tag-technology","15":"tag-teknologia"},"share_on_mastodon":{"url":"https:\/\/pubeurope.com\/@fi\/115758040639959303","error":""},"_links":{"self":[{"href":"https:\/\/www.europesays.com\/fi\/wp-json\/wp\/v2\/posts\/122362","targetHints":{"allow":["GET"]}}],"collection":[{"href":"https:\/\/www.europesays.com\/fi\/wp-json\/wp\/v2\/posts"}],"about":[{"href":"https:\/\/www.europesays.com\/fi\/wp-json\/wp\/v2\/types\/post"}],"author":[{"embeddable":true,"href":"https:\/\/www.europesays.com\/fi\/wp-json\/wp\/v2\/users\/2"}],"replies":[{"embeddable":true,"href":"https:\/\/www.europesays.com\/fi\/wp-json\/wp\/v2\/comments?post=122362"}],"version-history":[{"count":0,"href":"https:\/\/www.europesays.com\/fi\/wp-json\/wp\/v2\/posts\/122362\/revisions"}],"wp:featuredmedia":[{"embeddable":true,"href":"https:\/\/www.europesays.com\/fi\/wp-json\/wp\/v2\/media\/122363"}],"wp:attachment":[{"href":"https:\/\/www.europesays.com\/fi\/wp-json\/wp\/v2\/media?parent=122362"}],"wp:term":[{"taxonomy":"category","embeddable":true,"href":"https:\/\/www.europesays.com\/fi\/wp-json\/wp\/v2\/categories?post=122362"},{"taxonomy":"post_tag","embeddable":true,"href":"https:\/\/www.europesays.com\/fi\/wp-json\/wp\/v2\/tags?post=122362"}],"curies":[{"name":"wp","href":"https:\/\/api.w.org\/{rel}","templated":true}]}}