{"id":122368,"date":"2025-12-21T14:38:07","date_gmt":"2025-12-21T14:38:07","guid":{"rendered":"https:\/\/www.europesays.com\/fi\/122368\/"},"modified":"2025-12-21T14:38:07","modified_gmt":"2025-12-21T14:38:07","slug":"nyt-tuli-lupa-herkutella-joulupoydassa-rasvaisesta-juustosta-loytyi-terveysetu","status":"publish","type":"post","link":"https:\/\/www.europesays.com\/fi\/122368\/","title":{"rendered":"Nyt tuli lupa herkutella joulup\u00f6yd\u00e4ss\u00e4 &#8211; rasvaisesta juustosta l\u00f6ytyi terveysetu"},"content":{"rendered":"<p>Neurology-lehdess\u00e4 joulukuussa 2025 julkaistu ruotsalaistutkimus tuo erikoisempaa kulmaa rasvaisten juustojen ja kerman nauttimiseen. Tutkimuksessa seurattiin yli 27 000 ruotsalaista per\u00e4ti 25 vuoden ajan.<\/p>\n<p>Tutkimustulokset viittaavat siihen, ett\u00e4 runsasrasvainen juusto ja kerma ovat yhteydess\u00e4 pienemp\u00e4\u00e4n dementiariskiin, kun taas kevytversioilla ei havaittu vastaavaa vaikutusta.<\/p>\n<p>Tutkijat havaitsivat, ett\u00e4 enemm\u00e4n runsasrasvaista juustoa sy\u00f6vill\u00e4 oli 13 prosenttia pienempi riski sairastua dementiaan verrattuna niihin, jotka s\u00f6iv\u00e4t sit\u00e4 v\u00e4hemm\u00e4n. Enemm\u00e4n sy\u00f6viin laskettiin 50 grammaa eli muutaman viipaleen p\u00e4iv\u00e4ss\u00e4 sy\u00f6v\u00e4t henkil\u00f6t.<\/p>\n<p>Lue my\u00f6s: <a href=\"https:\/\/www.voice.fi\/hyvinvointi\/asiantuntijoilta-varoitus-suomessa-yleisesta-kipulaakkeesta-voi-olla-enemman-haittaa-kuin-hyotya\" title=\"Asiantuntijoilta varoitus: Suomessa yleisest\u00e4 kipul\u00e4\u00e4kkeest\u00e4 voi olla enemm\u00e4n haittaa kuin hy\u00f6ty\u00e4\" class=\"underline-custom !font-montserrat !font-bold !underline-offset-4 !decoration-4 !decoration-tilt-light !text-md\" rel=\"nofollow noopener\" target=\"_blank\">Asiantuntijoilta varoitus: Suomessa yleisest\u00e4 kipul\u00e4\u00e4kkeest\u00e4 voi olla enemm\u00e4n haittaa kuin hy\u00f6ty\u00e4<\/a><\/p>\n<p>Erityisen selv\u00e4 yhteys n\u00e4kyi verisuoniper\u00e4isess\u00e4 dementiassa, jossa runsasrasvaista juustoa sy\u00f6vill\u00e4 riski oli jopa 29 prosenttia pienempi.<\/p>\n<p>My\u00f6s kermasta oli hy\u00f6ty\u00e4 dementian torjunnassa. 20 gramman p\u00e4ivitt\u00e4inen k\u00e4ytt\u00f6, eli noin puolitoista ruokalusikallista, oli yhteydess\u00e4 16 prosenttia pienemp\u00e4\u00e4n sairastumisriskiin.<\/p>\n<p>Tutkimuksessa rasvaisilla juustoilla tarkoitettiin tuotteita, joiden rasvaprosentti on yli 20. Rasvaisella kermalla viitattiin 30\u201340 rasvaprosentin kermatuotteisiin.<\/p>\n<p>Tutkimuksessa havaittiin kenties yll\u00e4tt\u00e4v\u00e4 asia. Vastaavaa suojavaikutusta ei huomattu v\u00e4h\u00e4rasvaisilla juustoilla, maidolla, voilla tai hapanmaitotuotteilla kuten jogurtilla tai kefiirill\u00e4.<\/p>\n<p>Joulun herkkuja voinee nauttia t\u00e4m\u00e4n tutkimuksen valossa hiukan paremmalla omallatunnolla. Kovassa rasvassa on kuitenkin my\u00f6s terveyshaittoja, joten jouluisia herkkutunnelmia ei kannattane venytt\u00e4\u00e4 koko vuoden mittaiseksi.<\/p>\n<p>Lue my\u00f6s: <a href=\"https:\/\/www.voice.fi\/hyvinvointi\/rakastettu-herkku-voi-hidastaa-ikaantymista-mahdollisuus-terveempaan-ja-pidempaan-elamaan\" title=\"Rakastettu herkku voi hidastaa ik\u00e4\u00e4ntymist\u00e4 \u2013 \u201dmahdollisuus terveemp\u00e4\u00e4n ja pidemp\u00e4\u00e4n el\u00e4m\u00e4\u00e4n\u201d\" class=\"underline-custom !font-montserrat !font-bold !underline-offset-4 !decoration-4 !decoration-tilt-light !text-md\" rel=\"nofollow noopener\" target=\"_blank\">Rakastettu herkku voi hidastaa ik\u00e4\u00e4ntymist\u00e4 \u2013 \u201dmahdollisuus terveemp\u00e4\u00e4n ja pidemp\u00e4\u00e4n el\u00e4m\u00e4\u00e4n\u201d<\/a><\/p>\n<p>Lue my\u00f6s: <a href=\"https:\/\/www.voice.fi\/hyvinvointi\/hiirikoe-nuorten-veri-voi-suojata-yleiselta-sairaudelta-verensiirrolla-nuorelta-iakkaalle-hyvia-vaikutuksia\" title=\"Hiirikoe: Nuorten veri voi suojata yleiselt\u00e4 sairaudelta \u2013 verensiirrolla nuorelta i\u00e4kk\u00e4\u00e4lle hyvi\u00e4 vaikutuksia\" class=\"underline-custom !font-montserrat !font-bold !underline-offset-4 !decoration-4 !decoration-tilt-light !text-md\" rel=\"nofollow noopener\" target=\"_blank\">Hiirikoe: Nuorten veri voi suojata yleiselt\u00e4 sairaudelta \u2013 verensiirrolla nuorelta i\u00e4kk\u00e4\u00e4lle hyvi\u00e4 vaikutuksia<\/a><\/p>\n<p>Lue my\u00f6s: <a href=\"https:\/\/www.voice.fi\/hyvinvointi\/syovan-ja-hiusten-harmaantumisen-valilta-loytyi-yhteys\" title=\"Sy\u00f6v\u00e4n ja hiusten harmaantumisen v\u00e4lilt\u00e4 l\u00f6ytyi yhteys\" class=\"underline-custom !font-montserrat !font-bold !underline-offset-4 !decoration-4 !decoration-tilt-light !text-md\" rel=\"nofollow noopener\" target=\"_blank\">Sy\u00f6v\u00e4n ja hiusten harmaantumisen v\u00e4lilt\u00e4 l\u00f6ytyi yhteys<\/a><\/p>\n<p>L\u00e4hde: <a href=\"https:\/\/www.news-medical.net\/news\/20251217\/Eating-high-fat-cheese-and-cream-may-be-linked-to-lower-dementia-risk.aspx\" target=\"_blank\" rel=\"noreferrer noopener nofollow\">News-Medical<\/a><\/p>\n","protected":false},"excerpt":{"rendered":"Neurology-lehdess\u00e4 joulukuussa 2025 julkaistu ruotsalaistutkimus tuo erikoisempaa kulmaa rasvaisten juustojen ja kerman nauttimiseen. Tutkimuksessa seurattiin yli 27 000&hellip;\n","protected":false},"author":2,"featured_media":122369,"comment_status":"","ping_status":"","sticky":false,"template":"","format":"standard","meta":{"footnotes":""},"categories":[165],"tags":[33,31,30,166,11411,21983,32,167,472],"class_list":{"0":"post-122368","1":"post","2":"type-post","3":"status-publish","4":"format-standard","5":"has-post-thumbnail","7":"category-terveys","8":"tag-fi","9":"tag-finland","10":"tag-finnish","11":"tag-health","12":"tag-juusto","13":"tag-ketogeeninen-ruokavalio","14":"tag-suomi","15":"tag-terveys","16":"tag-tutkimus"},"share_on_mastodon":{"url":"https:\/\/pubeurope.com\/@fi\/115758072488222457","error":""},"_links":{"self":[{"href":"https:\/\/www.europesays.com\/fi\/wp-json\/wp\/v2\/posts\/122368","targetHints":{"allow":["GET"]}}],"collection":[{"href":"https:\/\/www.europesays.com\/fi\/wp-json\/wp\/v2\/posts"}],"about":[{"href":"https:\/\/www.europesays.com\/fi\/wp-json\/wp\/v2\/types\/post"}],"author":[{"embeddable":true,"href":"https:\/\/www.europesays.com\/fi\/wp-json\/wp\/v2\/users\/2"}],"replies":[{"embeddable":true,"href":"https:\/\/www.europesays.com\/fi\/wp-json\/wp\/v2\/comments?post=122368"}],"version-history":[{"count":0,"href":"https:\/\/www.europesays.com\/fi\/wp-json\/wp\/v2\/posts\/122368\/revisions"}],"wp:featuredmedia":[{"embeddable":true,"href":"https:\/\/www.europesays.com\/fi\/wp-json\/wp\/v2\/media\/122369"}],"wp:attachment":[{"href":"https:\/\/www.europesays.com\/fi\/wp-json\/wp\/v2\/media?parent=122368"}],"wp:term":[{"taxonomy":"category","embeddable":true,"href":"https:\/\/www.europesays.com\/fi\/wp-json\/wp\/v2\/categories?post=122368"},{"taxonomy":"post_tag","embeddable":true,"href":"https:\/\/www.europesays.com\/fi\/wp-json\/wp\/v2\/tags?post=122368"}],"curies":[{"name":"wp","href":"https:\/\/api.w.org\/{rel}","templated":true}]}}