{"id":122374,"date":"2025-12-21T14:43:15","date_gmt":"2025-12-21T14:43:15","guid":{"rendered":"https:\/\/www.europesays.com\/fi\/122374\/"},"modified":"2025-12-21T14:43:15","modified_gmt":"2025-12-21T14:43:15","slug":"ranska-rakentaa-uuden-lentotukialuksen-mtv-uutiset","status":"publish","type":"post","link":"https:\/\/www.europesays.com\/fi\/122374\/","title":{"rendered":"Ranska rakentaa uuden lentotukialuksen | MTV Uutiset"},"content":{"rendered":"<p><strong class=\"typography-bold\">Ranska aikoo rakentaa uuden lentotukialuksen vahvistaakseen merivoimiaan.<\/strong><\/p>\n<p>Ranskan presidentti <strong class=\"typography-bold\">Emmanuel Macron <\/strong>kertoi lentotukialuksen rakentamisen aloittamisesta Ranskan joukoille sotilastukikohdassa Abu Dhabissa. Aiheesta uutisoi uutistoimisto Reuters.<\/p>\n<p>\u2013 P\u00e4\u00e4t\u00f6s k\u00e4ynnist\u00e4\u00e4 t\u00e4m\u00e4 laaja projekti tehtiin t\u00e4ll\u00e4 viikolla, Macron kertoi joukoille.<\/p>\n","protected":false},"excerpt":{"rendered":"Ranska aikoo rakentaa uuden lentotukialuksen vahvistaakseen merivoimiaan. Ranskan presidentti Emmanuel Macron kertoi lentotukialuksen rakentamisen aloittamisesta Ranskan joukoille sotilastukikohdassa&hellip;\n","protected":false},"author":2,"featured_media":122375,"comment_status":"","ping_status":"","sticky":false,"template":"","format":"standard","meta":{"footnotes":""},"categories":[76],"tags":[79,77,33,31,30,32,78],"class_list":{"0":"post-122374","1":"post","2":"type-post","3":"status-publish","4":"format-standard","5":"has-post-thumbnail","7":"category-talous","8":"tag-business","9":"tag-economy","10":"tag-fi","11":"tag-finland","12":"tag-finnish","13":"tag-suomi","14":"tag-talous"},"share_on_mastodon":{"url":"https:\/\/pubeurope.com\/@fi\/115758091845803086","error":""},"_links":{"self":[{"href":"https:\/\/www.europesays.com\/fi\/wp-json\/wp\/v2\/posts\/122374","targetHints":{"allow":["GET"]}}],"collection":[{"href":"https:\/\/www.europesays.com\/fi\/wp-json\/wp\/v2\/posts"}],"about":[{"href":"https:\/\/www.europesays.com\/fi\/wp-json\/wp\/v2\/types\/post"}],"author":[{"embeddable":true,"href":"https:\/\/www.europesays.com\/fi\/wp-json\/wp\/v2\/users\/2"}],"replies":[{"embeddable":true,"href":"https:\/\/www.europesays.com\/fi\/wp-json\/wp\/v2\/comments?post=122374"}],"version-history":[{"count":0,"href":"https:\/\/www.europesays.com\/fi\/wp-json\/wp\/v2\/posts\/122374\/revisions"}],"wp:featuredmedia":[{"embeddable":true,"href":"https:\/\/www.europesays.com\/fi\/wp-json\/wp\/v2\/media\/122375"}],"wp:attachment":[{"href":"https:\/\/www.europesays.com\/fi\/wp-json\/wp\/v2\/media?parent=122374"}],"wp:term":[{"taxonomy":"category","embeddable":true,"href":"https:\/\/www.europesays.com\/fi\/wp-json\/wp\/v2\/categories?post=122374"},{"taxonomy":"post_tag","embeddable":true,"href":"https:\/\/www.europesays.com\/fi\/wp-json\/wp\/v2\/tags?post=122374"}],"curies":[{"name":"wp","href":"https:\/\/api.w.org\/{rel}","templated":true}]}}