{"id":122393,"date":"2025-12-21T15:10:08","date_gmt":"2025-12-21T15:10:08","guid":{"rendered":"https:\/\/www.europesays.com\/fi\/122393\/"},"modified":"2025-12-21T15:10:08","modified_gmt":"2025-12-21T15:10:08","slug":"ei-ole-selvaa-kuka-aloitti-ukrainan-sodan","status":"publish","type":"post","link":"https:\/\/www.europesays.com\/fi\/122393\/","title":{"rendered":"Ei ole selv\u00e4\u00e4, kuka aloitti Ukrainan sodan"},"content":{"rendered":"<p>Unkarin p\u00e4\u00e4ministeri Viktor Orb\u00e1n m\u00f6l\u00e4ytt\u00e4\u00e4 j\u00e4lleen Kremli\u00e4 my\u00f6t\u00e4ilevi\u00e4 n\u00e4kemyksi\u00e4.<\/p>\n<p><img decoding=\"async\" class=\"image image-show image-preview\" src=\"https:\/\/www.europesays.com\/fi\/wp-content\/uploads\/2025\/12\/1836d6d30ed81586eca172bef38a13e28836ce21d2e273cc930fe21a480166b4.jpg\" alt=\"\"\/><img decoding=\"async\" class=\"image image-show\" src=\"https:\/\/www.europesays.com\/fi\/wp-content\/uploads\/2025\/12\/1766329808_951_1836d6d30ed81586eca172bef38a13e28836ce21d2e273cc930fe21a480166b4.jpg\" alt=\"\"\/><\/p>\n<p>Viktor Orb\u00e1n on ep\u00e4varma siit\u00e4, kuka aloitti Ukrainan sodan. EPA \/ AOP<\/p>\n<p class=\"paragraph\">Ven\u00e4j\u00e4-mielisist\u00e4 ulostuloistaan ja politiikastaan tunnetuksi tullut Unkarin p\u00e4\u00e4ministeri <a href=\"https:\/\/www.iltalehti.fi\/henkilot\/Viktor Orb\u00e1n\" class=\"article-link-person-page\" rel=\"nofollow noopener\" target=\"_blank\">Viktor Orb\u00e1n<\/a> sanoo, ett\u00e4 Ukrainan sodan aloittaja on ep\u00e4selv\u00e4.<\/p>\n<p class=\"paragraph\">Orb\u00e1n esitti kommenttinsa perjantaina Eurooppa-neuvoston huippukokouksen j\u00e4lkeen.  H\u00e4nen kommenteistaan kertoo muun muassa verkkolehti Politico.<\/p>\n<p class=\"paragraph\">Orb\u00e1n selitti, ett\u00e4 EU-johtajat perustelevat Ukrainan tukemista kertomalla tarinaa pienest\u00e4 maasta, jota vastaan on hy\u00f6k\u00e4tty.<\/p>\n<p class=\"paragraph\">\u2013 Ukraina ei ole kovin pieni maa, eik\u00e4 ole edes selv\u00e4\u00e4, kuka hy\u00f6kk\u00e4si ket\u00e4 vastaan. Joka tapauksessa kyse on maasta, joka on joutunut v\u00e4kivallan kohteeksi, h\u00e4n sanoi.<\/p>\n<p class=\"paragraph\">Orb\u00e1nin puheet ovat t\u00e4ysin linjassa Ven\u00e4j\u00e4n presidentti <a href=\"https:\/\/www.iltalehti.fi\/henkilot\/Vladimir Putin\" class=\"article-link-person-page\" rel=\"nofollow noopener\" target=\"_blank\">Vladimir Putinin<\/a> v\u00e4itteiden kanssa.<\/p>\n<p class=\"paragraph\">Perjantaina vuosittaisessa propagandamaratonissaan Putin sanoi, ettei Ven\u00e4j\u00e4 ole vastuussa sodassa aiheuttamista kuolemista, koska Ven\u00e4j\u00e4 ei h\u00e4nen mukaansa sit\u00e4 aloittanut.<\/p>\n<p class=\"paragraph\">Ukrainan ulkoministeri <a href=\"https:\/\/www.iltalehti.fi\/henkilot\/Andri Sybiha\" class=\"article-link-person-page\" rel=\"nofollow noopener\" target=\"_blank\">Andri Sybiha<\/a> reagoi Orb\u00e1nin lausuntoihin nopeasti. H\u00e4n vertasi Unkarin nykyjohdon suhtautumista vuoteen 1939, ja sanoi, ett\u00e4 sodan aloittajan ep\u00e4selvyys on yht\u00e4 \u201dep\u00e4selv\u00e4\u201d kuin se oli tuolloin Unkarin johdolle.<\/p>\n<p>Ukrainan romahdus olisi katastrofi<\/p>\n<p class=\"paragraph\">Lauantaina Orb\u00e1n puolestaan piti puheen, jossa painotti rauhan merkityst\u00e4 Ukrainassa.<\/p>\n<p class=\"paragraph\">\u2013 \u00c4lk\u00e4\u00e4 erehtyk\u00f6: Ukrainan romahdus olisi Unkarille katastrofi. Naapurimaan vakaudella on merkityst\u00e4, h\u00e4n <a href=\"https:\/\/x.com\/PM_ViktorOrban\/status\/2002442786931355872\" target=\"_blank\" rel=\"noopener nofollow\">sanoi<\/a> X:ss\u00e4.<\/p>\n<p class=\"paragraph\">Orb\u00e1nin mukaan Unkari toimittaa Ukrainalle 44 prosenttia sen s\u00e4hk\u00f6st\u00e4 ja 58 prosenttia  kaasusta.<\/p>\n<p class=\"paragraph\">\u2013 Samaan aikaan sota heikent\u00e4\u00e4 Ukrainaa p\u00e4iv\u00e4 p\u00e4iv\u00e4lt\u00e4. Rauha on ainoa asia, joka voi vahvistaa sit\u00e4. Jokaisen, joka todella seisoo Ukrainan rinnalla, t\u00e4ytyy haluta rauhaa \u2013 ja haluta sit\u00e4 nyt, h\u00e4n sanoi.<\/p>\n","protected":false},"excerpt":{"rendered":"Unkarin p\u00e4\u00e4ministeri Viktor Orb\u00e1n m\u00f6l\u00e4ytt\u00e4\u00e4 j\u00e4lleen Kremli\u00e4 my\u00f6t\u00e4ilevi\u00e4 n\u00e4kemyksi\u00e4. Viktor Orb\u00e1n on ep\u00e4varma siit\u00e4, kuka aloitti Ukrainan sodan.&hellip;\n","protected":false},"author":2,"featured_media":122394,"comment_status":"","ping_status":"","sticky":false,"template":"","format":"standard","meta":{"footnotes":""},"categories":[14],"tags":[35,22,23,26,27,33,31,30,17,24,25,28,29,15,18,21,142,637,144,32,19,20,56,16,1262,1665,59,60,61],"class_list":{"0":"post-122393","1":"post","2":"type-post","3":"status-publish","4":"format-standard","5":"has-post-thumbnail","7":"category-ulkomaat","8":"tag-24h","9":"tag-breaking-news","10":"tag-breakingnews","11":"tag-featured-news","12":"tag-featurednews","13":"tag-fi","14":"tag-finland","15":"tag-finnish","16":"tag-headlines","17":"tag-latest-news","18":"tag-latestnews","19":"tag-main-news","20":"tag-mainnews","21":"tag-news","22":"tag-otsikot","23":"tag-paauutiset","24":"tag-poliitikot","25":"tag-politiikka","26":"tag-presidentti","27":"tag-suomi","28":"tag-top-stories","29":"tag-topstories","30":"tag-ulkomaat","31":"tag-uutiset","32":"tag-venajan-politiikka","33":"tag-venalaiset-poliitikot","34":"tag-world","35":"tag-world-news","36":"tag-worldnews"},"share_on_mastodon":{"url":"https:\/\/pubeurope.com\/@fi\/115758197899253316","error":""},"_links":{"self":[{"href":"https:\/\/www.europesays.com\/fi\/wp-json\/wp\/v2\/posts\/122393","targetHints":{"allow":["GET"]}}],"collection":[{"href":"https:\/\/www.europesays.com\/fi\/wp-json\/wp\/v2\/posts"}],"about":[{"href":"https:\/\/www.europesays.com\/fi\/wp-json\/wp\/v2\/types\/post"}],"author":[{"embeddable":true,"href":"https:\/\/www.europesays.com\/fi\/wp-json\/wp\/v2\/users\/2"}],"replies":[{"embeddable":true,"href":"https:\/\/www.europesays.com\/fi\/wp-json\/wp\/v2\/comments?post=122393"}],"version-history":[{"count":0,"href":"https:\/\/www.europesays.com\/fi\/wp-json\/wp\/v2\/posts\/122393\/revisions"}],"wp:featuredmedia":[{"embeddable":true,"href":"https:\/\/www.europesays.com\/fi\/wp-json\/wp\/v2\/media\/122394"}],"wp:attachment":[{"href":"https:\/\/www.europesays.com\/fi\/wp-json\/wp\/v2\/media?parent=122393"}],"wp:term":[{"taxonomy":"category","embeddable":true,"href":"https:\/\/www.europesays.com\/fi\/wp-json\/wp\/v2\/categories?post=122393"},{"taxonomy":"post_tag","embeddable":true,"href":"https:\/\/www.europesays.com\/fi\/wp-json\/wp\/v2\/tags?post=122393"}],"curies":[{"name":"wp","href":"https:\/\/api.w.org\/{rel}","templated":true}]}}