{"id":122395,"date":"2025-12-21T15:11:08","date_gmt":"2025-12-21T15:11:08","guid":{"rendered":"https:\/\/www.europesays.com\/fi\/122395\/"},"modified":"2025-12-21T15:11:08","modified_gmt":"2025-12-21T15:11:08","slug":"lansivaylalla-oli-niin-erikoinen-naky-etta-poliisiakin-nauratti","status":"publish","type":"post","link":"https:\/\/www.europesays.com\/fi\/122395\/","title":{"rendered":"L\u00e4nsiv\u00e4yl\u00e4ll\u00e4 oli niin erikoinen n\u00e4ky, ett\u00e4 poliisiakin nauratti"},"content":{"rendered":"<p>Tilanteessa testattiin poliisien lihasvoimia.<\/p>\n<p><img decoding=\"async\" class=\"image image-show image-preview\" src=\"https:\/\/www.europesays.com\/fi\/wp-content\/uploads\/2025\/12\/b5cf6b2472f42bb6e0aee20b9b6b2d6ec34c9dc232f27f29a750d001757407c9.jpg\" alt=\"\"\/><img decoding=\"async\" class=\"image image-show\" src=\"https:\/\/www.europesays.com\/fi\/wp-content\/uploads\/2025\/12\/1766329868_781_b5cf6b2472f42bb6e0aee20b9b6b2d6ec34c9dc232f27f29a750d001757407c9.jpg\" alt=\"\"\/><\/p>\n<p>Vene putosi per\u00e4moottoreineen keskelle L\u00e4nsiv\u00e4yl\u00e4\u00e4. Cariina Andersson<\/p>\n<p class=\"paragraph\">Nyt ei pudonnut eno veneest\u00e4, vaan vene putosi tielle.<\/p>\n<p class=\"paragraph\">Keskelle L\u00e4nsiv\u00e4yl\u00e4\u00e4 kaatunut vene aiheutti liikenneruuhkaa Espoossa Suomenojan kohdalla sunnuntaina noin kello 12.45.<\/p>\n<p class=\"paragraph\">Veneen lis\u00e4ksi l\u00e4nteen meneville kaistoille oli kellahtanut kuljetustraileri.<\/p>\n<p class=\"paragraph\">\u2013 Siin\u00e4 ihmeteltiin, ett\u00e4 mik\u00e4s tilanne t\u00e4\u00e4ll\u00e4 on. Ruuhka oli mielet\u00f6n. Maastoauto oli v\u00e4h\u00e4n pidemm\u00e4ll\u00e4 pys\u00e4k\u00f6ityn\u00e4, kuvailee paikan ohi kulkenut <strong>Cariina Andersson<\/strong>.<\/p>\n<p class=\"paragraph\">Komisario <strong>Hannu V\u00e4\u00e4n\u00e4nen<\/strong> L\u00e4nsi-Uudenmaan poliisista kertoo, ett\u00e4 vetokoukku oli irronnut venett\u00e4 vet\u00e4neest\u00e4 autosta.<\/p>\n<p class=\"paragraph\">\u2013 Autossa on ollut t\u00e4llainen irrotettava per\u00e4koukku. Ei ole selvitetty, mink\u00e4 takia se irtosi, mutta suoranaista huolimattomuutta kuljettajan osalta ei ollut, koska h\u00e4n oli sen tarkistanut.<\/p>\n<p class=\"paragraph\">\u2013 Eih\u00e4n se kuitenkaan saisi irrota, V\u00e4\u00e4n\u00e4nen kertoo.<\/p>\n<p class=\"paragraph\">Tilanteesta ei aiheutunut henkil\u00f6vahinkoja. Poliisi antoi kuljettajalle vakavan huomautuksen.<\/p>\n<p class=\"paragraph\">\u2013 Kuljettaja vastaa yhdistelm\u00e4n liikenneturvallisuudesta ja kiinnityksest\u00e4, V\u00e4\u00e4n\u00e4nen muistuttaa.<\/p>\n<p class=\"paragraph\">Erikoinen tilanne vaikutti L\u00e4nsiv\u00e4yl\u00e4n liikenteeseen noin 45 minuutin ajan. Tapaus koetteli my\u00f6s poliisien lihasvoimia.<\/p>\n<p class=\"paragraph\">\u2013 Meill\u00e4h\u00e4n on vain hyv\u00e4kuntoisia konstaapeleja, heh heh.<\/p>\n<p class=\"paragraph\">\u2013 Mutta siin\u00e4 tosissaan poliisi joutui tekem\u00e4\u00e4n k\u00e4sin aika paljon t\u00f6it\u00e4, ett\u00e4 tie saatiin auki. Todettiin, ett\u00e4 helpointa on, kun poliisi tarttuu itse toimeen, V\u00e4\u00e4n\u00e4nen kuvailee veneen nostamista.<\/p>\n<p class=\"paragraph\">Tilanteessa oli V\u00e4\u00e4n\u00e4sen mukaan hyv\u00e4\u00e4 tuuria, koska L\u00e4nsiv\u00e4yl\u00e4ll\u00e4 nopeudet eiv\u00e4t ole yht\u00e4 kovia kuin moottoritiell\u00e4 ja sunnuntaina liikenne oli v\u00e4h\u00e4isemp\u00e4\u00e4 kuin arkena.<\/p>\n","protected":false},"excerpt":{"rendered":"Tilanteessa testattiin poliisien lihasvoimia. Vene putosi per\u00e4moottoreineen keskelle L\u00e4nsiv\u00e4yl\u00e4\u00e4. Cariina Andersson Nyt ei pudonnut eno veneest\u00e4, vaan vene&hellip;\n","protected":false},"author":2,"featured_media":122396,"comment_status":"","ping_status":"","sticky":false,"template":"","format":"standard","meta":{"footnotes":""},"categories":[12],"tags":[35,22,23,26,27,33,31,30,17,24,25,121,28,29,15,18,21,122,54,52,32,128,19,20,16],"class_list":{"0":"post-122395","1":"post","2":"type-post","3":"status-publish","4":"format-standard","5":"has-post-thumbnail","7":"category-suomi","8":"tag-24h","9":"tag-breaking-news","10":"tag-breakingnews","11":"tag-featured-news","12":"tag-featurednews","13":"tag-fi","14":"tag-finland","15":"tag-finnish","16":"tag-headlines","17":"tag-latest-news","18":"tag-latestnews","19":"tag-liikenne-ja-kuljetus","20":"tag-main-news","21":"tag-mainnews","22":"tag-news","23":"tag-otsikot","24":"tag-paauutiset","25":"tag-pelastaminen","26":"tag-pelastuspalvelut","27":"tag-poliisi","28":"tag-suomi","29":"tag-tieliikenne","30":"tag-top-stories","31":"tag-topstories","32":"tag-uutiset"},"share_on_mastodon":{"url":"https:\/\/pubeurope.com\/@fi\/115758201974764054","error":""},"_links":{"self":[{"href":"https:\/\/www.europesays.com\/fi\/wp-json\/wp\/v2\/posts\/122395","targetHints":{"allow":["GET"]}}],"collection":[{"href":"https:\/\/www.europesays.com\/fi\/wp-json\/wp\/v2\/posts"}],"about":[{"href":"https:\/\/www.europesays.com\/fi\/wp-json\/wp\/v2\/types\/post"}],"author":[{"embeddable":true,"href":"https:\/\/www.europesays.com\/fi\/wp-json\/wp\/v2\/users\/2"}],"replies":[{"embeddable":true,"href":"https:\/\/www.europesays.com\/fi\/wp-json\/wp\/v2\/comments?post=122395"}],"version-history":[{"count":0,"href":"https:\/\/www.europesays.com\/fi\/wp-json\/wp\/v2\/posts\/122395\/revisions"}],"wp:featuredmedia":[{"embeddable":true,"href":"https:\/\/www.europesays.com\/fi\/wp-json\/wp\/v2\/media\/122396"}],"wp:attachment":[{"href":"https:\/\/www.europesays.com\/fi\/wp-json\/wp\/v2\/media?parent=122395"}],"wp:term":[{"taxonomy":"category","embeddable":true,"href":"https:\/\/www.europesays.com\/fi\/wp-json\/wp\/v2\/categories?post=122395"},{"taxonomy":"post_tag","embeddable":true,"href":"https:\/\/www.europesays.com\/fi\/wp-json\/wp\/v2\/tags?post=122395"}],"curies":[{"name":"wp","href":"https:\/\/api.w.org\/{rel}","templated":true}]}}