{"id":122400,"date":"2025-12-21T15:31:11","date_gmt":"2025-12-21T15:31:11","guid":{"rendered":"https:\/\/www.europesays.com\/fi\/122400\/"},"modified":"2025-12-21T15:31:11","modified_gmt":"2025-12-21T15:31:11","slug":"suomen-makimiehet-selvittivat-engelbergin-karsinnan-urheilu","status":"publish","type":"post","link":"https:\/\/www.europesays.com\/fi\/122400\/","title":{"rendered":"Suomen m\u00e4kimiehet selvittiv\u00e4t Engelbergin karsinnan | Urheilu"},"content":{"rendered":"<p>Niko Kyt\u00f6saho, Vilho Palosaari ja Antti Aalto n\u00e4hd\u00e4\u00e4n t\u00e4n\u00e4\u00e4n m\u00e4kihypyn miesten maailmancupin kilpailussa Sveitsin Engelbergiss\u00e4. Kyt\u00f6saho oli t\u00e4n\u00e4\u00e4n hyp\u00e4tyss\u00e4 karsinnassa 31:s, Palosaari 34:s ja Aalto 37:s. Yhteens\u00e4 50 parasta lunasti paikkansa kilpailuun.<\/p>\n<p>Kyt\u00f6saho hypp\u00e4si HS140-m\u00e4est\u00e4 121, Palosaari 119 ja Aalto 121,5 metri\u00e4. Karsinnan paras oli Saksan Felix Hoffmann ennen Slovenian Domen Prevci\u00e4 ja Puolan Kacper Tomasiakia. Hoffmann hypp\u00e4si 138,5 metri\u00e4 ja ker\u00e4si 149,8 pistett\u00e4.<\/p>\n<p>Kilpailu alkoi Suomen aikaa kello 17.<\/p>\n","protected":false},"excerpt":{"rendered":"Niko Kyt\u00f6saho, Vilho Palosaari ja Antti Aalto n\u00e4hd\u00e4\u00e4n t\u00e4n\u00e4\u00e4n m\u00e4kihypyn miesten maailmancupin kilpailussa Sveitsin Engelbergiss\u00e4. Kyt\u00f6saho oli t\u00e4n\u00e4\u00e4n&hellip;\n","protected":false},"author":2,"featured_media":122401,"comment_status":"","ping_status":"","sticky":false,"template":"","format":"standard","meta":{"footnotes":""},"categories":[158],"tags":[33,31,30,2096,41,19717,2668,159,32,160,161],"class_list":{"0":"post-122400","1":"post","2":"type-post","3":"status-publish","4":"format-standard","5":"has-post-thumbnail","7":"category-urheilu","8":"tag-fi","9":"tag-finland","10":"tag-finnish","11":"tag-hiihtolajit","12":"tag-liikunta-ja-urheilu","13":"tag-niko-kytosaho","14":"tag-pohjoismaiset-hiihtolajit","15":"tag-sports","16":"tag-suomi","17":"tag-urheilu","18":"tag-urheilutapahtumat"},"share_on_mastodon":{"url":"https:\/\/pubeurope.com\/@fi\/115758280576263882","error":""},"_links":{"self":[{"href":"https:\/\/www.europesays.com\/fi\/wp-json\/wp\/v2\/posts\/122400","targetHints":{"allow":["GET"]}}],"collection":[{"href":"https:\/\/www.europesays.com\/fi\/wp-json\/wp\/v2\/posts"}],"about":[{"href":"https:\/\/www.europesays.com\/fi\/wp-json\/wp\/v2\/types\/post"}],"author":[{"embeddable":true,"href":"https:\/\/www.europesays.com\/fi\/wp-json\/wp\/v2\/users\/2"}],"replies":[{"embeddable":true,"href":"https:\/\/www.europesays.com\/fi\/wp-json\/wp\/v2\/comments?post=122400"}],"version-history":[{"count":0,"href":"https:\/\/www.europesays.com\/fi\/wp-json\/wp\/v2\/posts\/122400\/revisions"}],"wp:featuredmedia":[{"embeddable":true,"href":"https:\/\/www.europesays.com\/fi\/wp-json\/wp\/v2\/media\/122401"}],"wp:attachment":[{"href":"https:\/\/www.europesays.com\/fi\/wp-json\/wp\/v2\/media?parent=122400"}],"wp:term":[{"taxonomy":"category","embeddable":true,"href":"https:\/\/www.europesays.com\/fi\/wp-json\/wp\/v2\/categories?post=122400"},{"taxonomy":"post_tag","embeddable":true,"href":"https:\/\/www.europesays.com\/fi\/wp-json\/wp\/v2\/tags?post=122400"}],"curies":[{"name":"wp","href":"https:\/\/api.w.org\/{rel}","templated":true}]}}