{"id":122404,"date":"2025-12-21T15:33:09","date_gmt":"2025-12-21T15:33:09","guid":{"rendered":"https:\/\/www.europesays.com\/fi\/122404\/"},"modified":"2025-12-21T15:33:09","modified_gmt":"2025-12-21T15:33:09","slug":"naalien-maara-vahentyi-viime-vuodesta-mutta-pitkan-aikavalin-suunta-on-ylospain-lappi","status":"publish","type":"post","link":"https:\/\/www.europesays.com\/fi\/122404\/","title":{"rendered":"Naalien m\u00e4\u00e4r\u00e4 v\u00e4hentyi viime vuodesta, mutta pitk\u00e4n aikav\u00e4lin suunta on yl\u00f6sp\u00e4in | Lappi"},"content":{"rendered":"<p class=\"aw-1gybjub aw-5vja16 kEtdKx kmuxyA yle__article__paragraph\">Naalipopulaatiot tarvitsevat norjalaistutkijoiden mukaan edelleen ihmisen apua. <\/p>\n<p><img decoding=\"async\" alt=\"Naali nuuskii maastossa.\" src=\"https:\/\/www.europesays.com\/fi\/wp-content\/uploads\/2025\/12\/39-14729506836e8a202e33.jpeg\" class=\"aw-1l9m598 hKVVvP\"\/><\/p>\n<p>Avaa kuvien katselu<\/p>\n<p>Naaleja on t\u00e4n\u00e4 vuonna v\u00e4hemm\u00e4n kuin viime vuonna. Pitk\u00e4ll\u00e4 aikav\u00e4lill\u00e4 naalin eli napaketun kanta on kuitenkin vahvistunut. Kuva: imago\/blickwinkel\/ All Over Press<\/p>\n<p class=\"aw-1gybjub aw-1p7kakr kEtdKx cEmitX yle__article__paragraph\">Naalien m\u00e4\u00e4r\u00e4 on v\u00e4hentynyt Suomen, Ruotsin ja Norjan pohjoisosissa t\u00e4n\u00e4 vuonna, kertovat Ruotsin ja Norjan yleisradioyhti\u00f6t <a class=\"aw-iao6s4 iHOxEa yle__article__link\" href=\"https:\/\/www.svt.se\/nyheter\/lokalt\/jamtland\/antalet-fjallravar-har-minskat\" role=\"link\" rel=\"nofollow noopener\" target=\"_blank\">SVT<\/a> ja <a class=\"aw-iao6s4 iHOxEa yle__article__link\" href=\"https:\/\/www.nrk.no\/tromsogfinnmark\/fremgang-for-fjellrev-i-nord-1.17700692\" role=\"link\" rel=\"nofollow noopener\" target=\"_blank\">NRK<\/a>.<\/p>\n<p class=\"aw-1gybjub aw-1p7kakr kEtdKx cEmitX yle__article__paragraph\">Aikuisia naaleja on t\u00e4m\u00e4n vuoden laskentojen perusteella yhteens\u00e4 471, kun viime vuonna niit\u00e4 arvioitiin olevan 582.<\/p>\n<p class=\"aw-1gybjub aw-1p7kakr kEtdKx cEmitX yle__article__paragraph\">T\u00e4n\u00e4 vuonna naalipentueita syntyi Suomessa kolme, Ruotsissa 56 ja Norjassa 38.<\/p>\n<p class=\"aw-1gybjub aw-1p7kakr kEtdKx cEmitX yle__article__paragraph\">Naalikanta on edelleen uhanalainen, mutta norjalaiset tutkijat uskovat, ett\u00e4 naalikanta kehittyy oikeaan suuntaan.<\/p>\n<p class=\"aw-1gybjub aw-1p7kakr kEtdKx cEmitX yle__article__paragraph\">My\u00f6s Ruotsin ymp\u00e4rist\u00f6nsuojeluviraston mukaan pitk\u00e4n aikav\u00e4lin kehitys on positiivista, sill\u00e4 naalipopulaatio on kasvanut merkitt\u00e4v\u00e4sti vuodesta 2000 l\u00e4htien.<\/p>\n<p class=\"aw-1gybjub aw-1p7kakr kEtdKx cEmitX yle__article__paragraph\">Suomi, Ruotsi ja Norja julkistivat <a class=\"aw-iao6s4 iHOxEa yle__article__link\" href=\"https:\/\/yle.fi\/a\/74-20192159\" role=\"link\" rel=\"nofollow noopener\" target=\"_blank\">uuden suojeluohjelman naalille<\/a> aiemmin t\u00e4n\u00e4 vuonna. Sen tavoitteena on nostaa naalikanta tuhanteen yksil\u00f6\u00f6n.<\/p>\n<p>Populaation odotetaan kasvavan ensi vuonna<\/p>\n<p class=\"aw-1gybjub aw-1p7kakr kEtdKx cEmitX yle__article__paragraph\">Pienjyrsij\u00f6iden m\u00e4\u00e4r\u00e4ll\u00e4 on iso merkitys naalien selviytymiselle, ja t\u00e4n\u00e4 vuonna jyrsij\u00f6it\u00e4 on ollut esimerkiksi Norjassa ja Pohjois-Ruotsissa v\u00e4h\u00e4n.<\/p>\n<p class=\"aw-1gybjub aw-1p7kakr kEtdKx cEmitX yle__article__paragraph\">Tutkijat odottavat populaation kasvavan edelleen ensi vuonna, jolloin pienjyrsij\u00f6iden m\u00e4\u00e4r\u00e4n odotetaan kasvavan pohjoisessa.<\/p>\n<p class=\"aw-1gybjub aw-1p7kakr kEtdKx cEmitX yle__article__paragraph\">Norjan luonnontutkimuslaitoksen (NINA) mukaan naalien vapauttaminen on johtanut niiden m\u00e4\u00e4r\u00e4n kasvuun pohjoisessa.<\/p>\n<p class=\"aw-1gybjub aw-1p7kakr kEtdKx cEmitX yle__article__paragraph\">\u2013 Useissa alapopulaatioissa on kuitenkin merkkej\u00e4 sis\u00e4siitoksesta, ja alapopulaatioiden v\u00e4lill\u00e4 on aivan liian v\u00e4h\u00e4n kontaktia ja geenivirtaa, jotta populaation voitaisiin odottaa selviytyv\u00e4n pitk\u00e4ll\u00e4 aikav\u00e4lill\u00e4, kertoo vanhempi tutkija <strong class=\"aw-ak79eh KyCXm yle__article__strong\">Nina E. Eide<\/strong> NRK:lle.<\/p>\n<p class=\"aw-1gybjub aw-1p7kakr kEtdKx cEmitX yle__article__paragraph\">T\u00e4m\u00e4n vuoksi tutkijat per\u00e4\u00e4nkuuluttavat toimia populaation vahvistamiseksi naalien vapauttamisen sek\u00e4 lis\u00e4ruokinnan avulla.<\/p>\n<p class=\"aw-1gybjub aw-1p7kakr kEtdKx cEmitX yle__article__paragraph\">\u2013 Naalien vapauttaminen geneettisesti vaikeuksissa olevissa alapopulaatioissa ja tukiruokinnan laajentaminen ovat t\u00e4rkeit\u00e4 toimenpiteit\u00e4 geneettisesti terveen ja yhten\u00e4isemm\u00e4n populaation saavuttamiseksi, Eide toteaa.<\/p>\n<p>Eritt\u00e4in uhanalainen naali onnistui pesim\u00e4\u00e4n Suomen Lapissa ensimm\u00e4ist\u00e4 kertaa 25 vuoteen vuonna 2022.<\/p>\n","protected":false},"excerpt":{"rendered":"Naalipopulaatiot tarvitsevat norjalaistutkijoiden mukaan edelleen ihmisen apua. Avaa kuvien katselu Naaleja on t\u00e4n\u00e4 vuonna v\u00e4hemm\u00e4n kuin viime vuonna.&hellip;\n","protected":false},"author":2,"featured_media":122405,"comment_status":"","ping_status":"","sticky":false,"template":"","format":"standard","meta":{"footnotes":""},"categories":[112],"tags":[404,33,31,30,667,72,8941,385,1399,110,118,32,119,11327],"class_list":{"0":"post-122404","1":"post","2":"type-post","3":"status-publish","4":"format-standard","5":"has-post-thumbnail","7":"category-tiede","8":"tag-elaimet","9":"tag-fi","10":"tag-finland","11":"tag-finnish","12":"tag-lappi","13":"tag-luonto","14":"tag-naali","15":"tag-norja","16":"tag-pohjoismaat","17":"tag-ruotsi","18":"tag-science","19":"tag-suomi","20":"tag-tiede","21":"tag-tunturit"},"share_on_mastodon":{"url":"https:\/\/pubeurope.com\/@fi\/115758288458464133","error":""},"_links":{"self":[{"href":"https:\/\/www.europesays.com\/fi\/wp-json\/wp\/v2\/posts\/122404","targetHints":{"allow":["GET"]}}],"collection":[{"href":"https:\/\/www.europesays.com\/fi\/wp-json\/wp\/v2\/posts"}],"about":[{"href":"https:\/\/www.europesays.com\/fi\/wp-json\/wp\/v2\/types\/post"}],"author":[{"embeddable":true,"href":"https:\/\/www.europesays.com\/fi\/wp-json\/wp\/v2\/users\/2"}],"replies":[{"embeddable":true,"href":"https:\/\/www.europesays.com\/fi\/wp-json\/wp\/v2\/comments?post=122404"}],"version-history":[{"count":0,"href":"https:\/\/www.europesays.com\/fi\/wp-json\/wp\/v2\/posts\/122404\/revisions"}],"wp:featuredmedia":[{"embeddable":true,"href":"https:\/\/www.europesays.com\/fi\/wp-json\/wp\/v2\/media\/122405"}],"wp:attachment":[{"href":"https:\/\/www.europesays.com\/fi\/wp-json\/wp\/v2\/media?parent=122404"}],"wp:term":[{"taxonomy":"category","embeddable":true,"href":"https:\/\/www.europesays.com\/fi\/wp-json\/wp\/v2\/categories?post=122404"},{"taxonomy":"post_tag","embeddable":true,"href":"https:\/\/www.europesays.com\/fi\/wp-json\/wp\/v2\/tags?post=122404"}],"curies":[{"name":"wp","href":"https:\/\/api.w.org\/{rel}","templated":true}]}}