{"id":122418,"date":"2025-12-21T15:56:08","date_gmt":"2025-12-21T15:56:08","guid":{"rendered":"https:\/\/www.europesays.com\/fi\/122418\/"},"modified":"2025-12-21T15:56:08","modified_gmt":"2025-12-21T15:56:08","slug":"milloin-voi-nahda-ihmisia-influenssan-tai-koronan-jalkeen","status":"publish","type":"post","link":"https:\/\/www.europesays.com\/fi\/122418\/","title":{"rendered":"Milloin voi n\u00e4hd\u00e4 ihmisi\u00e4 influenssan tai koronan j\u00e4lkeen?"},"content":{"rendered":"<p>Osa hengitystieinfektioista tarttuu jo ennen oireiden alkamista, ja vatsataudissa virusta voi eritty\u00e4 viel\u00e4 oireisen ajan j\u00e4lkeenkin.<\/p>\n<p class=\"article-body mb-nof-24 px-nof-16\">Aivastelua, yskimist\u00e4 ja niiskutusta tuntuu kuuluvan julkisilla paikoilla kaikkialla. Pirkanmaallakin levi\u00e4v\u00e4t j\u00e4lleen monet taudit, kuten erilaiset hengitystieinfektiot ja vatsatautia aiheuttava norovirus. Kun tauti kaataa petiin, moni miettii, milloin on taas turvallista n\u00e4hd\u00e4 ihmisi\u00e4 ilman pelkoa tartuttamisesta.<\/p>\n","protected":false},"excerpt":{"rendered":"Osa hengitystieinfektioista tarttuu jo ennen oireiden alkamista, ja vatsataudissa virusta voi eritty\u00e4 viel\u00e4 oireisen ajan j\u00e4lkeenkin. Aivastelua, yskimist\u00e4&hellip;\n","protected":false},"author":2,"featured_media":122419,"comment_status":"","ping_status":"","sticky":false,"template":"","format":"standard","meta":{"footnotes":""},"categories":[165],"tags":[33,31,30,166,32,167,3885],"class_list":{"0":"post-122418","1":"post","2":"type-post","3":"status-publish","4":"format-standard","5":"has-post-thumbnail","7":"category-terveys","8":"tag-fi","9":"tag-finland","10":"tag-finnish","11":"tag-health","12":"tag-suomi","13":"tag-terveys","14":"tag-tyrvaan-sanomat"},"share_on_mastodon":{"url":"https:\/\/pubeurope.com\/@fi\/115758378845478210","error":""},"_links":{"self":[{"href":"https:\/\/www.europesays.com\/fi\/wp-json\/wp\/v2\/posts\/122418","targetHints":{"allow":["GET"]}}],"collection":[{"href":"https:\/\/www.europesays.com\/fi\/wp-json\/wp\/v2\/posts"}],"about":[{"href":"https:\/\/www.europesays.com\/fi\/wp-json\/wp\/v2\/types\/post"}],"author":[{"embeddable":true,"href":"https:\/\/www.europesays.com\/fi\/wp-json\/wp\/v2\/users\/2"}],"replies":[{"embeddable":true,"href":"https:\/\/www.europesays.com\/fi\/wp-json\/wp\/v2\/comments?post=122418"}],"version-history":[{"count":0,"href":"https:\/\/www.europesays.com\/fi\/wp-json\/wp\/v2\/posts\/122418\/revisions"}],"wp:featuredmedia":[{"embeddable":true,"href":"https:\/\/www.europesays.com\/fi\/wp-json\/wp\/v2\/media\/122419"}],"wp:attachment":[{"href":"https:\/\/www.europesays.com\/fi\/wp-json\/wp\/v2\/media?parent=122418"}],"wp:term":[{"taxonomy":"category","embeddable":true,"href":"https:\/\/www.europesays.com\/fi\/wp-json\/wp\/v2\/categories?post=122418"},{"taxonomy":"post_tag","embeddable":true,"href":"https:\/\/www.europesays.com\/fi\/wp-json\/wp\/v2\/tags?post=122418"}],"curies":[{"name":"wp","href":"https:\/\/api.w.org\/{rel}","templated":true}]}}