{"id":122429,"date":"2025-12-21T16:03:11","date_gmt":"2025-12-21T16:03:11","guid":{"rendered":"https:\/\/www.europesays.com\/fi\/122429\/"},"modified":"2025-12-21T16:03:11","modified_gmt":"2025-12-21T16:03:11","slug":"oleskelisiko-milan-jaff-viela-suomessa-ilman-perussuomalaisia","status":"publish","type":"post","link":"https:\/\/www.europesays.com\/fi\/122429\/","title":{"rendered":"Oleskelisiko Milan Jaff viel\u00e4 Suomessa ilman perussuomalaisia?"},"content":{"rendered":"<p><a href=\"https:\/\/www.iltalehti.fi\/kirjoittajat\/Mika Koskinen\" class=\"article-description-pov-author\" rel=\"nofollow noopener\" target=\"_blank\"><\/p>\n<p>Mika Koskinen<\/p>\n<p><img decoding=\"async\" class=\"author-image\" src=\"https:\/\/www.europesays.com\/fi\/wp-content\/uploads\/2025\/08\/488e1083960d2fcf6f64b1b599dd90ef32dbfe63beb2d184e03324336299eaa1.png\" alt=\"\"\/><\/a><\/p>\n<p>Kokoomus muutti kurssia, mutta tapahtuiko se PS:n paineesta, kirjoittaa Iltalehden Mika Koskinen.<\/p>\n<p>T\u00e4n\u00e4\u00e4n klo 17:27<\/p>\n<p><img decoding=\"async\" class=\"image image-show image-preview\" src=\"https:\/\/www.europesays.com\/fi\/wp-content\/uploads\/2025\/09\/cd681b62484eb1c7d20bce1ecd63d6fbac9996063382ed3dac33ab24e9ef7ba0.jpg\" alt=\"\"\/><img decoding=\"async\" class=\"image image-show\" src=\"https:\/\/www.europesays.com\/fi\/wp-content\/uploads\/2025\/09\/1756876388_312_cd681b62484eb1c7d20bce1ecd63d6fbac9996063382ed3dac33ab24e9ef7ba0.jpg\" alt=\"\"\/><\/p>\n<p>Milan Jaff Helsingin hovioikeudessa 17.1.2024. PASI LIESIMAA<\/p>\n<p class=\"paragraph\">Perussuomalaiset ottivat t\u00e4ysim\u00e4\u00e4r\u00e4isesti ilon irti katujengihahmo <strong>Milan Jaffin<\/strong> karkotuksesta Irakiin eik\u00e4 siin\u00e4 mit\u00e4\u00e4n. Harva Jaffia kaipaa ja moni suomalainen n\u00e4kee mielell\u00e4\u00e4n, ett\u00e4 kaikki muutkin h\u00e4nen kaltaisensa rikolliset karkotetaan maasta.<\/p>\n<p class=\"paragraph\">Sen sijaan kiinnostavaa ja ehk\u00e4 v\u00e4h\u00e4n huvittavaakin on ollut seurata persujen levitt\u00e4m\u00e4\u00e4 tarinaa siit\u00e4, ett\u00e4 Jaffin karkotus oli puhtaasti perussuomalaisten ansiota.<\/p>\n<p class=\"paragraph\">Ei ollut.<\/p>\n<p class=\"paragraph\">Vai oliko sittenkin?<\/p>\n<p class=\"paragraph\">Yritys vastaukseksi l\u00f6ytyy t\u00e4m\u00e4n kirjoituksen lopusta.<\/p>\n<p class=\"paragraph\"><strong>Petteri Orpon<\/strong> (kok) hallitus on saanut aikaan kolme keskeist\u00e4 lakimuutosta, jotka helpottavat Jaffin kaltaisten paatuneiden, Suomessa vakaviin rikoksiin syyllistyneiden ulkomaan kansalaisten karkottamista maasta:<\/p>\n<p class=\"paragraph\">1. Kansainv\u00e4linen suojeluasema voidaan poistaa nykyisin henkil\u00f6lt\u00e4, joka on tuomittu riitt\u00e4v\u00e4n vakavaan rikokseen ja vaarantaa yhteiskunnan turvallisuutta.<\/p>\n<p class=\"paragraph\">2. S\u00e4il\u00f6ss\u00e4pidon enimm\u00e4iskesto on nostettu 12 kuukaudesta 18 kuukauteen silloin, kun kyseess\u00e4 on maastapoistamisp\u00e4\u00e4t\u00f6ksen saanut henkil\u00f6, ja s\u00e4il\u00f6ss\u00e4pitoa voidaan pident\u00e4\u00e4 kuudesta kuukaudesta 12 kuukauteen jo ennen maastapoistamisp\u00e4\u00e4t\u00f6ksen tekemist\u00e4, jos henkil\u00f6 on vaaraksi yleiselle j\u00e4rjestykselle ja turvallisuudelle tai kansalliselle turvallisuudelle.<\/p>\n<p class=\"paragraph\">3. Valittamalla kielteisest\u00e4 oleskelulupa- tai turvapaikkap\u00e4\u00e4t\u00f6ksest\u00e4 ei voi en\u00e4\u00e4 lyk\u00e4t\u00e4 maastapoistamista.<\/p>\n<p class=\"paragraph\">Rikos- ja prosessioikeuden emeritusprofessori <strong>Matti Tolvanen<\/strong> korosti Jaffin karkotuksen j\u00e4lkeen Iltalehdelle edell\u00e4 mainituista muutoksista ensimm\u00e4isen merkityst\u00e4.<\/p>\n<p class=\"paragraph\">V\u00e4hemm\u00e4lle huomiolle on j\u00e4\u00e4nyt, ett\u00e4 n\u00e4ist\u00e4 muutoksista kaksi ensimm\u00e4ist\u00e4 on suoraan kokoomuksen <a href=\"https:\/\/www.kokoomus.fi\/turvapaikat-hadanalaisille-estetaan-vaarinkaytto\/\" target=\"_blank\" rel=\"noopener nofollow\">turvapaikkapoliittisesta paperista<\/a> vuodelta 2020. <strong>Petteri Orpon<\/strong> (kok) hallitusohjelmaan ne p\u00e4\u00e4tyiv\u00e4t melkein sellaisenaan.<\/p>\n<p class=\"paragraph\">Niinp\u00e4 kysymys kuuluu, oleskelisiko Milan Jaff viel\u00e4 Suomessa ilman persuja.<\/p>\n<p class=\"paragraph\">Ehk\u00e4, jos v\u00e4h\u00e4n spekuloidaan.<\/p>\n<p class=\"paragraph\">Mutta silloin pit\u00e4\u00e4 palata l\u00e4hihistoriaan.<\/p>\n<p class=\"paragraph\">Kokoomuksen r\u00e4v\u00e4kk\u00e4 Turvapaikat h\u00e4d\u00e4nalaisille, estet\u00e4\u00e4n v\u00e4\u00e4rink\u00e4ytt\u00f6 -ohjelma \u2013 jota muuten moni kokoomuslainen kavahti \u2013, julkistettiin maaliskuussa 2020. Paperi osui aikaan, jolloin <strong>Jussi Halla-ahon<\/strong> johtama PS oli mielipidemittauksissa (Taloustutkimus) ollut jo monta kuukautta selv\u00e4sti Suomen suosituin puolue ja kokoomus oli helisem\u00e4ss\u00e4 persujen kanssa.<\/p>\n<p class=\"paragraph\">Ehk\u00e4 k\u00e4vi niin, ett\u00e4 persujen suunnasta tullut gallup-paine sai kokoomuksen muuttamaan kurssiaan. Vastaava ilmi\u00f6 on n\u00e4hty esimerkiksi Tanskassa ja Ruotsissa.<\/p>\n<p class=\"paragraph\">Jos haluaa ajatella n\u00e4in, niin kai sit\u00e4 silloin voi sanoa, ett\u00e4 ilman persuja Milan Jaff oleskelisi edelleen Suomessa.<\/p>\n","protected":false},"excerpt":{"rendered":"Mika Koskinen Kokoomus muutti kurssia, mutta tapahtuiko se PS:n paineesta, kirjoittaa Iltalehden Mika Koskinen. T\u00e4n\u00e4\u00e4n klo 17:27 Milan&hellip;\n","protected":false},"author":2,"featured_media":122430,"comment_status":"","ping_status":"","sticky":false,"template":"","format":"standard","meta":{"footnotes":""},"categories":[12],"tags":[35,22,23,26,27,33,31,30,17,24,25,28,29,15,18,21,49,637,886,885,887,32,19,20,16],"class_list":{"0":"post-122429","1":"post","2":"type-post","3":"status-publish","4":"format-standard","5":"has-post-thumbnail","7":"category-suomi","8":"tag-24h","9":"tag-breaking-news","10":"tag-breakingnews","11":"tag-featured-news","12":"tag-featurednews","13":"tag-fi","14":"tag-finland","15":"tag-finnish","16":"tag-headlines","17":"tag-latest-news","18":"tag-latestnews","19":"tag-main-news","20":"tag-mainnews","21":"tag-news","22":"tag-otsikot","23":"tag-paauutiset","24":"tag-perussuomalaiset","25":"tag-politiikka","26":"tag-puolueet","27":"tag-suomen-poliittiset-puolueet","28":"tag-suomen-politiikka","29":"tag-suomi","30":"tag-top-stories","31":"tag-topstories","32":"tag-uutiset"},"share_on_mastodon":{"url":"https:\/\/pubeurope.com\/@fi\/115758406663797406","error":""},"_links":{"self":[{"href":"https:\/\/www.europesays.com\/fi\/wp-json\/wp\/v2\/posts\/122429","targetHints":{"allow":["GET"]}}],"collection":[{"href":"https:\/\/www.europesays.com\/fi\/wp-json\/wp\/v2\/posts"}],"about":[{"href":"https:\/\/www.europesays.com\/fi\/wp-json\/wp\/v2\/types\/post"}],"author":[{"embeddable":true,"href":"https:\/\/www.europesays.com\/fi\/wp-json\/wp\/v2\/users\/2"}],"replies":[{"embeddable":true,"href":"https:\/\/www.europesays.com\/fi\/wp-json\/wp\/v2\/comments?post=122429"}],"version-history":[{"count":0,"href":"https:\/\/www.europesays.com\/fi\/wp-json\/wp\/v2\/posts\/122429\/revisions"}],"wp:featuredmedia":[{"embeddable":true,"href":"https:\/\/www.europesays.com\/fi\/wp-json\/wp\/v2\/media\/122430"}],"wp:attachment":[{"href":"https:\/\/www.europesays.com\/fi\/wp-json\/wp\/v2\/media?parent=122429"}],"wp:term":[{"taxonomy":"category","embeddable":true,"href":"https:\/\/www.europesays.com\/fi\/wp-json\/wp\/v2\/categories?post=122429"},{"taxonomy":"post_tag","embeddable":true,"href":"https:\/\/www.europesays.com\/fi\/wp-json\/wp\/v2\/tags?post=122429"}],"curies":[{"name":"wp","href":"https:\/\/api.w.org\/{rel}","templated":true}]}}