{"id":122431,"date":"2025-12-21T16:04:09","date_gmt":"2025-12-21T16:04:09","guid":{"rendered":"https:\/\/www.europesays.com\/fi\/122431\/"},"modified":"2025-12-21T16:04:09","modified_gmt":"2025-12-21T16:04:09","slug":"presidentti-stubb-lahjoitti-rahaa-yksityishenkilona-lapimurtosaatio-vahvistaa-sita-etta-olemme-oikealla-asialla-talous","status":"publish","type":"post","link":"https:\/\/www.europesays.com\/fi\/122431\/","title":{"rendered":"Presidentti Stubb lahjoitti rahaa yksityishenkil\u00f6n\u00e4 \u2013 L\u00e4pimurtos\u00e4\u00e4ti\u00f6: \u201dVahvistaa sit\u00e4, ett\u00e4 olemme oikealla asialla\u201d | Talous"},"content":{"rendered":"<p class=\"aw-1gybjub aw-5vja16 kEtdKx kmuxyA yle__article__paragraph\">Presidentti Alexander Stubb lahjoitti yksityishenkil\u00f6n\u00e4 yli puoli miljoonaa euroa lasten ja nuorten hyv\u00e4ksi. Lahjoitusten saajille tuki on eritt\u00e4in merkitt\u00e4v\u00e4.<\/p>\n<p><img decoding=\"async\" alt=\"Alexander Stubb ja Suzanne Innes-Stubb seisovat vierekk\u00e4in ja hymyilev\u00e4t.\" src=\"https:\/\/www.europesays.com\/fi\/wp-content\/uploads\/2025\/12\/39-1572425694507db3497f.jpeg\" class=\"aw-1l9m598 hKVVvP\"\/><\/p>\n<p>Avaa kuvien katselu<\/p>\n<p>Presidentti Alexander Stubb ja h\u00e4nen puolisonsa Suzanne Innes-Stubb kuvattuna 18. joulukuuta 2024. Kuva: Jussi Nukari \/ Lehtikuva<\/p>\n<ul class=\"aw-1jjocuh iJTSwP yle__article__list yle__article__list--ul\">\n<li class=\"aw-1j7gwms gNYKfi\">Presidentti Alexander Stubb lahjoitti yksityishenkil\u00f6n\u00e4 yli puoli miljoonaa euroa lasten ja nuorten hyv\u00e4ksi.<\/li>\n<li class=\"aw-1j7gwms gNYKfi\">Rahan saivat L\u00e4pimurtos\u00e4\u00e4ti\u00f6, Suomen Kulttuurirahasto ja Me-s\u00e4\u00e4ti\u00f6.<\/li>\n<li class=\"aw-1j7gwms gNYKfi\">Lahjoitus on saajilleen eritt\u00e4in merkitt\u00e4v\u00e4. L\u00e4pimurtos\u00e4\u00e4ti\u00f6 pit\u00e4\u00e4 sit\u00e4 kolmevuotisen historiansa t\u00e4rkeimp\u00e4n\u00e4 tapahtumana.<\/li>\n<li class=\"aw-1j7gwms gNYKfi\">Lahjoitusten saajat uskovat presidentin esimerkin kannustavan my\u00f6s muita lahjoittamaan.<\/li>\n<\/ul>\n<p class=\"aw-1gybjub aw-1p7kakr kEtdKx cEmitX yle__article__paragraph\">Presidentin kanslia kertoi perjantaina, ett\u00e4 <a class=\"aw-iao6s4 iHOxEa yle__article__link\" href=\"https:\/\/yle.fi\/a\/74-20200855\" role=\"link\" rel=\"nofollow noopener\" target=\"_blank\">presidentti Alexander Stubb on tehnyt yksityishenkil\u00f6n\u00e4 lahjoituksen<\/a> kolmeen lapsia ja nuoria tukevaan kohteeseen: 250\u00a0000 euroa L\u00e4pimurtos\u00e4\u00e4ti\u00f6lle, 250\u00a0000 euroa Suomen Kulttuurirahastolle ja 40\u00a0000 euroa Me-s\u00e4\u00e4ti\u00f6lle.<\/p>\n<p class=\"aw-1gybjub aw-1p7kakr kEtdKx cEmitX yle__article__paragraph\">Varat ovat presidentti Stubbin puhujapalkkioita ajalta, jolloin h\u00e4n oli professorina European University Institutessa Firenzess\u00e4.<\/p>\n<p class=\"aw-1gybjub aw-1p7kakr kEtdKx cEmitX yle__article__paragraph\">L\u00e4pimurtos\u00e4\u00e4ti\u00f6 pit\u00e4\u00e4 presidentin lahjoitusta s\u00e4\u00e4ti\u00f6n kolmevuotisen historian merkitt\u00e4vimp\u00e4n\u00e4 tapahtumana.<\/p>\n<p class=\"aw-1gybjub aw-1p7kakr kEtdKx cEmitX yle__article__paragraph\">\u2013 T\u00e4m\u00e4 tuo meille valtavasti lis\u00e4\u00e4 tunnettuutta ja uskottavuutta lasten ja nuorten liikunnan ja urheilun tukijakent\u00e4ss\u00e4. Se vahvistaa sit\u00e4, ett\u00e4 olemme oikealla ja eritt\u00e4in t\u00e4rke\u00e4ll\u00e4 asialla liikkeell\u00e4, L\u00e4pimurtos\u00e4\u00e4ti\u00f6n toimitusjohtaja <strong class=\"aw-ak79eh KyCXm yle__article__strong\">Hilkka Koskenranta<\/strong> sanoo.<\/p>\n<p class=\"aw-1gybjub aw-1p7kakr kEtdKx cEmitX yle__article__paragraph\">250\u00a0000 euroa on yksityislahjoituksilla toimivalle L\u00e4pimurtos\u00e4\u00e4ti\u00f6lle varsin tuntuva summa. S\u00e4\u00e4ti\u00f6 jakoi t\u00e4n\u00e4 vuonna apurahoja noin 540\u00a0000 euroa.<\/p>\n<p class=\"aw-1gybjub aw-1p7kakr kEtdKx cEmitX yle__article__paragraph\">Suomen Kulttuurirahastokin pit\u00e4\u00e4 lahjoitusta t\u00e4rke\u00e4n\u00e4. Toimitusjohtaja <strong class=\"aw-ak79eh KyCXm yle__article__strong\">Susanna Petterssonin<\/strong> mielest\u00e4 nuorten luovuuteen ja tieteelliseen ajatteluun investoiminen on \u00e4\u00e4rimm\u00e4isen positiivinen signaali.<\/p>\n<p class=\"aw-1gybjub aw-1p7kakr kEtdKx cEmitX yle__article__paragraph\">\u2013 Juuri t\u00e4llaisia tulevaisuususkoa vahvistavia tekoja me tarvitsemme t\u00e4ss\u00e4 maassa, Susanna Pettersson sanoo.<\/p>\n<p>Presidenttipari halusi lis\u00e4tietoa<\/p>\n<p class=\"aw-1gybjub aw-1p7kakr kEtdKx cEmitX yle__article__paragraph\">L\u00e4pimurtos\u00e4\u00e4ti\u00f6ss\u00e4 saatiin vihi\u00e4 mahdollisesta lahjoituksesta, kun presidentin kansliasta otettiin yhteytt\u00e4 ja kerrottiin, ett\u00e4 presidenttipari on kiinnostunut kuulemaan lis\u00e4\u00e4 s\u00e4\u00e4ti\u00f6st\u00e4.<\/p>\n<p class=\"aw-1gybjub aw-1p7kakr kEtdKx cEmitX yle__article__paragraph\">\u2013 S\u00e4\u00e4ti\u00f6n johto k\u00e4vi henkil\u00f6kohtaisesti tapaamassa heit\u00e4. Sen j\u00e4lkeen saimme tiedon lahjoituksesta, Hilkka Koskenranta kertoo.<\/p>\n<p class=\"aw-1gybjub aw-1p7kakr kEtdKx cEmitX yle__article__paragraph\">S\u00e4\u00e4ti\u00f6 edist\u00e4\u00e4 lahjoituksella sit\u00e4, ett\u00e4 entist\u00e4 useampi lapsi saa liikuntaharrastuksen sek\u00e4 tukee kansainv\u00e4list\u00e4 l\u00e4pimurtoa tavoittelevia nuoria urheilijoita.<\/p>\n<p class=\"aw-1gybjub aw-1p7kakr kEtdKx cEmitX yle__article__paragraph\">Kulttuurirahastoon on puolestaan perustettu <strong class=\"aw-ak79eh KyCXm yle__article__strong\">Suzanne Innes-Stubbin<\/strong> ja Alexander Stubbin nimikkorahasto.<\/p>\n<p class=\"aw-1gybjub aw-1p7kakr kEtdKx cEmitX yle__article__paragraph\">\u2013 Sen tarkoituksena on edist\u00e4\u00e4 nuorten taidetta, kulttuuria ja kirjallisuutta. Se tukee nuoria taiteilijoita sek\u00e4 edist\u00e4\u00e4 taidekasvatusta ja lukutaitoa, Susanna Pettersson kertoo.<\/p>\n<p class=\"aw-1gybjub aw-1p7kakr kEtdKx cEmitX yle__article__paragraph\">Kolmas lahjoituksen saaja, Me-s\u00e4\u00e4ti\u00f6, aikoo parantaa lasten ja nuorten lukutaitoa ja lukuiloa.<\/p>\n<p class=\"aw-1gybjub aw-1p7kakr kEtdKx cEmitX yle__article__paragraph\">Lahjoituksen saaneet s\u00e4\u00e4ti\u00f6t uskovat, ett\u00e4 presidentin esimerkki voi kannustaa muitakin tukemaan t\u00e4rkeiksi kokemiaan kohteita, jos siihen on mahdollisuus.<\/p>\n<p class=\"aw-1gybjub aw-1p7kakr kEtdKx cEmitX yle__article__paragraph\">L\u00e4pimurtos\u00e4\u00e4ti\u00f6 onkin jo perjantain j\u00e4lkeen her\u00e4tt\u00e4nyt kiinnostusta lahjoittajissa.<\/p>\n<p class=\"aw-1gybjub aw-1p7kakr kEtdKx cEmitX yle__article__paragraph\">\u2013 On tullut muutamia yhteydenottoja, Hilkka Koskenranta sanoo.<\/p>\n","protected":false},"excerpt":{"rendered":"Presidentti Alexander Stubb lahjoitti yksityishenkil\u00f6n\u00e4 yli puoli miljoonaa euroa lasten ja nuorten hyv\u00e4ksi. Lahjoitusten saajille tuki on eritt\u00e4in&hellip;\n","protected":false},"author":2,"featured_media":122432,"comment_status":"","ping_status":"","sticky":false,"template":"","format":"standard","meta":{"footnotes":""},"categories":[5],"tags":[3406,22,23,26,27,33,31,30,17,71,18777,21997,24,25,28,29,15,814,18,21,21835,32,10000,78,19,20,16],"class_list":{"0":"post-122431","1":"post","2":"type-post","3":"status-publish","4":"format-standard","5":"has-post-thumbnail","7":"category-otsikot","8":"tag-alexander-stubb","9":"tag-breaking-news","10":"tag-breakingnews","11":"tag-featured-news","12":"tag-featurednews","13":"tag-fi","14":"tag-finland","15":"tag-finnish","16":"tag-headlines","17":"tag-kotimaa","18":"tag-lahjoitukset","19":"tag-lapimurtosaatio","20":"tag-latest-news","21":"tag-latestnews","22":"tag-main-news","23":"tag-mainnews","24":"tag-news","25":"tag-nuoret","26":"tag-otsikot","27":"tag-paauutiset","28":"tag-suomen-kulttuurirahasto","29":"tag-suomi","30":"tag-suzanne-innes-stubb","31":"tag-talous","32":"tag-top-stories","33":"tag-topstories","34":"tag-uutiset"},"share_on_mastodon":{"url":"https:\/\/pubeurope.com\/@fi\/115758410261564085","error":""},"_links":{"self":[{"href":"https:\/\/www.europesays.com\/fi\/wp-json\/wp\/v2\/posts\/122431","targetHints":{"allow":["GET"]}}],"collection":[{"href":"https:\/\/www.europesays.com\/fi\/wp-json\/wp\/v2\/posts"}],"about":[{"href":"https:\/\/www.europesays.com\/fi\/wp-json\/wp\/v2\/types\/post"}],"author":[{"embeddable":true,"href":"https:\/\/www.europesays.com\/fi\/wp-json\/wp\/v2\/users\/2"}],"replies":[{"embeddable":true,"href":"https:\/\/www.europesays.com\/fi\/wp-json\/wp\/v2\/comments?post=122431"}],"version-history":[{"count":0,"href":"https:\/\/www.europesays.com\/fi\/wp-json\/wp\/v2\/posts\/122431\/revisions"}],"wp:featuredmedia":[{"embeddable":true,"href":"https:\/\/www.europesays.com\/fi\/wp-json\/wp\/v2\/media\/122432"}],"wp:attachment":[{"href":"https:\/\/www.europesays.com\/fi\/wp-json\/wp\/v2\/media?parent=122431"}],"wp:term":[{"taxonomy":"category","embeddable":true,"href":"https:\/\/www.europesays.com\/fi\/wp-json\/wp\/v2\/categories?post=122431"},{"taxonomy":"post_tag","embeddable":true,"href":"https:\/\/www.europesays.com\/fi\/wp-json\/wp\/v2\/tags?post=122431"}],"curies":[{"name":"wp","href":"https:\/\/api.w.org\/{rel}","templated":true}]}}