{"id":122433,"date":"2025-12-21T16:16:10","date_gmt":"2025-12-21T16:16:10","guid":{"rendered":"https:\/\/www.europesays.com\/fi\/122433\/"},"modified":"2025-12-21T16:16:10","modified_gmt":"2025-12-21T16:16:10","slug":"kaj-juhli-linnassa-paatyyn-asti-kahden-poliitikon-painvastaiset-neuvot-hammensivat","status":"publish","type":"post","link":"https:\/\/www.europesays.com\/fi\/122433\/","title":{"rendered":"KAJ juhli Linnassa p\u00e4\u00e4tyyn asti \u2013 kahden poliitikon p\u00e4invastaiset neuvot h\u00e4mmensiv\u00e4t"},"content":{"rendered":"<p><strong class=\"typography-bold\">Linnan juhlat itsen\u00e4isyysp\u00e4iv\u00e4n\u00e4 tekiv\u00e4t vaikutuksen KAJ-yhtyeen j\u00e4seniin.<\/strong><\/p>\n<p><a class=\"cursor-pointer underline\" data-testid=\"internal-link\" role=\"link\" data-sentry-element=\"Link\" data-sentry-component=\"InternalLink\" data-sentry-source-file=\"InternalLink.tsx\" href=\"https:\/\/www.mtvuutiset.fi\/aihe\/kaj\/9114178\" rel=\"nofollow noopener\" target=\"_blank\">KAJ<\/a>-yhtyeen j\u00e4senet olivat niiden 1800 kutsuvieraan joukossa, jotka p\u00e4\u00e4siv\u00e4t juhlimaan Suomen itsen\u00e4isyytt\u00e4 <a class=\"cursor-pointer underline\" data-testid=\"internal-link\" role=\"link\" data-sentry-element=\"Link\" data-sentry-component=\"InternalLink\" data-sentry-source-file=\"InternalLink.tsx\" href=\"https:\/\/www.mtvuutiset.fi\/aihe\/linnan-juhlat\/2839424\" rel=\"nofollow noopener\" target=\"_blank\">Linnan juhliin<\/a> t\u00e4n\u00e4 vuonna.\u00a0<\/p>\n<p><strong class=\"typography-bold\">Kevin Holmstr\u00f6m <\/strong>sek\u00e4 <strong class=\"typography-bold\">Jakob Norrg\u00e5rd <\/strong>kertoivat MTV Uutisille seuraavalla viikolla Emma-gaalan pressitilaisuudessa juhlien sujuneen yhtyeen osalta hienosti. Kolmas j\u00e4sen <strong class=\"typography-bold\">Axel \u00c5hman <\/strong>ei ollut paikalla Emma-gaalan ehdokkaiden julkistuksessa.\u00a0<\/p>\n<p>\u2013 Se oli niin siisti\u00e4 ja hienoa. Paljon ihmisi\u00e4, joita on n\u00e4hnyt vain televisiossa ja lehdiss\u00e4, jotka kaikki yht\u00e4kki\u00e4 olivat siell\u00e4. Tunnelma oli my\u00f6s todella hieno, monet tulivat juttelemaan kanssamme, se oli merkillist\u00e4, Holmstr\u00f6m kertasi.\u00a0<\/p>\n<p>Norrg\u00e5rdille ja h\u00e4nen puolisolleen mieleen oli j\u00e4\u00e4nyt erityisesti <strong class=\"typography-bold\">Ellen Svinhufvudin <\/strong>kakku, joka on ollut pitk\u00e4\u00e4n perinteinen j\u00e4lkiruoka Linnan juhlissa.<\/p>\n<p>\u2013 T\u00e4ysin maagista, todella hyv\u00e4\u00e4. Sit\u00e4 min\u00e4 suosittelen, Norrg\u00e5rd totesi.\u00a0<\/p>\n<p>Lue my\u00f6s: <a class=\"cursor-pointer underline\" data-testid=\"internal-link\" role=\"link\" data-sentry-element=\"Link\" data-sentry-component=\"InternalLink\" data-sentry-source-file=\"InternalLink.tsx\" href=\"https:\/\/www.mtvuutiset.fi\/artikkeli\/kaj-n-menestys-nakyy-nyt-yhtyetta-hammentavin-tavoin-voyrilla-se-on-valilla-ihan-hullua\/9267542\" rel=\"nofollow noopener\" target=\"_blank\">KAJ:n menestys n\u00e4kyy nyt yhtyett\u00e4 h\u00e4mment\u00e4vin tavoin V\u00f6yrill\u00e4: &#8221;Se on v\u00e4lill\u00e4 ihan hullua&#8221;<\/a><\/p>\n<p>Jatkoille KAJ:n j\u00e4senet eiv\u00e4t kertomansa mukaan l\u00e4hteneet, mutta juhlivat Presidentinlinnassa senkin edest\u00e4.\u00a0<\/p>\n<p>\u2013 Olimme aika v\u00e4syneit\u00e4, mutta olimme linnassa melkein sen sulkemiseen asti, tanssimme ja nautimme siit\u00e4 t\u00e4ysill\u00e4, sanoi Holmstr\u00f6m.\u00a0<\/p>\n<p>\u2013 Kyll\u00e4, olimme viimeisin\u00e4 linnassa, mutta jalkoihin sattui niin paljon, ett\u00e4 l\u00e4hdimme kotiin, Norrg\u00e5rd komppasi.\u00a0<\/p>\n<p>Illan aikana muun muassa <a class=\"cursor-pointer underline\" data-testid=\"internal-link\" role=\"link\" data-sentry-element=\"Link\" data-sentry-component=\"InternalLink\" data-sentry-source-file=\"InternalLink.tsx\" href=\"https:\/\/www.mtvuutiset.fi\/aihe\/hjallis-harkimo\/2874680\" rel=\"nofollow noopener\" target=\"_blank\"><strong class=\"typography-bold\">Hjallis Harkimo<\/strong><\/a><strong class=\"typography-bold\"> <\/strong>oli tarjonnut neuvojaan Linnan juhliin KAJ:n j\u00e4senille.\u00a0<\/p>\n<p>\u2013 H\u00e4n kertoi tarkalleen, kuinka kannattaa toimia, antoi muun muassa reittiohjeita. H\u00e4n yritti auttaa meit\u00e4. Sitten tapasimme <a class=\"cursor-pointer underline\" data-testid=\"internal-link\" role=\"link\" data-sentry-element=\"Link\" data-sentry-component=\"InternalLink\" data-sentry-source-file=\"InternalLink.tsx\" href=\"https:\/\/www.mtvuutiset.fi\/aihe\/li-andersson\/7050442\" rel=\"nofollow noopener\" target=\"_blank\"><strong class=\"typography-bold\">Li Anderssonin<\/strong><\/a>, joka sanoi kaikesta t\u00e4ysin p\u00e4invastoin, kuin Hjallis Harkimo sanoi. Niinh\u00e4n sen pit\u00e4\u00e4 ollakin, Norrg\u00e5rd mietti.\u00a0<\/p>\n<p>KAJ on Emma-gaalassa ehdolla kolmessa kategoriassa: vuoden biisi, vuoden yhtye sek\u00e4 vuoden artisti, joka on yleis\u00f6\u00e4\u00e4nestys.<\/p>\n<p><strong class=\"typography-bold\">Yll\u00e4 olevalla videolla KAJ:n Kevin Holmstr\u00f6m ja Jakob Norrg\u00e5rd kertovat Linnan juhlista.<\/strong><\/p>\n","protected":false},"excerpt":{"rendered":"Linnan juhlat itsen\u00e4isyysp\u00e4iv\u00e4n\u00e4 tekiv\u00e4t vaikutuksen KAJ-yhtyeen j\u00e4seniin. KAJ-yhtyeen j\u00e4senet olivat niiden 1800 kutsuvieraan joukossa, jotka p\u00e4\u00e4siv\u00e4t juhlimaan Suomen&hellip;\n","protected":false},"author":2,"featured_media":109666,"comment_status":"","ping_status":"","sticky":false,"template":"","format":"standard","meta":{"footnotes":""},"categories":[136],"tags":[407,137,33,31,30,408,32,109],"class_list":{"0":"post-122433","1":"post","2":"type-post","3":"status-publish","4":"format-standard","5":"has-post-thumbnail","7":"category-julkkikset","8":"tag-celebrities","9":"tag-entertainment","10":"tag-fi","11":"tag-finland","12":"tag-finnish","13":"tag-julkkikset","14":"tag-suomi","15":"tag-viihde"},"share_on_mastodon":{"url":"https:\/\/pubeurope.com\/@fi\/115758457333233192","error":""},"_links":{"self":[{"href":"https:\/\/www.europesays.com\/fi\/wp-json\/wp\/v2\/posts\/122433","targetHints":{"allow":["GET"]}}],"collection":[{"href":"https:\/\/www.europesays.com\/fi\/wp-json\/wp\/v2\/posts"}],"about":[{"href":"https:\/\/www.europesays.com\/fi\/wp-json\/wp\/v2\/types\/post"}],"author":[{"embeddable":true,"href":"https:\/\/www.europesays.com\/fi\/wp-json\/wp\/v2\/users\/2"}],"replies":[{"embeddable":true,"href":"https:\/\/www.europesays.com\/fi\/wp-json\/wp\/v2\/comments?post=122433"}],"version-history":[{"count":0,"href":"https:\/\/www.europesays.com\/fi\/wp-json\/wp\/v2\/posts\/122433\/revisions"}],"wp:featuredmedia":[{"embeddable":true,"href":"https:\/\/www.europesays.com\/fi\/wp-json\/wp\/v2\/media\/109666"}],"wp:attachment":[{"href":"https:\/\/www.europesays.com\/fi\/wp-json\/wp\/v2\/media?parent=122433"}],"wp:term":[{"taxonomy":"category","embeddable":true,"href":"https:\/\/www.europesays.com\/fi\/wp-json\/wp\/v2\/categories?post=122433"},{"taxonomy":"post_tag","embeddable":true,"href":"https:\/\/www.europesays.com\/fi\/wp-json\/wp\/v2\/tags?post=122433"}],"curies":[{"name":"wp","href":"https:\/\/api.w.org\/{rel}","templated":true}]}}