{"id":122434,"date":"2025-12-21T16:23:10","date_gmt":"2025-12-21T16:23:10","guid":{"rendered":"https:\/\/www.europesays.com\/fi\/122434\/"},"modified":"2025-12-21T16:23:10","modified_gmt":"2025-12-21T16:23:10","slug":"leskinen-toiseen-perattaiseen-suomen-mestaruuteen-viikkoon-pystyi-lahtemaan-pienemmilla-paineilla","status":"publish","type":"post","link":"https:\/\/www.europesays.com\/fi\/122434\/","title":{"rendered":"Leskinen toiseen per\u00e4tt\u00e4iseen Suomen mestaruuteen \u2013 &#8221;Viikkoon pystyi l\u00e4htem\u00e4\u00e4n pienemmill\u00e4 paineilla&#8221;."},"content":{"rendered":"<p><a href=\"https:\/\/www.tennis.fi\" class=\"home\" rel=\"nofollow noopener\" target=\"_blank\">Etusivu<\/a> &gt; <a href=\"https:\/\/www.tennis.fi\/uutiset\/\" class=\"post-root post post-post\" rel=\"nofollow noopener\" target=\"_blank\">Uutiset<\/a> &gt; <a href=\"https:\/\/www.tennis.fi\/uutiset\/kategoria\/raportit\/\" class=\"taxonomy category\" rel=\"nofollow noopener\" target=\"_blank\">Raportit<\/a> &gt; Leskinen toiseen per\u00e4tt\u00e4iseen Suomen mestaruuteen \u2013 \u201dViikkoon pystyi l\u00e4htem\u00e4\u00e4n pienemmill\u00e4 paineilla\u201d.        <\/p>\n<p class=\"info\">21.12.2025 \u00a0|\u00a0 18:00 \u00a0|\u00a0 Raportit<\/p>\n<p>                    <img loading=\"lazy\" width=\"1536\" height=\"870\" src=\"https:\/\/www.europesays.com\/fi\/wp-content\/uploads\/2025\/12\/DSC0427-1536x870.jpg\" class=\"attachment-1536x1536 size-1536x1536 wp-post-image\" alt=\"\" decoding=\"async\"  \/>                    <\/p>\n<p><strong>Santtu Leskinen\u00a0<\/strong>ylsi toiseen per\u00e4tt\u00e4iseen kaksinpelin Suomen mestaruuteen sis\u00e4kentill\u00e4 Kauniaisissa. Leskinen kukisti tiukassa kolmen er\u00e4n loppuottelussa <strong>Jeri Lassilan\u00a0<\/strong>erin 5-7, 7-5, 6-4.<\/p>\n<p>Turnauksen kolmanneksi sijoitettu Lassila (Smash) aloitti ottelun ter\u00e4v\u00e4sti siirtyen nopeasti 2-0 johtoon sy\u00f6t\u00f6nmurrolla. Arvonnan voittanut ja palautuksen valinnut Leskinen (Ducks) kuitenkin kampesi tiens\u00e4 tasoihin v\u00e4litt\u00f6m\u00e4sti. T\u00e4m\u00e4n j\u00e4lkeen er\u00e4ss\u00e4 edettiin tasatahtia ja yleis\u00f6 Kauniaisissa p\u00e4\u00e4si nauttimaan korkeatasoisesta tenniksest\u00e4 loppuottelussa. Er\u00e4n lopussa Leskisen pelin taso notkahti hetkellisesti ja Lassila onnistui er\u00e4n toisessa sy\u00f6t\u00f6nmurrossa puhtaasti h\u00e4vi\u00e4m\u00e4tt\u00e4 pistett\u00e4k\u00e4\u00e4n. Samalla avauser\u00e4 kirjattiin 20-vuotiaalle pelurille 7-5.<\/p>\n<p><a href=\"https:\/\/www.tennis.fi\/wp-content\/uploads\/2025\/12\/DSC04622.jpg\" rel=\"nofollow noopener\" target=\"_blank\"><img fetchpriority=\"high\" decoding=\"async\" class=\"alignnone size-medium wp-image-73529\" src=\"https:\/\/www.europesays.com\/fi\/wp-content\/uploads\/2025\/12\/DSC04622-770x588.jpg\" alt=\"\" width=\"770\" height=\"588\"  \/><\/a><\/p>\n<p>Toisessa er\u00e4ss\u00e4 tasainen taistelu jatkui kahden sitke\u00e4n pelaajan v\u00e4lill\u00e4. Leskinen iski t\u00e4ll\u00e4 kertaa ensimm\u00e4isen\u00e4 ja p\u00e4\u00e4si er\u00e4ss\u00e4 jo 4-2 johtoon. Momentum vaihtui kuitenkin nopeasti, kun Lassila kiri tasoihin ja n\u00e4ytti jo etenev\u00e4n mestaruuteen asti. Leskinen kuitenkin pelasti 4-5 tilanteessa kolme mestaruuspalloa omalla sy\u00f6t\u00f6ll\u00e4. Uutta puhtia tilanteesta saanut Leskinen jatkoi korkealla tasolla er\u00e4n loppuun asti ja tasoitti er\u00e4t 7-5 lukemin.<\/p>\n<p>32-vuotias Leskinen jatkoi kolmannessa er\u00e4ss\u00e4 samalla vauhdilla ja onnistui heti murtamaan Lassilan sy\u00f6t\u00f6n. T\u00e4m\u00e4n j\u00e4lkeen n\u00e4htiin useampia tasaisia pelej\u00e4 molempien pelaajien taistellen takakent\u00e4n palloralleissa. Lassila puristi itsens\u00e4 viel\u00e4 tasoihin, mutta kokenut Leskinen ei antanut sen vaikuttaa omaan peliin. Hallitseva mestari hankki viel\u00e4 p\u00e4iv\u00e4n viimeisen sy\u00f6t\u00f6nmurron ja p\u00e4\u00e4si sy\u00f6tt\u00e4m\u00e4\u00e4n mestaruudesta. Mestaruuspallossa Leskinen ja Lassila l\u00f6iv\u00e4t palloa edestakaisin ottelua kuvaavasti l\u00e4hes minuutin verran; lopulta Lassilan ly\u00f6nti suuntautui leve\u00e4ksi ja Leskinen nosti k\u00e4det ilmaan voitettuaan toisen per\u00e4tt\u00e4isen Suomen mestaruuden.<\/p>\n<p><a href=\"https:\/\/www.tennis.fi\/wp-content\/uploads\/2025\/12\/DSC0382.jpg\" rel=\"nofollow noopener\" target=\"_blank\"><img loading=\"lazy\" decoding=\"async\" class=\"alignnone size-medium wp-image-73526\" src=\"https:\/\/www.europesays.com\/fi\/wp-content\/uploads\/2025\/12\/DSC0382-770x473.jpg\" alt=\"\" width=\"770\" height=\"473\"  \/><\/a><\/p>\n<p>Ennen p\u00e4iv\u00e4n kohtaamista Lassila ja Leskinen olivat pelanneet vastakkain kahdesti SM-kilpailuissa \u2013 Lassila voitti SM-finaalin ulkokentill\u00e4 2024 ja vuosi sitten sis\u00e4kenttien SM-kilpailuiden v\u00e4lieriss\u00e4 samalla kent\u00e4ll\u00e4 Kauniaisissa Leskinen juhli voittoa.<\/p>\n<p>P\u00e4iv\u00e4n loppuottelu kesti l\u00e4hes kolme tuntia ja urakan j\u00e4lkeen Suomen mestari Leskinen oli v\u00e4synyt, mutta onnellinen.<\/p>\n<p>\u201dHyv\u00e4t fiilikset. Hyv\u00e4 viikko ja pitki\u00e4 matseja. Pakko olla tyytyv\u00e4inen, ett\u00e4 kroppa kesti loppuun asti.\u201d<\/p>\n<p>Toisessa er\u00e4ss\u00e4 Leskinen pelasti kolme Lassilan ottelupalloa ja resepti siihenkin oli selke\u00e4.<\/p>\n<p>\u201dSy\u00f6t\u00f6n turvin ja pikkaisen tarmoa siihen. Halusin lopettaa t\u00e4m\u00e4n viikon siten, ett\u00e4 pistet\u00e4\u00e4n kaikki peliin. Nivuset ainakin sanoo nyt, ett\u00e4 kaikki laitettiin peliin.\u201d<\/p>\n<p>32-vuotias Leskinen onnistui pitk\u00e4\u00e4n jahtaamassaan SM-kullan tavoittelussa ensimm\u00e4ist\u00e4 kertaa tasan vuosi sitten, joka toi puolestaan rentoutta t\u00e4m\u00e4n vuoden tekemiseen.<\/p>\n<p>\u201dEi voi verrata mestaruuksia toisiinsa, jokainen vuosi on omanlaisensa. Ensimm\u00e4inen mestaruus maistuu aina paremmalta, mutta toisaalta t\u00e4h\u00e4n viikkoon pystyi l\u00e4htem\u00e4\u00e4n pienemmill\u00e4 paineilla, kun oli saanut yhden kullan alta pois. Tuntui sill\u00e4 tavalla rennomalta viikolta. Granissa on tosi kiva pelata, kun on paljon tuttuja ja hyv\u00e4 meininki koko viikon\u201d, summasi Leskinen.<\/p>\n<p><a href=\"https:\/\/www.tennis.fi\/wp-content\/uploads\/2025\/12\/DSC0314.jpg\" rel=\"nofollow noopener\" target=\"_blank\"><img loading=\"lazy\" decoding=\"async\" class=\"alignnone size-medium wp-image-73527\" src=\"https:\/\/www.europesays.com\/fi\/wp-content\/uploads\/2025\/12\/DSC0314-770x540.jpg\" alt=\"\" width=\"770\" height=\"540\"  \/><\/a><\/p>\n<p><strong>KAAVIOT &amp; TULOKSET<\/strong><\/p>\n<p><a href=\"https:\/\/www.tennisassa.fi\/tournament\/673864FE-5956-4B9F-BBDD-D707EEEFD68B\/draw\/4\" rel=\"nofollow noopener\" target=\"_blank\">NAISTEN KAKSINPELI<\/a><br \/><a href=\"https:\/\/www.tennisassa.fi\/tournament\/673864FE-5956-4B9F-BBDD-D707EEEFD68B\/draw\/2\" rel=\"nofollow noopener\" target=\"_blank\">MIESTEN KAKSINPELI<\/a><\/p>\n<p>SM-kilpailuiden naisten kaksinpelin Suomen mestariksi kruunattiin\u00a0<strong>Ella Haavisto\u00a0<\/strong>(Smash) ja\u00a0<strong>Venla Ahti\u00a0<\/strong>(Smash-Kotka) saavutti SM-hopeaa (<a href=\"https:\/\/www.tennis.fi\/uutiset\/haavisto-murskaavasti-kaksinpelin-suomen-mestaruuteen-olen-ylpea-itsestani\/\" rel=\"nofollow noopener\" target=\"_blank\">lue lis\u00e4\u00e4<\/a>).<\/p>\n<p><a href=\"https:\/\/suomentennisliitto.kuvat.fi\/kuvat\/TAPAHTUMAT\/SIS\u00c4KENTTIEN+SM-KILPAILUT+2025\/\" rel=\"nofollow noopener\" target=\"_blank\">KUVAGALLERIA<\/a><\/p>\n<blockquote class=\"instagram-media\" style=\"background: #FFF; border: 0; border-radius: 3px; box-shadow: 0 0 1px 0 rgba(0,0,0,0.5),0 1px 10px 0 rgba(0,0,0,0.15); margin: 1px; max-width: 540px; min-width: 326px; padding: 0; width: calc(100% - 2px);\" data-instgrm-captioned=\"\" data-instgrm-permalink=\"https:\/\/www.instagram.com\/p\/DShvUO0DKs8\/?utm_source=ig_embed&amp;utm_campaign=loading\" data-instgrm-version=\"14\">\n<\/blockquote>\n<p class=\"small\">Jaa:<\/p>\n<p>    <script async src=\"\/\/www.instagram.com\/embed.js\"><\/script><\/p>\n","protected":false},"excerpt":{"rendered":"Etusivu &gt; Uutiset &gt; Raportit &gt; Leskinen toiseen per\u00e4tt\u00e4iseen Suomen mestaruuteen \u2013 \u201dViikkoon pystyi l\u00e4htem\u00e4\u00e4n pienemmill\u00e4 paineilla\u201d. 21.12.2025&hellip;\n","protected":false},"author":2,"featured_media":122435,"comment_status":"","ping_status":"","sticky":false,"template":"","format":"standard","meta":{"footnotes":""},"categories":[158],"tags":[33,31,30,159,32,160],"class_list":{"0":"post-122434","1":"post","2":"type-post","3":"status-publish","4":"format-standard","5":"has-post-thumbnail","7":"category-urheilu","8":"tag-fi","9":"tag-finland","10":"tag-finnish","11":"tag-sports","12":"tag-suomi","13":"tag-urheilu"},"share_on_mastodon":{"url":"https:\/\/pubeurope.com\/@fi\/115758485260257280","error":""},"_links":{"self":[{"href":"https:\/\/www.europesays.com\/fi\/wp-json\/wp\/v2\/posts\/122434","targetHints":{"allow":["GET"]}}],"collection":[{"href":"https:\/\/www.europesays.com\/fi\/wp-json\/wp\/v2\/posts"}],"about":[{"href":"https:\/\/www.europesays.com\/fi\/wp-json\/wp\/v2\/types\/post"}],"author":[{"embeddable":true,"href":"https:\/\/www.europesays.com\/fi\/wp-json\/wp\/v2\/users\/2"}],"replies":[{"embeddable":true,"href":"https:\/\/www.europesays.com\/fi\/wp-json\/wp\/v2\/comments?post=122434"}],"version-history":[{"count":0,"href":"https:\/\/www.europesays.com\/fi\/wp-json\/wp\/v2\/posts\/122434\/revisions"}],"wp:featuredmedia":[{"embeddable":true,"href":"https:\/\/www.europesays.com\/fi\/wp-json\/wp\/v2\/media\/122435"}],"wp:attachment":[{"href":"https:\/\/www.europesays.com\/fi\/wp-json\/wp\/v2\/media?parent=122434"}],"wp:term":[{"taxonomy":"category","embeddable":true,"href":"https:\/\/www.europesays.com\/fi\/wp-json\/wp\/v2\/categories?post=122434"},{"taxonomy":"post_tag","embeddable":true,"href":"https:\/\/www.europesays.com\/fi\/wp-json\/wp\/v2\/tags?post=122434"}],"curies":[{"name":"wp","href":"https:\/\/api.w.org\/{rel}","templated":true}]}}