{"id":122436,"date":"2025-12-21T16:24:10","date_gmt":"2025-12-21T16:24:10","guid":{"rendered":"https:\/\/www.europesays.com\/fi\/122436\/"},"modified":"2025-12-21T16:24:10","modified_gmt":"2025-12-21T16:24:10","slug":"voiton-jalkeen-tavattiin-torilla-jouluisen-ajoneuvokulkueen-komein-ajopeli-tuli-huittisista-alueviesti","status":"publish","type":"post","link":"https:\/\/www.europesays.com\/fi\/122436\/","title":{"rendered":"Voiton j\u00e4lkeen tavattiin torilla \u2013 jouluisen ajoneuvokulkueen komein ajopeli tuli Huittisista &#8211; Alueviesti"},"content":{"rendered":"<p><img loading=\"lazy\" decoding=\"async\" class=\"size-large wp-image-226356\" src=\"https:\/\/www.europesays.com\/fi\/wp-content\/uploads\/2025\/12\/jouluauto-758x572.jpg\" alt=\"\" width=\"758\" height=\"572\"  \/>Yhdest\u00e4 autosta tehty lava-auton ja per\u00e4k\u00e4rryn yhdistelm\u00e4 tulee ilahduttamaan koko joulun ajan ohikulkijoita valtatie 12 l\u00e4hettyvill\u00e4 Junttilanm\u00e4essa. Kuva Tuija Pirttikoski<\/p>\n<p>Joskus l\u00e4htee lapasesta, se tuli j\u00e4lleen kerran todistettua, kun huittislainen <strong>Markus Koskinen<\/strong> sai ajatuksen, ett\u00e4 voisi osallistua autollansa Kiviniityn j\u00e4rjest\u00e4m\u00e4\u00e4n jouluiseen ajoneuvokulkueeseen Sastamalassa.<\/p>\n<p>Koskisen ajatuksena oli laittaa valojen lis\u00e4ksi muutama teippi autoon. Ideasta innostuneena h\u00e4n otti yhteytt\u00e4 muun muassa teippauksia tekev\u00e4n TinttiPrintin<strong> Tuija Pirttikoskeen<\/strong> ja autopesuja hoitavan PP-pesun <strong>Petri Pirttikoskeen<\/strong>.<\/p>\n<p>\u201dMarkus soitti, ett\u00e4 jos v\u00e4h\u00e4n jotain teippej\u00e4 ja valoja\u201d, Tuija nauraa.<\/p>\n<p>Sen j\u00e4lkeen alkoi tapahtua ja lopputulos oli, ett\u00e4 Koskisen omistama 740-mallin Volvo ja samaisesta autosta tehty, Pirttikoskien pojan<strong> Jonin<\/strong> omistuksessa oleva per\u00e4k\u00e4rry ottivat kirkkaan voiton jouluisimman ajoneuvon tittelist\u00e4.<\/p>\n<p><strong>Sormenp\u00e4\u00e4t hell\u00e4n\u00e4 liimaamisesta<\/strong><\/p>\n<p>Koko komeuden koristelemiseen vier\u00e4hti lopulta pitk\u00e4lti yli viikko.<\/p>\n<p>\u201d350 metri\u00e4 valonauhaa\u201d, Petri Pirttikoski laskeskelee.<\/p>\n<p>\u201dSiin\u00e4 oli sormenp\u00e4\u00e4t muutaman p\u00e4iv\u00e4n hell\u00e4n\u00e4, kun valoja laitettiin kiinni kuumaliimalla ja teipill\u00e4. Valoja tuotiin Raumalta asti ja Markus totesi jossain vaiheessa, ettei kehtaa en\u00e4\u00e4 menn\u00e4 Tokmannilta hakemaan lis\u00e4\u00e4, kun on tyhjent\u00e4nyt kaikki hyllyt\u201d, Tuija jatkaa.<\/p>\n<p>Mit\u00e4\u00e4n selke\u00e4\u00e4 suunnitelmaa auton koristeluun ei tehty ennalta, lopputulos rakentui palanen kerrallaan.<br \/>\u201dEnsin taisi tulla ajatus, ett\u00e4 teipataan ikkunoihin tonttuja, sitten tuli idea poronsarvista katolla ja pitih\u00e4n sitten silm\u00e4tkin saada tuulilasille ja punainen nen\u00e4\u201d, Tuija kertoo.<\/p>\n<p>Eik\u00e4 koristautuminen rajoittunut vain valoihin ja teippeihin, sill\u00e4 yhten\u00e4 iltana Koskinen keksi tehd\u00e4 autolle teko\u00e4lyll\u00e4 viel\u00e4 oman joululaulunkin. Huittisten tontuista kertova poppi raikasi iloisesti auton kaiuttimista.<\/p>\n<p><strong>Auto ja Markus kohtasivat uudelleen<\/strong><\/p>\n<p>Koko yhdistelm\u00e4 on ilman valo- ja teppikerrostakin n\u00e4ht\u00e4vyys, sill\u00e4 yhdest\u00e4 farmariautosta on saatu rakennettua sek\u00e4 lava-auto ett\u00e4 per\u00e4k\u00e4rry.<\/p>\n<p>\u201dHeti ei v\u00e4ltt\u00e4m\u00e4tt\u00e4 edes ymm\u00e4rt\u00e4isi, ett\u00e4 kokonaisuus on tehty yhdest\u00e4 ja samasta autosta\u201d, Petri tuumii.<\/p>\n<p>Samanlaista yhdistelm\u00e4\u00e4 ei Suomessa varmasti tule vastaan.<\/p>\n<p>\u201dAutolla on varsin erikoinen tarina, sill\u00e4 Markus on rakentanut sit\u00e4 kymmenkunta vuotta sitten ammattikoulussa. Kun koulu loppui, auto j\u00e4i sinne ja vuosien aikana siin\u00e4 on ollut monet muutkin n\u00e4pit peliss\u00e4. Ihan t\u00e4ss\u00e4 muutama viikko sitten koulu halusi p\u00e4\u00e4st\u00e4 autosta eroon ja Markus p\u00e4\u00e4tti hankkia sen itselleen. Joni osti per\u00e4k\u00e4rryn ja siin\u00e4 se nyt on serkusten yhteisen\u00e4 projektina\u201d, Tuija kertoo.<\/p>\n<p>\u201dTieliikennekelpoinen vehje se ei tietenk\u00e4\u00e4n ole, eik\u00e4 moista saisi Suomessa ikin\u00e4 rekisteriin, mutta on se sen verran erikoisen n\u00e4k\u00f6inen, ett\u00e4 her\u00e4tt\u00e4\u00e4 kyll\u00e4 kiinnostusta\u201d Petri sanoo.<\/p>\n<p><img loading=\"lazy\" decoding=\"async\" class=\"size-large wp-image-226357\" src=\"https:\/\/www.europesays.com\/fi\/wp-content\/uploads\/2025\/12\/jouluauto-2-740x768.jpg\" alt=\"\" width=\"740\" height=\"768\"  \/>Ensin autoon tulivat sarvet, sitten silm\u00e4t ja punanen\u00e4.<\/p>\n<p>Kun voitto kilpailusta tuli, ei sit\u00e4 tyyliin sopivasti voinut tietenk\u00e4\u00e4n juhlistaa mill\u00e4\u00e4n muulla tavalla kuin torilla tapaamalla.<\/p>\n<p>Voitokas auto oli n\u00e4ht\u00e4vill\u00e4 Huittisten torilla eilen sunnuntaina.<\/p>\n<p>\u201dNiin se menee, ett\u00e4 kun voitetaan, niin torilla tavataan\u201d, Pirttikosket nauravat.<\/p>\n<p>Mik\u00e4li auto j\u00e4i kulkueessa tai torilla n\u00e4kem\u00e4tt\u00e4, voi sit\u00e4 ihastella koko joulun ajan PP-pesun ja Tinttiprintin toimitilojen kulmalla Junttilanm\u00e4essa.<\/p>\n<p>\u201dSiin\u00e4 se saa olla valot p\u00e4\u00e4ll\u00e4 ainakin uuteenvuoteen asti. Luulisi loistavan ihan pikatielle asti\u201d, pariskunta sanoo.<\/p>\n<p>Seuraavana vuonna joulukulkuetta ihastellaan toivottavasti my\u00f6s Huittisissa.<\/p>\n<p>\u201dMeill\u00e4 on siihen jo aika monta muutakin menopeli\u00e4 pohdittuna linja-autosta l\u00e4htien\u201d, Petri paljastaa.<\/p>\n","protected":false},"excerpt":{"rendered":"Yhdest\u00e4 autosta tehty lava-auton ja per\u00e4k\u00e4rryn yhdistelm\u00e4 tulee ilahduttamaan koko joulun ajan ohikulkijoita valtatie 12 l\u00e4hettyvill\u00e4 Junttilanm\u00e4essa. Kuva&hellip;\n","protected":false},"author":2,"featured_media":122437,"comment_status":"","ping_status":"","sticky":false,"template":"","format":"standard","meta":{"footnotes":""},"categories":[130],"tags":[137,33,31,30,32,109],"class_list":{"0":"post-122436","1":"post","2":"type-post","3":"status-publish","4":"format-standard","5":"has-post-thumbnail","7":"category-viihde","8":"tag-entertainment","9":"tag-fi","10":"tag-finland","11":"tag-finnish","12":"tag-suomi","13":"tag-viihde"},"share_on_mastodon":{"url":"https:\/\/pubeurope.com\/@fi\/115758488899225876","error":""},"_links":{"self":[{"href":"https:\/\/www.europesays.com\/fi\/wp-json\/wp\/v2\/posts\/122436","targetHints":{"allow":["GET"]}}],"collection":[{"href":"https:\/\/www.europesays.com\/fi\/wp-json\/wp\/v2\/posts"}],"about":[{"href":"https:\/\/www.europesays.com\/fi\/wp-json\/wp\/v2\/types\/post"}],"author":[{"embeddable":true,"href":"https:\/\/www.europesays.com\/fi\/wp-json\/wp\/v2\/users\/2"}],"replies":[{"embeddable":true,"href":"https:\/\/www.europesays.com\/fi\/wp-json\/wp\/v2\/comments?post=122436"}],"version-history":[{"count":0,"href":"https:\/\/www.europesays.com\/fi\/wp-json\/wp\/v2\/posts\/122436\/revisions"}],"wp:featuredmedia":[{"embeddable":true,"href":"https:\/\/www.europesays.com\/fi\/wp-json\/wp\/v2\/media\/122437"}],"wp:attachment":[{"href":"https:\/\/www.europesays.com\/fi\/wp-json\/wp\/v2\/media?parent=122436"}],"wp:term":[{"taxonomy":"category","embeddable":true,"href":"https:\/\/www.europesays.com\/fi\/wp-json\/wp\/v2\/categories?post=122436"},{"taxonomy":"post_tag","embeddable":true,"href":"https:\/\/www.europesays.com\/fi\/wp-json\/wp\/v2\/tags?post=122436"}],"curies":[{"name":"wp","href":"https:\/\/api.w.org\/{rel}","templated":true}]}}