{"id":122440,"date":"2025-12-21T16:28:08","date_gmt":"2025-12-21T16:28:08","guid":{"rendered":"https:\/\/www.europesays.com\/fi\/122440\/"},"modified":"2025-12-21T16:28:08","modified_gmt":"2025-12-21T16:28:08","slug":"ruotsin-viranomaiset-poistuivat-venalaisaluksesta-varustamo-pakotelistalla","status":"publish","type":"post","link":"https:\/\/www.europesays.com\/fi\/122440\/","title":{"rendered":"Ruotsin viranomaiset poistuivat ven\u00e4l\u00e4isaluksesta \u2013 varustamo pakotelistalla"},"content":{"rendered":"<p>Adler-rahtilaivan omistava varustamo on EU:n pakotelistalla pohjoiskorealaisten ampumatarvikkeiden kuljetuksen vuoksi.<\/p>\n<p class=\"article-body mb-nof-24 px-nof-16\">Ruotsin tulli ja rannikkovartiosto nousivat sunnuntain vastaisena y\u00f6n\u00e4 ven\u00e4l\u00e4iseen Adler-rahtialukseen, joka on ankkuroinut Sk\u00e5nen rannikon edustalle. Alus sanoi ankkuroineensa Ruotsin vesille koneongelmien vuoksi.<\/p>\n<p class=\"article-body mb-nof-24 px-nof-16\">Ruotsin viranomaiset poistuivat aluksesta iltap\u00e4iv\u00e4ll\u00e4. Tullin edustajan <a class=\"article-personlink\" href=\"https:\/\/www.aamulehti.fi\/haku\/?query=Martin%20Norellin\" rel=\"nofollow noopener\" target=\"_blank\">Martin Norellin<\/a> mukaan rahtilaivassa on lastia, mutta h\u00e4n ei tarkenna mit\u00e4.<\/p>\n<p class=\"article-body mb-nof-24 px-nof-16\">Viranomaiset varmistavat seuraavaksi, onko aluksen kuljettamaa tavaraa sallittua tuoda EU:hun. Ei ole varmuutta, kuinka kauan asian tarkistaminen vie.<\/p>\n<p class=\"article-body mb-nof-24 px-nof-16\">\u201dSen j\u00e4lkeen tulee jonkinlainen viranomaisp\u00e4\u00e4t\u00f6s. Joko alus saa jatkaa matkaansa tai sitten voi tulla seuraamuksia\u201d, Norell sanoo.<\/p>\n<p>L\u00e4hti t\u00e4ll\u00e4 viikolla Pietarista<\/p>\n<p class=\"article-body mb-nof-24 px-nof-16\">Rahtilaiva Adlerin omistava varustamo M Leasing LLC on EU:n ja Yhdysvaltojen pakotelistoilla. EU:n <a class=\"article-genericlink\" href=\"https:\/\/data.consilium.europa.eu\/doc\/document\/ST-11136-2025-INIT\/fi\/pdf\" rel=\"nofollow noopener\" target=\"_blank\">mukaan<\/a> varustamon alukset ovat kuljettaneet pohjoiskorealaisia ampumatarvikkeita Ven\u00e4j\u00e4n k\u00e4ytett\u00e4v\u00e4ksi Ukrainassa.<\/p>\n<p class=\"article-body mb-nof-24 px-nof-16\">Adler oli l\u00e4htenyt pietarilaisesta satamasta aiemmin t\u00e4ll\u00e4 viikolla.<\/p>\n<p class=\"article-body mb-nof-24 px-nof-16\">Viranomaiset nousivat laivaan poliisin l\u00e4sn\u00e4 ollessa v\u00e4h\u00e4n yhden j\u00e4lkeen y\u00f6ll\u00e4 Ruotsin aikaa.<\/p>\n<p class=\"article-body mb-nof-24 px-nof-16\">Ruotsin tullin mukaan my\u00f6s poliisin kansallisen operatiivisen osaston NOA:n henkil\u00f6st\u00f6\u00e4 osallistui operaatioon. <a class=\"article-genericlink\" href=\"https:\/\/www.svt.se\/nyheter\/lokalt\/helsingborg\/ryskt-fartyg-ankrat-utanfor-hoganas-kan-kopplas-till-ryska-militaren\" rel=\"nofollow noopener\" target=\"_blank\">SVT:n<\/a> tietojen mukaan my\u00f6s turvallisuuspoliisi S\u00e4po olisi ollut mukana, mit\u00e4 tulli ei kuitenkaan ole vahvistanut.<\/p>\n<p class=\"article-body mb-nof-24 px-nof-16\">Operaatio sujui tullin mukaan rauhallisesti.<\/p>\n","protected":false},"excerpt":{"rendered":"Adler-rahtilaivan omistava varustamo on EU:n pakotelistalla pohjoiskorealaisten ampumatarvikkeiden kuljetuksen vuoksi. Ruotsin tulli ja rannikkovartiosto nousivat sunnuntain vastaisena y\u00f6n\u00e4&hellip;\n","protected":false},"author":2,"featured_media":1431,"comment_status":"","ping_status":"","sticky":false,"template":"","format":"standard","meta":{"footnotes":""},"categories":[14],"tags":[157,22,23,26,27,33,31,30,17,24,25,28,29,15,18,21,32,19,20,56,16,59,60,61],"class_list":{"0":"post-122440","1":"post","2":"type-post","3":"status-publish","4":"format-standard","5":"has-post-thumbnail","7":"category-ulkomaat","8":"tag-aamulehti","9":"tag-breaking-news","10":"tag-breakingnews","11":"tag-featured-news","12":"tag-featurednews","13":"tag-fi","14":"tag-finland","15":"tag-finnish","16":"tag-headlines","17":"tag-latest-news","18":"tag-latestnews","19":"tag-main-news","20":"tag-mainnews","21":"tag-news","22":"tag-otsikot","23":"tag-paauutiset","24":"tag-suomi","25":"tag-top-stories","26":"tag-topstories","27":"tag-ulkomaat","28":"tag-uutiset","29":"tag-world","30":"tag-world-news","31":"tag-worldnews"},"share_on_mastodon":{"url":"https:\/\/pubeurope.com\/@fi\/115758504637566198","error":""},"_links":{"self":[{"href":"https:\/\/www.europesays.com\/fi\/wp-json\/wp\/v2\/posts\/122440","targetHints":{"allow":["GET"]}}],"collection":[{"href":"https:\/\/www.europesays.com\/fi\/wp-json\/wp\/v2\/posts"}],"about":[{"href":"https:\/\/www.europesays.com\/fi\/wp-json\/wp\/v2\/types\/post"}],"author":[{"embeddable":true,"href":"https:\/\/www.europesays.com\/fi\/wp-json\/wp\/v2\/users\/2"}],"replies":[{"embeddable":true,"href":"https:\/\/www.europesays.com\/fi\/wp-json\/wp\/v2\/comments?post=122440"}],"version-history":[{"count":0,"href":"https:\/\/www.europesays.com\/fi\/wp-json\/wp\/v2\/posts\/122440\/revisions"}],"wp:featuredmedia":[{"embeddable":true,"href":"https:\/\/www.europesays.com\/fi\/wp-json\/wp\/v2\/media\/1431"}],"wp:attachment":[{"href":"https:\/\/www.europesays.com\/fi\/wp-json\/wp\/v2\/media?parent=122440"}],"wp:term":[{"taxonomy":"category","embeddable":true,"href":"https:\/\/www.europesays.com\/fi\/wp-json\/wp\/v2\/categories?post=122440"},{"taxonomy":"post_tag","embeddable":true,"href":"https:\/\/www.europesays.com\/fi\/wp-json\/wp\/v2\/tags?post=122440"}],"curies":[{"name":"wp","href":"https:\/\/api.w.org\/{rel}","templated":true}]}}