{"id":122442,"date":"2025-12-21T16:30:12","date_gmt":"2025-12-21T16:30:12","guid":{"rendered":"https:\/\/www.europesays.com\/fi\/122442\/"},"modified":"2025-12-21T16:30:12","modified_gmt":"2025-12-21T16:30:12","slug":"sport-aloittaa-tyhjennysmyynnin-topi-nattiselta-taystyrmays-eivat-aja-seuran-etua","status":"publish","type":"post","link":"https:\/\/www.europesays.com\/fi\/122442\/","title":{"rendered":"Sport aloittaa tyhjennysmyynnin \u2013 Topi N\u00e4ttiselt\u00e4 t\u00e4ystyrm\u00e4ys: \u201dEiv\u00e4t aja seuran etua\u201d"},"content":{"rendered":"<p>K\u00e4det pystyyn nostaneen liigaseuran selitykset eiv\u00e4t vakuuta Sanoman kiekkoasiantuntijaa.<\/p>\n<p>Lue tiivistelm\u00e4<\/p>\n<p class=\"article-body mb-nof-24 px-nof-16 sndp-summary-bullet-point-font\">J\u00e4\u00e4kiekon SM-liigassa viimeisen\u00e4 oleva Vaasan Sport aloittaa pelaajien tyhjennysmyynnin ja vetoaa kannattajiin sek\u00e4 yhteisty\u00f6kumppaneihin.<\/p>\n<p class=\"article-body mb-nof-24 px-nof-16 sndp-summary-bullet-point-font\">Sanoman j\u00e4\u00e4kiekkoasiantuntija Topi N\u00e4ttinen tyrm\u00e4\u00e4 Sportin perustelut ja kritisoi seuraa rahan kerj\u00e4\u00e4misest\u00e4, vaikka seura on tehnyt jo useita osakeanteja.<\/p>\n<p class=\"article-body mb-nof-24 px-nof-16 sndp-summary-bullet-point-font\">N\u00e4ttisen mukaan Sportilta puuttuu strateginen n\u00e4kemys ja selke\u00e4 johtajuus, ja seura yritt\u00e4\u00e4 pelastaa vain omistajien maineen.<\/p>\n<p class=\"article-body mb-nof-24 px-nof-16\">J\u00e4\u00e4kiekon SM-liigassa viimeisen\u00e4 oleva Vaasan Sport <a class=\"article-genericlink\" href=\"https:\/\/www.is.fi\/sm-liiga\/art-2000011707741.html\" rel=\"nofollow noopener\" target=\"_blank\">ilmoitti sunnuntaina<\/a> olevansa valmis myym\u00e4\u00e4n pelaajia eli aloittamaan niin sanotun tyhjennysmyynnin.<\/p>\n<p class=\"article-body mb-nof-24 px-nof-16\">Seura julkaisi verkkosivuillaan <a class=\"article-genericlink\" href=\"https:\/\/vaasansport.fi\/fi-fi\/article\/uutinen\/aina-ei-mene-kuin-stromsossa-vaikka-lahella-asummekin-lue-tiedote\/8678\/\" rel=\"nofollow noopener\" target=\"_blank\">tiedotteen<\/a>, jossa se perustelee p\u00e4\u00e4t\u00f6st\u00e4 mahdollisuudella rakentaa ensi kaudeksi joukkue, joka \u201dkest\u00e4\u00e4 historian brutaaleimman sarjan\u201d.<\/p>\n<p class=\"article-body mb-nof-24 px-nof-16\">Muotoilu viittaa SM-liigan sarjauudistukseen, jossa ensi kausi on siirtym\u00e4kausi. Mukana on 17 tai 18 joukkuetta, joista vain 14 lunastaa paikan sit\u00e4 seuraavan kauden p\u00e4\u00e4sarjaan, kun loput putoavat toiselle sarjatasolle.<\/p>\n<p class=\"article-body mb-nof-24 px-nof-16\">Sanoman j\u00e4\u00e4kiekkoasiantuntija <a class=\"article-personlink\" href=\"https:\/\/www.is.fi\/haku\/?query=Topi%20N%C3%A4ttinen\" rel=\"nofollow noopener\" target=\"_blank\">Topi N\u00e4ttinen<\/a> tyrm\u00e4\u00e4 Sportin tiedotteen t\u00e4ysin. H\u00e4n ymm\u00e4rt\u00e4\u00e4 p\u00e4\u00e4t\u00f6ksen pelaajamyynneist\u00e4, mutta kuvailee perusteluita h\u00e4mm\u00e4stytt\u00e4viksi.<\/p>\n<p class=\"article-body mb-nof-24 px-nof-16\">\u2013\u2009Tyhjennysmyynti oli selv\u00e4 homma eik\u00e4 yll\u00e4t\u00e4 mill\u00e4\u00e4n tavalla. J\u00e4rjestelm\u00e4 antaa siihen mahdollisuuden ja toivottavasti viimeist\u00e4 kertaa. Taloudellisesti ratkaisu on j\u00e4rkev\u00e4.<\/p>\n<p class=\"article-body mb-nof-24 px-nof-16\">\u2013\u2009Mutta jos t\u00e4m\u00e4n tiedotteen kautta analysoi Sportin toimintaa yleisesti, niin onhan t\u00e4m\u00e4 aikamoinen sirkus. Todella surkeaa urheilu- ja seurajohtamista ja nyt viel\u00e4 suorastaan runollinen tiedote, jonka sanavalinnoista tulee olo, ett\u00e4 onko sit\u00e4 edes tehty tosissaan, vai vedettiink\u00f6 l\u00e4p\u00e4ll\u00e4, N\u00e4ttinen lataa.<\/p>\n<p><img decoding=\"async\" src=\"https:\/\/www.europesays.com\/fi\/wp-content\/uploads\/2025\/12\/1766334609_503_468.jpg\" alt=\"Lauantaina Tappara kylvetti Sportia Tampereella maalein 5\u20130.\" class=\"_Img_1rerz_1\" style=\"aspect-ratio:1.5\" loading=\"eager\"\/><\/p>\n<p class=\"article-picture-caption\">Lauantaina Tappara kylvetti Sportia Tampereella maalein 5\u20130. Kuva:\u00a0Jukka Ritola \/ Aamulehti<\/p>\n<p class=\"article-body mb-nof-24 px-nof-16\">Sport my\u00f6nt\u00e4\u00e4 ulostulossaan yritt\u00e4neens\u00e4 ostaa menestyst\u00e4 nopeasti, pahoittelee pieleen mennytt\u00e4 kauttaan ja pyyt\u00e4\u00e4 tukea kannattajilta ja yhteisty\u00f6kumppaneilta.<\/p>\n<p class=\"article-body mb-nof-24 px-nof-16\">\u2013\u2009Annan isot pisteet virheen my\u00f6nt\u00e4misest\u00e4. On ihmiskunnan jaloimpia asioita, ett\u00e4 osataan ja uskalletaan pyyt\u00e4\u00e4 anteeksi.<\/p>\n<p class=\"article-body mb-nof-24 px-nof-16\">\u2013\u2009Mutta samalla ei kuitenkaan kerrota, mit\u00e4 muuta aiotaan tehd\u00e4 kuin myyd\u00e4 pelaajia. Ja sitten sanotaan kannattajille ja sponsoreille, miten paljon heit\u00e4 tarvitaan eli toisin sanoen kinutaan rahaa. Se latistaa anteeksipyynn\u00f6n, N\u00e4ttinen kritisoi.<\/p>\n<p class=\"article-body mb-nof-24 px-nof-16\">Asiantuntijaa risoo kannattajiin ja yhteisty\u00f6kumppaneihin vetoaminen, sill\u00e4 Sport on l\u00e4hivuosina tehnyt jo useita osakeanteja. My\u00f6s t\u00e4ll\u00e4 kaudella se pyysi ja sai yleis\u00f6lt\u00e4 ja yrityksilt\u00e4 rahallista tukea voidakseen hankkia puolustaja <a class=\"article-personlink\" href=\"https:\/\/www.is.fi\/haku\/?query=Brad%20Huntin\" rel=\"nofollow noopener\" target=\"_blank\">Brad Huntin<\/a>.<\/p>\n<p class=\"article-body mb-nof-24 px-nof-16\">\u2013\u2009Jos h\u00e4net nyt myyd\u00e4\u00e4n, se on laillinen pankkiry\u00f6st\u00f6.<\/p>\n<p class=\"article-body mb-nof-24 px-nof-16\">Lis\u00e4ksi Sport sanoo, ett\u00e4 seura olisi toiminut eri tavalla, jos olisi tiennyt ennen kautta, ett\u00e4 sarjaj\u00e4rjestelm\u00e4 muuttuu. Uudistuksen yhteydess\u00e4 t\u00e4m\u00e4n kauden liigakarsinnat peruttiin.<\/p>\n<p class=\"article-body mb-nof-24 px-nof-16\">\u2013\u2009On totta, ett\u00e4 s\u00e4\u00e4nn\u00f6t muuttuivat kesken pelin, mutta miten kaikki muut seurat osasivat tehd\u00e4 asiat toisin? Sit\u00e4 paitsi karsintojen peruminenhan on Sportin etu.<\/p>\n<p class=\"article-body mb-nof-24 px-nof-16\">\u2013\u2009Sitten syytell\u00e4\u00e4n rivien v\u00e4liss\u00e4 liigaa, kun on tulossa \u201dbrutaali\u201d kausi. Sport on saanut liigalta k\u00e4sitt\u00e4m\u00e4tt\u00f6m\u00e4n mahdollisuuden perseill\u00e4 kymmenen vuotta ilman mit\u00e4\u00e4n vastuuta, N\u00e4ttinen tylytt\u00e4\u00e4 viitaten suljettuun sarjaan.<\/p>\n<p><img decoding=\"async\" src=\"https:\/\/www.europesays.com\/fi\/wp-content\/uploads\/2025\/12\/1765377011_416_468.jpg\" alt=\"Doug Shedden tuli Sportin p\u00e4\u00e4valmentajaksi lokakuussa, kun seura erotti yll\u00e4tt\u00e4en Juuso Hahlin. Sheddenin kaksikuukautisen pestin aikana vaasalaisten tilanne heikkeni entisest\u00e4\u00e4n.\" class=\"_Img_1rerz_1\" style=\"aspect-ratio:1.3578500707213579\" loading=\"eager\"\/><\/p>\n<p class=\"article-picture-caption\">Doug Shedden tuli Sportin p\u00e4\u00e4valmentajaksi lokakuussa, kun seura erotti yll\u00e4tt\u00e4en Juuso Hahlin. Sheddenin kaksikuukautisen pestin aikana vaasalaisten tilanne heikkeni entisest\u00e4\u00e4n. Kuva:\u00a0Jussi Eskola<\/p>\n<p class=\"article-body mb-nof-24 px-nof-16\">N\u00e4ttinen pit\u00e4\u00e4 tiedotetta ristiriitaisena. Sport my\u00f6nt\u00e4\u00e4 tavoitelleensa nopeaa menestyst\u00e4 ja sanoo, ett\u00e4 kovenevassa kilpailussa p\u00e4rj\u00e4\u00e4v\u00e4t ne seurat, jotka on rakennettu kest\u00e4v\u00e4sti eik\u00e4 \u201dquick fix -ratkaisujen varaan\u201d.<\/p>\n<p class=\"article-body mb-nof-24 px-nof-16\">Samalla tiedotteessa kuitenkin korostuu N\u00e4ttisen mielest\u00e4 juuri p\u00e4\u00e4sarjapaikan s\u00e4ilytt\u00e4minen yksitt\u00e4isell\u00e4 eli ensi kaudella.<\/p>\n<p class=\"article-body mb-nof-24 px-nof-16\">\u2013\u2009Nyth\u00e4n haetaan nimenomaan sit\u00e4 \u201dquick fixi\u00e4\u201d, jolle tiedotteessa ei l\u00f6ydetty suomenkielist\u00e4 termi\u00e4. Tiedote henkii sit\u00e4, ett\u00e4 nyt ly\u00f6d\u00e4\u00e4n kaikki pelimerkit ensi kauteen. Samalla annetaan ymm\u00e4rt\u00e4\u00e4, ett\u00e4 jos se ei toimi, niin p\u00e4\u00e4sarja- ja koko j\u00e4\u00e4kiekkotoiminta p\u00e4\u00e4ttyy, N\u00e4ttinen analysoi.<\/p>\n<p class=\"article-body mb-nof-24 px-nof-16\">\u2013\u2009Jos omistajat ja seurajohtajat olisivat oikeasti vaasalaisen j\u00e4\u00e4kiekon asialla, rahat laitettaisiin pitk\u00e4\u00e4n peliin. Nyt sanotaan suorin sanoin, ett\u00e4 jos ei ole liigapaikkaa, ei ole mit\u00e4\u00e4n. Olen eri mielt\u00e4. Sport voi olla arvokas ja t\u00e4rke\u00e4 alemmallakin tasolla.<\/p>\n<p class=\"article-body mb-nof-24 px-nof-16\">\u2013\u2009Rahaa anelevat omistajat ja seurajohtajat eiv\u00e4t aja t\u00e4ss\u00e4 Sportin etua. He yritt\u00e4v\u00e4t pelastaa oman maineensa, jotta voivat juoda punaviini\u00e4 ja sy\u00f6d\u00e4 katkarapuja liigap\u00f6yd\u00e4ss\u00e4.<\/p>\n<p class=\"article-body mb-nof-24 px-nof-16\">N\u00e4ttisen mielest\u00e4 mik\u00e4\u00e4n tiedotteessa ei anna ymm\u00e4rt\u00e4\u00e4, ett\u00e4 Sport olisi oikeasti oppinut virheist\u00e4\u00e4n ja tekisi jatkossa asiat toisin.<\/p>\n<p class=\"article-body mb-nof-24 px-nof-16\">\u2013\u2009T\u00e4llaisena tyhjennysmyynti on v\u00e4h\u00e4n kuin maksaisi luottokorttilaskun pois. On v\u00e4h\u00e4n parempi olla kun saldo n\u00e4ytt\u00e4\u00e4 nollaa, mutta parin kuukauden p\u00e4\u00e4st\u00e4 ollaan taas miinuksella.<\/p>\n<p><img decoding=\"async\" src=\"https:\/\/www.europesays.com\/fi\/wp-content\/uploads\/2025\/12\/1766334612_940_468.jpg\" alt=\"Jussi Tapio nimettiin Sportin p\u00e4\u00e4valmentajaksi joulukuussa.\" class=\"_Img_1rerz_1\" style=\"aspect-ratio:1.5011727912431587\" loading=\"eager\"\/><\/p>\n<p class=\"article-picture-caption\">Jussi Tapio nimettiin Sportin p\u00e4\u00e4valmentajaksi joulukuussa. Kuva:\u00a0Pasi Suokko<\/p>\n<p class=\"article-body mb-nof-24 px-nof-16\">Sportilta puuttuu N\u00e4ttisen mielest\u00e4 strateginen n\u00e4kemys ja selke\u00e4 johtajuus.<\/p>\n<p class=\"article-body mb-nof-24 px-nof-16\">\u2013\u2009Ensin Sportin pit\u00e4isi p\u00e4\u00e4tt\u00e4\u00e4, haluaako se esimerkiksi olla pikkuseura p\u00e4\u00e4sarjassa vai suurseura toisella sarjatasolla. Sitten tehd\u00e4\u00e4n sen mukaisia toimia ja ihmiset tekev\u00e4t omia t\u00f6it\u00e4\u00e4n puuttumatta toisten tonteille, N\u00e4ttinen linjaa.<\/p>\n<p class=\"article-body mb-nof-24 px-nof-16\">Entisen liigahy\u00f6kk\u00e4\u00e4j\u00e4n mielest\u00e4 Sportissa on my\u00f6s aika mietti\u00e4, onko seurassa oikeat henkil\u00f6t oikeissa rooleissa. N\u00e4ttiselle on j\u00e4\u00e4nyt ep\u00e4selv\u00e4ksi, kuka on vastuussa esimerkiksi siit\u00e4, ett\u00e4 Sportilla on ollut t\u00e4ll\u00e4 kaudella jo kolme p\u00e4\u00e4valmentajaa.<\/p>\n<p class=\"article-body mb-nof-24 px-nof-16\">\u2013\u2009Mielest\u00e4ni vastuun urheilutoiminnasta tulisi tietenkin olla urheilujohtaja <a class=\"article-personlink\" href=\"https:\/\/www.is.fi\/haku\/?query=Ari-Pekka%20Pajuluomalla\" rel=\"nofollow noopener\" target=\"_blank\">Ari-Pekka Pajuluomalla<\/a>, mutta minusta tuntuu, ett\u00e4 Sportin omistajat eiv\u00e4t ihan ymm\u00e4rr\u00e4 omaa tonttiaan ja sekaantuvat asioihin.<\/p>\n<p class=\"article-body mb-nof-24 px-nof-16\">\u2013\u2009Jos Pajuluoma kokee, ett\u00e4 h\u00e4nell\u00e4 on valtuudet tehd\u00e4 ty\u00f6ns\u00e4, vastuu on h\u00e4nen, mutta jos h\u00e4n ei pysy pit\u00e4m\u00e4\u00e4n puoliaan ja tekem\u00e4\u00e4n ty\u00f6t\u00e4\u00e4n, h\u00e4nen pit\u00e4\u00e4 siirty\u00e4 pois. Sportissa pit\u00e4\u00e4 nyt kaikkien katsoa peiliin ja mietti\u00e4, kuka on tehnyt kenenkin t\u00f6it\u00e4.<\/p>\n<p class=\"article-body mb-nof-24 px-nof-16\">Valmentajille ja pelaajille N\u00e4ttinen antaa kuitenkin synninp\u00e4\u00e4st\u00f6n siit\u00e4, ett\u00e4 Sport on sarjassa viimeisen\u00e4 14 pisteen p\u00e4\u00e4ss\u00e4 pudotuspelipaikasta.<\/p>\n<p class=\"article-body mb-nof-24 px-nof-16\">\u2013\u2009Valmentajat ovat syytt\u00f6mi\u00e4 siihen, ett\u00e4 heid\u00e4t on palkattu, ja pelaajat ovat riitt\u00e4v\u00e4n hyvi\u00e4, ett\u00e4 Sport voisi pelata play-off-paikasta. Toimisto on kuitenkin vienyt joukkueelta mahdollisuuden onnistua edes v\u00e4ltt\u00e4v\u00e4sti, N\u00e4ttinen lataa.<\/p>\n","protected":false},"excerpt":{"rendered":"K\u00e4det pystyyn nostaneen liigaseuran selitykset eiv\u00e4t vakuuta Sanoman kiekkoasiantuntijaa. Lue tiivistelm\u00e4 J\u00e4\u00e4kiekon SM-liigassa viimeisen\u00e4 oleva Vaasan Sport aloittaa&hellip;\n","protected":false},"author":2,"featured_media":122443,"comment_status":"","ping_status":"","sticky":false,"template":"","format":"standard","meta":{"footnotes":""},"categories":[5],"tags":[22,23,26,27,33,31,30,17,34,24,25,28,29,15,18,21,32,19,20,16],"class_list":{"0":"post-122442","1":"post","2":"type-post","3":"status-publish","4":"format-standard","5":"has-post-thumbnail","7":"category-otsikot","8":"tag-breaking-news","9":"tag-breakingnews","10":"tag-featured-news","11":"tag-featurednews","12":"tag-fi","13":"tag-finland","14":"tag-finnish","15":"tag-headlines","16":"tag-ilta-sanomat","17":"tag-latest-news","18":"tag-latestnews","19":"tag-main-news","20":"tag-mainnews","21":"tag-news","22":"tag-otsikot","23":"tag-paauutiset","24":"tag-suomi","25":"tag-top-stories","26":"tag-topstories","27":"tag-uutiset"},"share_on_mastodon":{"url":"https:\/\/pubeurope.com\/@fi\/115758512643692764","error":""},"_links":{"self":[{"href":"https:\/\/www.europesays.com\/fi\/wp-json\/wp\/v2\/posts\/122442","targetHints":{"allow":["GET"]}}],"collection":[{"href":"https:\/\/www.europesays.com\/fi\/wp-json\/wp\/v2\/posts"}],"about":[{"href":"https:\/\/www.europesays.com\/fi\/wp-json\/wp\/v2\/types\/post"}],"author":[{"embeddable":true,"href":"https:\/\/www.europesays.com\/fi\/wp-json\/wp\/v2\/users\/2"}],"replies":[{"embeddable":true,"href":"https:\/\/www.europesays.com\/fi\/wp-json\/wp\/v2\/comments?post=122442"}],"version-history":[{"count":0,"href":"https:\/\/www.europesays.com\/fi\/wp-json\/wp\/v2\/posts\/122442\/revisions"}],"wp:featuredmedia":[{"embeddable":true,"href":"https:\/\/www.europesays.com\/fi\/wp-json\/wp\/v2\/media\/122443"}],"wp:attachment":[{"href":"https:\/\/www.europesays.com\/fi\/wp-json\/wp\/v2\/media?parent=122442"}],"wp:term":[{"taxonomy":"category","embeddable":true,"href":"https:\/\/www.europesays.com\/fi\/wp-json\/wp\/v2\/categories?post=122442"},{"taxonomy":"post_tag","embeddable":true,"href":"https:\/\/www.europesays.com\/fi\/wp-json\/wp\/v2\/tags?post=122442"}],"curies":[{"name":"wp","href":"https:\/\/api.w.org\/{rel}","templated":true}]}}