{"id":122446,"date":"2025-12-21T16:45:08","date_gmt":"2025-12-21T16:45:08","guid":{"rendered":"https:\/\/www.europesays.com\/fi\/122446\/"},"modified":"2025-12-21T16:45:08","modified_gmt":"2025-12-21T16:45:08","slug":"nick-reinerin-ja-isan-valinen-rajahdysmainen-murhia-edeltanyt-riita-sai-vieraat-paniikkiin-conan-obrien-esti-hatapuhelun","status":"publish","type":"post","link":"https:\/\/www.europesays.com\/fi\/122446\/","title":{"rendered":"Nick Reinerin ja is\u00e4n v\u00e4linen r\u00e4j\u00e4hdysm\u00e4inen murhia edelt\u00e4nyt riita sai vieraat paniikkiin \u2013 Conan O\u2019Brien esti h\u00e4t\u00e4puhelun"},"content":{"rendered":"<p>Olemme aiemmin uutisoineet <strong>Nick Reinerin <\/strong>ja vanhempiensa <strong>Robin <\/strong>ja <strong>Michelen<\/strong> v\u00e4lisest\u00e4 \u00e4\u00e4nekk\u00e4\u00e4st\u00e4 riidasta <strong>Conan O\u2019Brienin<\/strong> joulujuhlissa 13. joulukuuta.<\/p>\n<p>Yhteenotto oli niin pelottava, ett\u00e4 jotkut vieraista olivat soittamassa h\u00e4t\u00e4keskukseen.<\/p>\n<p>Lue my\u00f6s: <a href=\"https:\/\/www.episodi.fi\/uutiset\/traagisesti-menehtynyt-rob-reiner-nimesi-ennen-kuolemaansa-elokuvan-josta-toivoi-etta-ihmiset-muistavat-hanet-tulla-muistetuksi\/\" title=\"Traagisesti menehtynyt Rob Reiner nimesi ennen kuolemaansa elokuvan, josta toivoo tulla muistetuksi\" class=\"underline-custom !font-montserrat !font-bold !underline-offset-4 !decoration-4 !decoration-episodi-blue !text-md\" rel=\"nofollow noopener\" target=\"_blank\">Traagisesti menehtynyt Rob Reiner nimesi ennen kuolemaansa elokuvan, josta toivoo tulla muistetuksi<\/a><\/p>\n<p>Lue my\u00f6s: <a href=\"https:\/\/www.episodi.fi\/uutiset\/sanat-eivat-edes-riita-kuvaamaan-kasittamatonta-tuskaa-rob-ja-michele-reinerin-lapset-kommentoivat-veljensa-kammottavaa-tekoa\/\" title=\"\u201dSanat eiv\u00e4t edes riit\u00e4 kuvaamaan k\u00e4sitt\u00e4m\u00e4t\u00f6nt\u00e4 tuskaa\u201d: Rob ja Michele Reinerin lapset kommentoivat veljens\u00e4 kammottavaa tekoa\" class=\"underline-custom !font-montserrat !font-bold !underline-offset-4 !decoration-4 !decoration-episodi-blue !text-md\" rel=\"nofollow noopener\" target=\"_blank\">\u201dSanat eiv\u00e4t edes riit\u00e4 kuvaamaan k\u00e4sitt\u00e4m\u00e4t\u00f6nt\u00e4 tuskaa\u201d: Rob ja Michele Reinerin lapset kommentoivat veljens\u00e4 kammottavaa tekoa<\/a><\/p>\n<p>Silminn\u00e4kij\u00e4n mukaan O\u2019Brien esti kuitenkin puhelun, koska ei halunnut poliiseja paikalle.<\/p>\n<p>Osa vieraista alkoi puhumaan, ett\u00e4 heid\u00e4n mielest\u00e4\u00e4n Nick kuuluisi jo psykiatriseen hoitoon.<\/p>\n<p>Rob oli puhunut er\u00e4\u00e4n vieraan kanssa ja paljastanut h\u00e4nelle pelk\u00e4\u00e4v\u00e4ns\u00e4 poikaansa: \u201dEn haluaisi sanoa t\u00e4t\u00e4, mutta pelk\u00e4\u00e4n h\u00e4nt\u00e4. Uskon, ett\u00e4 h\u00e4n pystyisi satuttamaan minua\u201d.<\/p>\n<p>Rob ja Michele l\u00f6ydettiin puukotettuina kodistaan sunnuntaina. Nick pid\u00e4tettiin viisi tuntia sen j\u00e4lkeen. Poikaa syytet\u00e4\u00e4n murhista, ja h\u00e4n voi saada jopa kuolemantuomion teostaan.<\/p>\n<p>Nickill\u00e4 oli diagnosoitu skitsofrenia vain muutama viikko ennen puukotuksia. Ilmeisesti l\u00e4\u00e4k\u00e4rit olivat hiljattain muuttaneet h\u00e4nen l\u00e4\u00e4kityst\u00e4\u00e4n, joka johti pojan j\u00e4rjett\u00f6m\u00e4\u00e4n ja vaaralliseen k\u00e4yt\u00f6kseen.<\/p>\n<p>Lue my\u00f6s: <a href=\"https:\/\/www.episodi.fi\/uutiset\/trump-ei-peraanny-hapealliset-kommentit-rob-reinerista-ja-hanen-vaimostaan-jatkuvat-murhien-jalkeen\/\" title=\"Trump ei per\u00e4\u00e4nny: h\u00e4pe\u00e4lliset kommentit Rob Reinerista ja h\u00e4nen vaimostaan jatkuvat murhien j\u00e4lkeen\" class=\"underline-custom !font-montserrat !font-bold !underline-offset-4 !decoration-4 !decoration-episodi-blue !text-md\" rel=\"nofollow noopener\" target=\"_blank\">Trump ei per\u00e4\u00e4nny: h\u00e4pe\u00e4lliset kommentit Rob Reinerista ja h\u00e4nen vaimostaan jatkuvat murhien j\u00e4lkeen<\/a><\/p>\n<p>L\u00e4hteiden mukaan Nick oli ollut my\u00f6s hiljattain losangelesilaisessa katkaisuhoitoklinikalla, jossa hoidettiin h\u00e4nen huumeaddiktiotaan ja mielenterveytt\u00e4\u00e4n. Samat l\u00e4hteet kertovat, ett\u00e4 \u201dNick oli k\u00e4velev\u00e4 aikapommi\u201d.<\/p>\n<p>Nickin huumeidenk\u00e4ytt\u00f6 oli r\u00e4j\u00e4ht\u00e4nyt k\u00e4siin, ja vanhemmat halusivat h\u00e4net pois tontiltaan. Nick asui vanhempiensa pihassa olevassa vierastalossa.<\/p>\n<p>Nick on ollut el\u00e4m\u00e4ns\u00e4 aikana katkaisuhoidossa l\u00e4hes 20 kertaa.<\/p>\n<p>L\u00e4hde: <a href=\"https:\/\/www.boredpanda.com\/conan-obrien-intervened-to-stop-911-call-during-fight-between-nick-reiner-and-dad\/\" target=\"_blank\" rel=\"noreferrer noopener nofollow\">Bored Panda<\/a><\/p>\n<p>Lue my\u00f6s: <a href=\"https:\/\/www.episodi.fi\/uutiskirje\/?uutiskirjemainos=tekstilinkkimainos\" title=\"Tilaa Episodin uutiskirje ja voit voittaa leffalippuja! Nappaa tv-vinkit suoraan s\u00e4hk\u00f6postiin t\u00e4st\u00e4.\" class=\"underline-custom !font-montserrat !font-bold !underline-offset-4 !decoration-4 !decoration-episodi-blue !text-md\" rel=\"nofollow noopener\" target=\"_blank\">Tilaa Episodin uutiskirje ja voit voittaa leffalippuja! Nappaa katseluvinkit suoraan s\u00e4hk\u00f6postiin t\u00e4st\u00e4.<\/a><\/p>\n","protected":false},"excerpt":{"rendered":"Olemme aiemmin uutisoineet Nick Reinerin ja vanhempiensa Robin ja Michelen v\u00e4lisest\u00e4 \u00e4\u00e4nekk\u00e4\u00e4st\u00e4 riidasta Conan O\u2019Brienin joulujuhlissa 13. joulukuuta.&hellip;\n","protected":false},"author":2,"featured_media":122447,"comment_status":"","ping_status":"","sticky":false,"template":"","format":"standard","meta":{"footnotes":""},"categories":[133],"tags":[1508,137,33,31,30,21998,1252,21468,6850,32,206,156,40,109],"class_list":{"0":"post-122446","1":"post","2":"type-post","3":"status-publish","4":"format-standard","5":"has-post-thumbnail","7":"category-televisiot","8":"tag-conan-obrien","9":"tag-entertainment","10":"tag-fi","11":"tag-finland","12":"tag-finnish","13":"tag-michele-reiner","14":"tag-murha","15":"tag-nick-reiner","16":"tag-rob-reiner","17":"tag-suomi","18":"tag-televisiot","19":"tag-tv","20":"tag-vakivalta","21":"tag-viihde"},"share_on_mastodon":{"url":"https:\/\/pubeurope.com\/@fi\/115758571389700594","error":""},"_links":{"self":[{"href":"https:\/\/www.europesays.com\/fi\/wp-json\/wp\/v2\/posts\/122446","targetHints":{"allow":["GET"]}}],"collection":[{"href":"https:\/\/www.europesays.com\/fi\/wp-json\/wp\/v2\/posts"}],"about":[{"href":"https:\/\/www.europesays.com\/fi\/wp-json\/wp\/v2\/types\/post"}],"author":[{"embeddable":true,"href":"https:\/\/www.europesays.com\/fi\/wp-json\/wp\/v2\/users\/2"}],"replies":[{"embeddable":true,"href":"https:\/\/www.europesays.com\/fi\/wp-json\/wp\/v2\/comments?post=122446"}],"version-history":[{"count":0,"href":"https:\/\/www.europesays.com\/fi\/wp-json\/wp\/v2\/posts\/122446\/revisions"}],"wp:featuredmedia":[{"embeddable":true,"href":"https:\/\/www.europesays.com\/fi\/wp-json\/wp\/v2\/media\/122447"}],"wp:attachment":[{"href":"https:\/\/www.europesays.com\/fi\/wp-json\/wp\/v2\/media?parent=122446"}],"wp:term":[{"taxonomy":"category","embeddable":true,"href":"https:\/\/www.europesays.com\/fi\/wp-json\/wp\/v2\/categories?post=122446"},{"taxonomy":"post_tag","embeddable":true,"href":"https:\/\/www.europesays.com\/fi\/wp-json\/wp\/v2\/tags?post=122446"}],"curies":[{"name":"wp","href":"https:\/\/api.w.org\/{rel}","templated":true}]}}