{"id":122460,"date":"2025-12-21T16:55:09","date_gmt":"2025-12-21T16:55:09","guid":{"rendered":"https:\/\/www.europesays.com\/fi\/122460\/"},"modified":"2025-12-21T16:55:09","modified_gmt":"2025-12-21T16:55:09","slug":"hursti-sai-jattilahjoituksen-tokmannilta","status":"publish","type":"post","link":"https:\/\/www.europesays.com\/fi\/122460\/","title":{"rendered":"Hursti sai j\u00e4ttilahjoituksen Tokmannilta"},"content":{"rendered":"<p>Kauppaketju Tokmanni ja elintarvikeyhti\u00f6 Unilever kertovat lahjoittaneensa 50\u00a0000 euron arvosta elintarvikkeita ja hygieniatarvikkeita Hurstinapu ry:lle.<\/p>\n<p><img decoding=\"async\" class=\"image image-show image-preview\" src=\"https:\/\/www.europesays.com\/fi\/wp-content\/uploads\/2025\/12\/fe884aa38d9ffbc39e6b13bf6f63309e534afc07916eb2b30586d7ade56122fa.png\" alt=\"\"\/><img decoding=\"async\" class=\"image image-show\" src=\"https:\/\/www.europesays.com\/fi\/wp-content\/uploads\/2025\/12\/1766336109_573_fe884aa38d9ffbc39e6b13bf6f63309e534afc07916eb2b30586d7ade56122fa.png\" alt=\"\"\/><\/p>\n<p>Hurstinapu ry:n toiminnanjohtaja Sini Hursti (kuvassa toinen oikealta) ja h\u00e4nen is\u00e4ns\u00e4, varatoiminnanjohtaja Heikki Hursti (toinen vasemmalta) vastaanottivat 50 000 euron arvosta tuotelahjoituksia. Lahjoituksen luovutti Unilever Finlandin toimitusjohtaja Jonas Idstr\u00f6m (oikealla) ja myyntijohtaja Tytti Virtanen (vasemmalla). Tokmanni<\/p>\n<p class=\"paragraph\">Avustusj\u00e4rjest\u00f6 Hurstinapu ry sai 50\u00a0000 euron arvoisen lahjoituksen Tokmannilta ja Unilever Finlandilta.<\/p>\n<p class=\"paragraph\">Asiasta kertovat yhti\u00f6t tiedotteessaan.<\/p>\n<p class=\"paragraph\">50\u00a0000 euron arvoinen lahjoitus pit\u00e4\u00e4 sis\u00e4ll\u00e4\u00e4n \u201darjen v\u00e4ltt\u00e4m\u00e4tt\u00f6myyksi\u00e4\u201d, joista yhti\u00f6t luettelevat elintarvikkeet ja hygieniatuotteet.<\/p>\n<p class=\"paragraph\">Yhti\u00f6t kertovat tiedotteessaan, ett\u00e4 hyv\u00e4ntekev\u00e4isyysyhteisty\u00f6 on saanut alkunsa jo vuonna 2011. Tokmanni laskee tiedotteessaan, ett\u00e4 15 kampanjan arvo on yhteens\u00e4 ollut jopa 870\u00a0000 euroa.<\/p>\n<p class=\"paragraph\">Hurstinapu ry:n varatoiminnanjohtaja <strong>Heikki Hursti<\/strong> kiittelee yhti\u00f6it\u00e4 avusta.<\/p>\n<p class=\"paragraph\">\u2013 Hurstinapu ry kiitt\u00e4\u00e4 koko syd\u00e4mest\u00e4\u00e4n kaikesta siit\u00e4 tuesta ja avusta, jota olemme kauttanne saaneet. Toivotankin teille kaikille oikein hyv\u00e4\u00e4 ja rauhallista joulua sek\u00e4 iloista uutta vuotta, h\u00e4n sanoo tiedotteessa.<\/p>\n<p>Joulunaika korostuu<\/p>\n<p class=\"paragraph\">Hurstinavun toiminnanjohtaja <strong>Sini Hursti<\/strong> kertoo, ett\u00e4 yhti\u00f6iden lahjoittamat tavarat p\u00e4\u00e4tyv\u00e4t niit\u00e4 tarvitseville vasta joulun j\u00e4lkeen.<\/p>\n<p class=\"paragraph\">\u2013 Emme ole viel\u00e4 edes saaneet niit\u00e4. Kahdessa er\u00e4ss\u00e4 ne tuotteet ovat yleens\u00e4 tulleet, ja sitten kun niit\u00e4 tulee, niin laitamme niit\u00e4 jakoon, Hursti kertoo Iltalehdelle.<\/p>\n<p class=\"paragraph\">H\u00e4nen mukaansa my\u00f6s muut yritykset lahjoittavat Hurstinavulle usein juuri ruokaa tai k\u00e4ytt\u00f6tavaroita. J\u00e4rjest\u00f6n saamista rahalahjoituksista suurin osa tulee kuitenkin yksityishenkil\u00f6ilt\u00e4.<\/p>\n<p class=\"paragraph\">Toiminnanjohtajan mukaan j\u00e4rjest\u00f6n saamien lahjoitusten m\u00e4\u00e4r\u00e4 vaihtelee, mutta joulunaikaan niit\u00e4 tulee tavallista enemm\u00e4n.<\/p>\n<p class=\"paragraph\">\u2013 Kyll\u00e4 sen huomaa, ett\u00e4 se on aina se joulu, jolloin niit\u00e4 enimm\u00e4kseen tulee. Kyll\u00e4 se ihan selke\u00e4sti kohdistuu aina joulunaikaan.<\/p>\n","protected":false},"excerpt":{"rendered":"Kauppaketju Tokmanni ja elintarvikeyhti\u00f6 Unilever kertovat lahjoittaneensa 50\u00a0000 euron arvosta elintarvikkeita ja hygieniatarvikkeita Hurstinapu ry:lle. Hurstinapu ry:n toiminnanjohtaja&hellip;\n","protected":false},"author":2,"featured_media":122461,"comment_status":"","ping_status":"","sticky":false,"template":"","format":"standard","meta":{"footnotes":""},"categories":[12],"tags":[35,22,23,2199,26,27,33,31,30,17,898,24,25,28,29,15,18,21,900,103,32,19,20,16,2200],"class_list":{"0":"post-122460","1":"post","2":"type-post","3":"status-publish","4":"format-standard","5":"has-post-thumbnail","7":"category-suomi","8":"tag-24h","9":"tag-breaking-news","10":"tag-breakingnews","11":"tag-elintarvikekauppa-ja-supermarketit","12":"tag-featured-news","13":"tag-featurednews","14":"tag-fi","15":"tag-finland","16":"tag-finnish","17":"tag-headlines","18":"tag-kulutustavarat","19":"tag-latest-news","20":"tag-latestnews","21":"tag-main-news","22":"tag-mainnews","23":"tag-news","24":"tag-otsikot","25":"tag-paauutiset","26":"tag-ruoka","27":"tag-sosiaalikysymykset","28":"tag-suomi","29":"tag-top-stories","30":"tag-topstories","31":"tag-uutiset","32":"tag-vahittaiskauppa-pl-moottoriajoneuvot-kotitaloustavaroiden-korjaus"},"share_on_mastodon":{"url":"https:\/\/pubeurope.com\/@fi\/115758611257360652","error":""},"_links":{"self":[{"href":"https:\/\/www.europesays.com\/fi\/wp-json\/wp\/v2\/posts\/122460","targetHints":{"allow":["GET"]}}],"collection":[{"href":"https:\/\/www.europesays.com\/fi\/wp-json\/wp\/v2\/posts"}],"about":[{"href":"https:\/\/www.europesays.com\/fi\/wp-json\/wp\/v2\/types\/post"}],"author":[{"embeddable":true,"href":"https:\/\/www.europesays.com\/fi\/wp-json\/wp\/v2\/users\/2"}],"replies":[{"embeddable":true,"href":"https:\/\/www.europesays.com\/fi\/wp-json\/wp\/v2\/comments?post=122460"}],"version-history":[{"count":0,"href":"https:\/\/www.europesays.com\/fi\/wp-json\/wp\/v2\/posts\/122460\/revisions"}],"wp:featuredmedia":[{"embeddable":true,"href":"https:\/\/www.europesays.com\/fi\/wp-json\/wp\/v2\/media\/122461"}],"wp:attachment":[{"href":"https:\/\/www.europesays.com\/fi\/wp-json\/wp\/v2\/media?parent=122460"}],"wp:term":[{"taxonomy":"category","embeddable":true,"href":"https:\/\/www.europesays.com\/fi\/wp-json\/wp\/v2\/categories?post=122460"},{"taxonomy":"post_tag","embeddable":true,"href":"https:\/\/www.europesays.com\/fi\/wp-json\/wp\/v2\/tags?post=122460"}],"curies":[{"name":"wp","href":"https:\/\/api.w.org\/{rel}","templated":true}]}}