{"id":122464,"date":"2025-12-21T17:08:09","date_gmt":"2025-12-21T17:08:09","guid":{"rendered":"https:\/\/www.europesays.com\/fi\/122464\/"},"modified":"2025-12-21T17:08:09","modified_gmt":"2025-12-21T17:08:09","slug":"maria-veitola-heratti-huomiota-helsingin-kaduilla-kulki-kynttila-kadessaan-raamatun-hahmoksi-pukeutuneena","status":"publish","type":"post","link":"https:\/\/www.europesays.com\/fi\/122464\/","title":{"rendered":"Maria Veitola her\u00e4tti huomiota Helsingin kaduilla &#8211; kulki kynttil\u00e4 k\u00e4dess\u00e4\u00e4n raamatun hahmoksi pukeutuneena"},"content":{"rendered":"<p>Mari Veitolalta on n\u00e4hty viime vuosina kansalaisaktivismia journalistisen ty\u00f6n ohella. Kaikenlaisia humoristisia tempauksiakin h\u00e4n on toisinaan tehnyt.<\/p>\n<p>T\u00e4ss\u00e4kin, tuoreessa tempauksessa, voi n\u00e4hd\u00e4 huumoria.<\/p>\n<p>Vai voiko? Saako Neitsyt Mariaksi pukeutua ja l\u00e4hte\u00e4 kylille kynttil\u00e4 k\u00e4dess\u00e4 hillumaan?<\/p>\n<p>J\u00e4tet\u00e4\u00e4n se muiden p\u00e4\u00e4tett\u00e4v\u00e4ksi.<\/p>\n<p>N\u00e4in Maria on kuitenkin tehnyt.<\/p>\n<p>Lue my\u00f6s: <a href=\"https:\/\/www.como.fi\/uutiset\/maria-veitolaa-haukuttiin-rumaksi-julkaisi-nyt-mallikuvansa\/\" title=\"Maria Veitolaa haukuttiin rumaksi \u2013 julkaisi nyt mallikuvansa\" class=\"underline-custom !font-montserrat !font-bold !underline-offset-4 !decoration-4 !decoration-red-600 !text-md\" rel=\"nofollow noopener\" target=\"_blank\">Maria Veitolaa haukuttiin rumaksi \u2013 julkaisi nyt mallikuvansa<\/a><\/p>\n<p>Tankotanssia suojatiekyltin ymp\u00e4rill\u00e4<\/p>\n<p>Maria liikuskelee ilmeisesti Taisto-poikansa kuvaamalla (arvaus) videolla h\u00e4myisess\u00e4 Helsingin illassa. H\u00e4nell\u00e4 on p\u00e4\u00e4ll\u00e4\u00e4n sinivalkoinen, kaapumainen asu huntuineen. K\u00e4dess\u00e4\u00e4n h\u00e4nell\u00e4 on hautakynttil\u00e4lyhty.<\/p>\n<p>Maria hilluu ja tanssii ja puikkelehtii autojen v\u00e4liss\u00e4 her\u00e4tt\u00e4en h\u00e4mmennyst\u00e4 performanssillaan.<\/p>\n<p>Lue my\u00f6s: <a href=\"https:\/\/www.como.fi\/uutiset\/harvinainen-kuva-tassa-on-maria-veitolan-jotti-mies-perhepotretti\/\" title=\"Harvinainen kuva: T\u00e4ss\u00e4 on Maria Veitolan Jotti-mies \u2013 perhepotretti!\" class=\"underline-custom !font-montserrat !font-bold !underline-offset-4 !decoration-4 !decoration-red-600 !text-md\" rel=\"nofollow noopener\" target=\"_blank\">Harvinainen kuva: T\u00e4ss\u00e4 on Maria Veitolan Jotti-mies \u2013 perhepotretti!<\/a><\/p>\n<p>-En\u00e4\u00e4 muutama y\u00f6, ja min\u00e4 synnyt\u00e4n. Hyv\u00e4\u00e4 joulua, Neitsyt Maria eli Maria Veitola toivottaa.<\/p>\n<p>Taustalla kuuluu Ave Maria -laulu.<\/p>\n<p>Sitten Maria kirmaakin jo suojatiekyltin ymp\u00e4rille tankotanssimaan.<\/p>\n<p>Lue my\u00f6s: <a href=\"https:\/\/www.como.fi\/uutiset\/maria-veitola-paljasti-suosikkinsa-jouluna-taiston-asuste-vei-huomion\/\" title=\"Maria Veitola paljasti suosikkinsa jouluna \u2013 Taiston asuste vei huomion\" class=\"underline-custom !font-montserrat !font-bold !underline-offset-4 !decoration-4 !decoration-red-600 !text-md\" rel=\"nofollow noopener\" target=\"_blank\">Maria Veitola paljasti suosikkinsa jouluna \u2013 Taiston asuste vei huomion<\/a><\/p>\n<p>Katso n\u00e4yt\u00f6s alta tai <strong><a href=\"https:\/\/www.instagram.com\/p\/DShUBSlAuSn\/\" rel=\"nofollow noopener\" target=\"_blank\">t\u00e4st\u00e4<\/a><\/strong>. (juttu jatkuu)<\/p>\n<p>Vuoden joulurauha-palkinto goes<\/p>\n<p>Maria sanoo miettineens\u00e4 joka vuosi, ett\u00e4 jos joku ansaitsisi joulurauhapalkinnon, se olisi Maria. <\/p>\n<p>-Siis kuka muu hoitaa oman suuren hetkens\u00e4 joka ainoa vuosi niin coolisti, ilman ainuttakaan somep\u00e4ivityst\u00e4 tai hermoromahdusta? Aikamoinen suoritus, jos multa kysyt\u00e4\u00e4n.<\/p>\n<p>Maria lis\u00e4\u00e4 joulun olevan sekoitus juhlapyh\u00e4\u00e4, perinnett\u00e4 ja ihmetyst\u00e4 siit\u00e4, miten ihmeess\u00e4 t\u00e4m\u00e4kin vuosi meni n\u00e4in nopeasti.<\/p>\n<p>Lue my\u00f6s: <a href=\"https:\/\/www.como.fi\/tilaa-comon-uutiskirje\/\" title=\"Tilaa Comon uutiskirje ja tied\u00e4t mist\u00e4 kahvitauolla puhutaan! Nappaa kotimaan tv-vinkit ja puheenaiheet suoraan s\u00e4hk\u00f6postiin t\u00e4st\u00e4.\" class=\"underline-custom !font-montserrat !font-bold !underline-offset-4 !decoration-4 !decoration-red-600 !text-md\" rel=\"nofollow noopener\" target=\"_blank\">Tilaa Comon uutiskirje ja tied\u00e4t mist\u00e4 kahvitauolla puhutaan! Nappaa kotimaan tv-vinkit ja puheenaiheet suoraan s\u00e4hk\u00f6postiin t\u00e4st\u00e4.<\/a><\/p>\n<p>\t\t\t\t<script async src=\"\/\/www.instagram.com\/embed.js\"><\/script><\/p>\n","protected":false},"excerpt":{"rendered":"Mari Veitolalta on n\u00e4hty viime vuosina kansalaisaktivismia journalistisen ty\u00f6n ohella. Kaikenlaisia humoristisia tempauksiakin h\u00e4n on toisinaan tehnyt. T\u00e4ss\u00e4kin,&hellip;\n","protected":false},"author":2,"featured_media":122465,"comment_status":"","ping_status":"","sticky":false,"template":"","format":"standard","meta":{"footnotes":""},"categories":[136],"tags":[407,137,33,31,30,408,1082,32,109],"class_list":{"0":"post-122464","1":"post","2":"type-post","3":"status-publish","4":"format-standard","5":"has-post-thumbnail","7":"category-julkkikset","8":"tag-celebrities","9":"tag-entertainment","10":"tag-fi","11":"tag-finland","12":"tag-finnish","13":"tag-julkkikset","14":"tag-maria-veitola","15":"tag-suomi","16":"tag-viihde"},"share_on_mastodon":{"url":"https:\/\/pubeurope.com\/@fi\/115758661790178510","error":""},"_links":{"self":[{"href":"https:\/\/www.europesays.com\/fi\/wp-json\/wp\/v2\/posts\/122464","targetHints":{"allow":["GET"]}}],"collection":[{"href":"https:\/\/www.europesays.com\/fi\/wp-json\/wp\/v2\/posts"}],"about":[{"href":"https:\/\/www.europesays.com\/fi\/wp-json\/wp\/v2\/types\/post"}],"author":[{"embeddable":true,"href":"https:\/\/www.europesays.com\/fi\/wp-json\/wp\/v2\/users\/2"}],"replies":[{"embeddable":true,"href":"https:\/\/www.europesays.com\/fi\/wp-json\/wp\/v2\/comments?post=122464"}],"version-history":[{"count":0,"href":"https:\/\/www.europesays.com\/fi\/wp-json\/wp\/v2\/posts\/122464\/revisions"}],"wp:featuredmedia":[{"embeddable":true,"href":"https:\/\/www.europesays.com\/fi\/wp-json\/wp\/v2\/media\/122465"}],"wp:attachment":[{"href":"https:\/\/www.europesays.com\/fi\/wp-json\/wp\/v2\/media?parent=122464"}],"wp:term":[{"taxonomy":"category","embeddable":true,"href":"https:\/\/www.europesays.com\/fi\/wp-json\/wp\/v2\/categories?post=122464"},{"taxonomy":"post_tag","embeddable":true,"href":"https:\/\/www.europesays.com\/fi\/wp-json\/wp\/v2\/tags?post=122464"}],"curies":[{"name":"wp","href":"https:\/\/api.w.org\/{rel}","templated":true}]}}