{"id":122466,"date":"2025-12-21T17:11:13","date_gmt":"2025-12-21T17:11:13","guid":{"rendered":"https:\/\/www.europesays.com\/fi\/122466\/"},"modified":"2025-12-21T17:11:13","modified_gmt":"2025-12-21T17:11:13","slug":"krista-kosonen-tahdittaa-uutta-netflix-dekkarisarjaa-ja-kate-winsletin-ohjausdebyytti","status":"publish","type":"post","link":"https:\/\/www.europesays.com\/fi\/122466\/","title":{"rendered":"Krista Kosonen t\u00e4hditt\u00e4\u00e4 uutta Netflix-dekkarisarjaa ja Kate Winsletin ohjausdebyytti"},"content":{"rendered":"<p class=\"article-content article-content-width !bg-background\">Kahden viikon suoratoistot\u00e4rpeiss\u00e4 my\u00f6s uusi tulkinta  ja  tarinasta,  mysteeripodcastin uusi kausi, tuore  -dekkari sek\u00e4 suosikkikoomikon kuolemaa ruotiva stand up -spesiaali.<\/p>\n<p>Sukujen v\u00e4linen viha johtaa julmaan veritekoonSyntiNetflix PE 2.1.<\/p>\n<p class=\"article-content article-content-width !bg-background\"> n\u00e4hd\u00e4\u00e4n t\u00e4ysin ruotsinkielisess\u00e4 p\u00e4\u00e4roolissa uudessa dekkarisarjassa, joka sijoittuu Bj\u00e4ren niemimaalle luoteis-Sk\u00e5neen. Krista esitt\u00e4\u00e4 outoa ja kroonisesti \u00e4k\u00e4ist\u00e4, mutta \u00e4lykk\u00e4\u00e4n\u00e4 pidetty\u00e4 rikostutkija Dania, joka saa parikseen poliisikoulusta juuri valmistuneen Malikin ().<\/p>\n<p class=\"article-content article-content-width !bg-background\">Yhdess\u00e4 he tutkivat teini-ik\u00e4isen Silasin kuolemaa, joka tuntuu liittyv\u00e4n jo vuosikymmeni\u00e4 vireill\u00e4 olleeseen sukuriitaan. Keski\u00f6ss\u00e4 on Silasille sukua oleva patriarkka Elis (), joka antaa Danille aikarajan selvitt\u00e4\u00e4 tapaus ennen kuin h\u00e4n ottaa lain omiin k\u00e4siins\u00e4. My\u00f6s Danilla itsell\u00e4\u00e4n on yll\u00e4tt\u00e4v\u00e4 yhteys uhriin.<\/p>\n<p class=\"article-content article-content-width !bg-background\">Synnin kaikki jaksot ohjannut ja k\u00e4sikirjoittanut  tunnetaan Guldbagge-palkitusta rikosdraamasta Goliath (2018) sek\u00e4 HBO Maxille alun perin tehdyst\u00e4 Beartown-sarjasta (2020).<\/p>\n<p>                <img decoding=\"async\" src=\"https:\/\/www.europesays.com\/fi\/wp-content\/uploads\/2025\/12\/2015268.webp\" width=\"576\" height=\"274\" alt=\"Synti\" loading=\"lazy\" \/>            <\/p>\n<p>\n            Synti<br \/>\n            Netflix\n        <\/p>\n<p>Daniel selvitt\u00e4\u00e4 rikkaiden ongelmiaHotel CostieraMTV Katsomo+ MA 22.12.<\/p>\n<p class=\"article-content article-content-width !bg-background\">Daniel De Luca on entinen Yhdysvaltain merijalkav\u00e4en sotilas, joka muuttaa lapsuutensa maisemiin Italian Positanon rannikolle toimiakseen fikserin\u00e4 yhdelle maailman ylellisimmist\u00e4 hotelleista. Supervarakkaiden asiakkaiden ongelmien ratkomisen lis\u00e4ksi Daniel joutuu tutkimaan hotellin omistajan tytt\u00e4ren kidnappausta.<\/p>\n<p class=\"article-content article-content-width !bg-background\">Kuusiosaisen sarjan p\u00e4\u00e4osassa n\u00e4hd\u00e4\u00e4n Greyn anatomiasta tuttu . Ohjauksesta vastaa pitk\u00e4n linjan tv-ammattilainen  (Breaking Bad, Billions).<\/p>\n<p>                <img decoding=\"async\" src=\"https:\/\/www.europesays.com\/fi\/wp-content\/uploads\/2025\/12\/1925994.webp\" width=\"576\" height=\"274\" alt=\"Hotel Costiera\" loading=\"lazy\" \/>            <\/p>\n<p>\n            Hotel Costiera<br \/>\n            Amazon MGM Studios\n        <\/p>\n<p>J\u00e4\u00e4hyv\u00e4iset \u00e4idilleHyv\u00e4sti JuneNetflix KE 24.12.<\/p>\n<p class=\"article-content article-content-width !bg-background\">Nelj\u00e4 lontoolaista sisarusta ja heid\u00e4n is\u00e4ns\u00e4 ajautuvat paniikkiin, kun kaoottisen perheen koossa pit\u00e4v\u00e4 voima, June-\u00e4iti, sairastuu vakavasti juuri ennen joulua. Nyt eripuraisten lasten ja heit\u00e4 kaikkia \u00e4rsytt\u00e4v\u00e4n is\u00e4n on hitsauduttava yhteen edess\u00e4 h\u00e4\u00e4m\u00f6tt\u00e4v\u00e4n menetyksen vuoksi. June ei aio kuitenkaan seurata perheens\u00e4 luhistumista toimettomana vaan orkestroi l\u00e4ht\u00f6ns\u00e4 omilla ehdoillaan.<\/p>\n<p class=\"article-content article-content-width !bg-background\">Hyv\u00e4sti June on Oscar-voittaja  esikoisohjaus, jonka on k\u00e4sikirjoittanut h\u00e4nen poikansa . Joen kerrotaan ottaneen mallia tarinaan oman iso\u00e4itins\u00e4 tarinasta. Winsletin rinnalla p\u00e4\u00e4osia esitt\u00e4v\u00e4t Oscar-voittaja  sek\u00e4 , ,  ja .<\/p>\n<p>                <img decoding=\"async\" src=\"https:\/\/www.europesays.com\/fi\/wp-content\/uploads\/2025\/12\/2015279.webp\" width=\"576\" height=\"317\" alt=\"Hyv\u00e4sti June\" loading=\"lazy\" \/>            <\/p>\n<p>\n            Hyv\u00e4sti June<br \/>\n            Netflix\n        <\/p>\n<p>Toimittajalegenda l\u00e4hikuvassaKuinka skandaali paljastetaanNetflix PE 26.12.<\/p>\n<p class=\"article-content article-content-width !bg-background\">, 88, on yhdysvaltalainen tutkiva toimittaja, joka sai vuonna 1970 Pulitzer-palkinnon paljastettuaan amerikkalaisten tekem\u00e4n joukkosurman Vietnamissa My Lain kyl\u00e4ss\u00e4. H\u00e4n on kirjoittanut useita kiitettyj\u00e4 kirjoja, mutta esitt\u00e4nyt my\u00f6hemmin my\u00f6s salaliittoteorioita ja muita v\u00e4itteit\u00e4, joiden paikkansapit\u00e4vyys on kyseenalaistettu.<\/p>\n<p class=\"article-content article-content-width !bg-background\">Hershin urasta kertova Netflix-dokumentti on poliittiseksi trilleriksi puettu muotokuva periksiantamattomasta toimittajasta, jonka uran huippuhetket loivat pohjan modernille tutkivalle journalismille. Ohjaaja  voitti Oscarin vuoden 2014  -dokumentillaan Citizenfour.<\/p>\n<p>                <img decoding=\"async\" src=\"https:\/\/www.europesays.com\/fi\/wp-content\/uploads\/2025\/12\/2015291.webp\" width=\"576\" height=\"274\" alt=\"Kuinka skandaali paljastetaan\" loading=\"lazy\" \/>            <\/p>\n<p>\n            Kuinka skandaali paljastetaan<br \/>\n            Netflix\n        <\/p>\n<p>Kirjakauppias tonkii r\u00f6t\u00f6ksi\u00e4The LowdownDisney+ PE 26.12.<\/p>\n<p class=\"article-content article-content-width !bg-background\">Kehutusta Reservation Dogs -sarjasta tunnetun  uusi dekkarisarja seuraa tulsalaista kirjakauppiasta ja freelancejournalistia Lee Raybonia, jonka pakkomielle totuuteen vie h\u00e4net yleens\u00e4 vaikeuksiin.<\/p>\n<p class=\"article-content article-content-width !bg-background\">Kun Leen paljastusartikkeli vaikutusvaltaisesta Washbergin perheest\u00e4 johtaa ep\u00e4ilytt\u00e4v\u00e4\u00e4n itsemurhaan, Lee tajuaa olevansa jonkin suuren j\u00e4ljill\u00e4. Lee alkaa tutkia asiaa ja huomaa, ett\u00e4 sureva leski on kiinnostuneempi langostaan kuin edesmenneest\u00e4 miehest\u00e4\u00e4n.<\/p>\n<p class=\"article-content article-content-width !bg-background\"> t\u00e4hditt\u00e4m\u00e4n sarjan muissa rooleissa n\u00e4hd\u00e4\u00e4n , ,  ja .<\/p>\n<p>                <img decoding=\"async\" src=\"https:\/\/www.europesays.com\/fi\/wp-content\/uploads\/2025\/12\/2015298.webp\" width=\"576\" height=\"322\" alt=\"The Lowdown\" loading=\"lazy\" \/>            <\/p>\n<p>\n            The Lowdown<br \/>\n            Disney+\n        <\/p>\n<p>Laivamysteerit jatkuvatM\/S MysteryAreena PE 26.12.<\/p>\n<p class=\"article-content article-content-width !bg-background\"> suosittu mysteeripodcast liikkuu viidennell\u00e4 kaudellaan tiiviisti l\u00e4hivesien ja kaukomaiden v\u00e4lill\u00e4. Riku jatkaa tutkimuksiaan nuoren suomalaisen reppureissaajan katoamisen parissa ja saa yhteydenoton, joka koskee Goalla tapahtunutta kuolemantapausta.<\/p>\n<p class=\"article-content article-content-width !bg-background\">Mit\u00e4 tapahtui nuorelle suomalaiselle opiskelijalle, joka joutui juuri ennen kuolemaansa huijareiden uhriksi? My\u00f6s Ruotsin-risteilyjen osalta tutkimukset etenev\u00e4t: vinkkej\u00e4 laivoilla kadonneista ja muistakin tutkimisen arvoisista asioista kantautuu edelleen Rikun korviin.<\/p>\n<p>                <img decoding=\"async\" src=\"https:\/\/www.europesays.com\/fi\/wp-content\/uploads\/2025\/12\/2015304.webp\" width=\"576\" height=\"274\" alt=\"M\/S Mystery\" loading=\"lazy\" \/>            <\/p>\n<p>\n            M\/S Mystery<br \/>\n            Yle\n        <\/p>\n<p>Menneisyys ei j\u00e4t\u00e4 rauhaanFor Her SinsMTV Katsomo MA 29.12.<\/p>\n<p class=\"article-content article-content-width !bg-background\">Brittitrilleriss\u00e4 Laura (EastEnders-t\u00e4hti ) tapaa leikkipuistossa hurmaavan ja avuliaan Emilyn (), josta tulee nopeasti h\u00e4nen yst\u00e4v\u00e4ns\u00e4. Kohtaaminen ei ollut kuitenkaan sattumaa, sill\u00e4 Emily on p\u00e4\u00e4tt\u00e4nyt tuhota Lauran el\u00e4m\u00e4n. Laura kantaa synkk\u00e4\u00e4 lapsuuden salaisuutta, jonka Emily on valmis paljastamaan hinnalla mill\u00e4 hyv\u00e4ns\u00e4.<\/p>\n<p class=\"article-content article-content-width !bg-background\">Neliosainen sarja julkaistaan kerralla MTV Katsomo+ -tilaajille ja yhden jakson viikkovauhdilla MTV Katsomossa.<\/p>\n<p>                <img decoding=\"async\" src=\"https:\/\/www.europesays.com\/fi\/wp-content\/uploads\/2025\/12\/2015308.webp\" width=\"576\" height=\"322\" alt=\"For Her Sins\" loading=\"lazy\" \/>            <\/p>\n<p>\n            For Her Sins<br \/>\n            MTV\n        <\/p>\n<p>Mestarikoomikko nauraa kuolemalleRicky Gervais: MortalityNetflix TI 30.12.<\/p>\n<p class=\"article-content article-content-width !bg-background\">Brittil\u00e4isen  yhteisty\u00f6 Netflixin kanssa jatkuu uudella stand up -spesiaalilla, jonka aiheena on kuolema. Mustaa huumoria tihkuvalle tyylilleen uskollisena 64-vuotias Gervais ruotii aihetta ilkikurisesti ja my\u00f6s itse\u00e4\u00e4n s\u00e4\u00e4stelem\u00e4tt\u00e4.<\/p>\n<p class=\"article-content article-content-width !bg-background\">Netflixist\u00e4 l\u00f6ytyv\u00e4t edelleen my\u00f6s Gervaisin aiemmat stand up -spesiaalit Armageddon, Humanity ja Supernature sek\u00e4 kolmekautinen draamakomediasarja After Life.<\/p>\n<p>                <img decoding=\"async\" src=\"https:\/\/www.europesays.com\/fi\/wp-content\/uploads\/2025\/12\/2015321.webp\" width=\"576\" height=\"274\" alt=\"Ricky Gervais: Mortality\" loading=\"lazy\" \/>            <\/p>\n<p>\n            Ricky Gervais: Mortality<br \/>\n            Netflix\n        <\/p>\n<p>Tyt\u00e4rt\u00e4ni ette saaVerenperint\u00f6Netflix TO 1.1.<\/p>\n<p class=\"article-content article-content-width !bg-background\"> -dekkareiden universumi kasvaa j\u00e4lleen yhdell\u00e4 minisarjalla, jonka p\u00e4\u00e4osissa n\u00e4hd\u00e4\u00e4n Rimakauhua ja rakkautta -sarjan  sek\u00e4  (Good Will Hunting).<\/p>\n<p class=\"article-content article-content-width !bg-background\">Nesbitt esitt\u00e4\u00e4 Simonia, jonka t\u00e4ydellinen el\u00e4m\u00e4 romahtaa, kun h\u00e4nen vanhin tytt\u00e4rens\u00e4 Paige karkaa kotoa. Lopulta Paige l\u00f6ytyy huumeisiin sortuneena puistosta, mutta tytt\u00f6 ei ole yksin, ja Simon menett\u00e4\u00e4 tytt\u00e4rens\u00e4 uudestaan. T\u00e4ll\u00e4 kertaa is\u00e4 ei anna periksi, vaan p\u00e4\u00e4tyy tytt\u00e4ren per\u00e4ss\u00e4 vaarallisen alamaailmaan.<\/p>\n<p>                <img decoding=\"async\" src=\"https:\/\/www.europesays.com\/fi\/wp-content\/uploads\/2025\/12\/2015323.webp\" width=\"576\" height=\"274\" alt=\"Verenperint\u00f6\" loading=\"lazy\" \/>            <\/p>\n<p>\n            Verenperint\u00f6<br \/>\n            Netflix\n        <\/p>\n<p>Uusi tulkinta Mozart-draamastaAmadeusSkyShowtime PE 2.1.<\/p>\n<p class=\"article-content article-content-width !bg-background\">Is\u00e4ns\u00e4 vallasta ja ihmelapsen leimasta vapautunut 25-vuotias Wolfang Amadeus Mozart () saapuu Wieniin luodakseen oman uransa. H\u00e4n l\u00f6yt\u00e4\u00e4 liittolaisen tulevasta vaimostaan Constanzesta () sek\u00e4 hovis\u00e4velt\u00e4j\u00e4 Salierista (), joka avaa Amadeukselle oven sis\u00e4piireihin. Lopulta Salierin ihailu nuorta s\u00e4velt\u00e4j\u00e4neroa kohtaan muuttuu vihaksi ja katkeruudeksi, mik\u00e4 ajaa h\u00e4net yritt\u00e4m\u00e4\u00e4n Mozartin tuhoamista.<\/p>\n<p class=\"article-content article-content-width !bg-background\">Viisiosainen sarjasovitus kertoo hieman muunnellen saman,  n\u00e4ytelm\u00e4\u00e4n pohjaavan tarinan kuin ohjaaja  vuoden 1984 kahdeksalla Oscarilla palkittu elokuva\u00a0Amadeus.<\/p>\n<p>                <img decoding=\"async\" src=\"https:\/\/www.europesays.com\/fi\/wp-content\/uploads\/2025\/12\/2015330.webp\" width=\"576\" height=\"322\" alt=\"Amadeus\" loading=\"lazy\" \/>            <\/p>\n<p>\n            Amadeus<br \/>\n            SkyShowtime\n        <\/p>\n","protected":false},"excerpt":{"rendered":"Kahden viikon suoratoistot\u00e4rpeiss\u00e4 my\u00f6s uusi tulkinta ja tarinasta, mysteeripodcastin uusi kausi, tuore -dekkari sek\u00e4 suosikkikoomikon kuolemaa ruotiva stand&hellip;\n","protected":false},"author":2,"featured_media":122467,"comment_status":"","ping_status":"","sticky":false,"template":"","format":"standard","meta":{"footnotes":""},"categories":[133],"tags":[14410,298,137,8381,33,31,30,22004,22014,4662,22013,21934,22012,20505,11801,7387,22011,9611,22010,22009,217,12361,351,2767,22008,22007,341,32,22006,206,22005,6609,156,22015,109,913],"class_list":{"0":"post-122466","1":"post","2":"type-post","3":"status-publish","4":"format-standard","5":"has-post-thumbnail","7":"category-televisiot","8":"tag-amadeus","9":"tag-disney","10":"tag-entertainment","11":"tag-ethan-hawke","12":"tag-fi","13":"tag-finland","14":"tag-finnish","15":"tag-for-her-sins","16":"tag-harlan-coben","17":"tag-helen-mirren","18":"tag-hotel-costiera","19":"tag-hyvasti-june","20":"tag-james-nesbitt","21":"tag-jo-joyner","22":"tag-kate-winslet","23":"tag-krista-kosonen","24":"tag-kuinka-skandaali-paljastetaan","25":"tag-m-s-mystery","26":"tag-minnie-driver","27":"tag-mozart","28":"tag-netflix","29":"tag-paul-bettany","30":"tag-ricky-gervais","31":"tag-riku-rantala","32":"tag-salieri","33":"tag-seymour-hersh","34":"tag-skyshowtime","35":"tag-suomi","36":"tag-synti-sarja","37":"tag-televisiot","38":"tag-the-lowdown","39":"tag-timothy-spall","40":"tag-tv","41":"tag-verenperinto","42":"tag-viihde","43":"tag-yle-areena"},"share_on_mastodon":{"url":"","error":"Validation failed: Text character limit of 500 exceeded"},"_links":{"self":[{"href":"https:\/\/www.europesays.com\/fi\/wp-json\/wp\/v2\/posts\/122466","targetHints":{"allow":["GET"]}}],"collection":[{"href":"https:\/\/www.europesays.com\/fi\/wp-json\/wp\/v2\/posts"}],"about":[{"href":"https:\/\/www.europesays.com\/fi\/wp-json\/wp\/v2\/types\/post"}],"author":[{"embeddable":true,"href":"https:\/\/www.europesays.com\/fi\/wp-json\/wp\/v2\/users\/2"}],"replies":[{"embeddable":true,"href":"https:\/\/www.europesays.com\/fi\/wp-json\/wp\/v2\/comments?post=122466"}],"version-history":[{"count":0,"href":"https:\/\/www.europesays.com\/fi\/wp-json\/wp\/v2\/posts\/122466\/revisions"}],"wp:featuredmedia":[{"embeddable":true,"href":"https:\/\/www.europesays.com\/fi\/wp-json\/wp\/v2\/media\/122467"}],"wp:attachment":[{"href":"https:\/\/www.europesays.com\/fi\/wp-json\/wp\/v2\/media?parent=122466"}],"wp:term":[{"taxonomy":"category","embeddable":true,"href":"https:\/\/www.europesays.com\/fi\/wp-json\/wp\/v2\/categories?post=122466"},{"taxonomy":"post_tag","embeddable":true,"href":"https:\/\/www.europesays.com\/fi\/wp-json\/wp\/v2\/tags?post=122466"}],"curies":[{"name":"wp","href":"https:\/\/api.w.org\/{rel}","templated":true}]}}