{"id":122474,"date":"2025-12-21T17:20:07","date_gmt":"2025-12-21T17:20:07","guid":{"rendered":"https:\/\/www.europesays.com\/fi\/122474\/"},"modified":"2025-12-21T17:20:07","modified_gmt":"2025-12-21T17:20:07","slug":"saatat-lukea-tata-laitteelta-johon-liittyy-kidutusta-raiskauksia-ja-kuolemaa","status":"publish","type":"post","link":"https:\/\/www.europesays.com\/fi\/122474\/","title":{"rendered":"Saatat lukea t\u00e4t\u00e4 laitteelta, johon liittyy kidutusta, raiskauksia ja kuolemaa"},"content":{"rendered":"<p class=\"paragraph\">Saatat lukea t\u00e4t\u00e4 juttua laitteelta, jonka valmistukseen on liittynyt kidutusta, murhia ja seksuaalista v\u00e4kivaltaa.<\/p>\n<p class=\"paragraph\">N\u00e4in v\u00e4itt\u00e4\u00e4 yhdysvaltalainen etuj\u00e4rjest\u00f6, joka nosti hiljattain <a href=\"https:\/\/static1.squarespace.com\/static\/608276df0e35bd790e38eff3\/t\/69271357042aad5e42509919\/1764168535814\/IRA+v.+Apple_Compl_final.pdf\" target=\"_blank\" rel=\"noopener nofollow\">kanteen<\/a> Iphoneja valmistavaa Applea vastaan.<\/p>\n<p class=\"paragraph\">Kanteen nostaneen Yhdysvalloissa toimivan etuj\u00e4rjest\u00f6n International Rights Advocatesin (IRAdvocates) mukaan Applen laitteiden sis\u00e4lt\u00e4m\u00e4t mineraalit linkitt\u00e4v\u00e4t Iphonet ja Apple Watchit mit\u00e4 kamalimpiin ihmisoikeusrikoksiin.<\/p>\n<p class=\"paragraph\">Kanteen mukaan Applen markkinointi ja mainonta on harhaanjohtavaa ja luo kuluttajalle t\u00e4ysin valheellisen kuvan tuotteidensa vastuullisuudesta.<\/p>\n<p>Ihmiset osoittivat mielt\u00e4 Applen liikkeen edess\u00e4 Berliiniss\u00e4 vuonna 2024. Mielenosoituksen tarkoituksena oli kiinnitt\u00e4\u00e4 maailman huomio Kongossa tapahtuviin ihmisoikeus- ja ymp\u00e4rist\u00f6rikoksiin.  REUTERS <\/p>\n<p class=\"paragraph\">Kysymys p\u00e4ivitt\u00e4in k\u00e4ytt\u00e4m\u00e4mme elektroniikan ja v\u00e4kivallan yhteydest\u00e4 ei ole uusi.<\/p>\n<p class=\"paragraph\">Ilmi\u00f6st\u00e4 puhuttaessa viitataan usein nostetun kanteen keski\u00f6ss\u00e4 olevaan Kongon demokraattiseen tasavaltaan, jonka maaper\u00e4 on pullollaan maailman himoitsemia mineraaleja.<\/p>\n<p class=\"paragraph\">Kongossa on maailman merkitt\u00e4vimm\u00e4t koboltti- ja koltaaniesiintym\u00e4t, jotka ovat kriittisi\u00e4 p\u00e4ivitt\u00e4in k\u00e4ytt\u00e4miemme \u00e4lylaitteiden valmistuksessa.<\/p>\n<p class=\"paragraph\">Lis\u00e4ksi Kongosta l\u00f6ytyvi\u00e4 mineraaleja tarvitaan s\u00e4hk\u00f6ajoneuvojen sek\u00e4 uusiutuvaan energiaan liittyvien j\u00e4rjestelmien valmistuksessa.<\/p>\n<p class=\"paragraph\">Kongon arvokkaat luonnonvarat ovat kiinnitt\u00e4neet my\u00f6s Yhdysvaltain presidentin <a href=\"https:\/\/www.iltalehti.fi\/henkilot\/Donald Trump\" class=\"article-link-person-page\" rel=\"nofollow noopener\" target=\"_blank\">Donald Trumpin<\/a> huomion.<\/p>\n<p class=\"paragraph\">Kun Ruandan presidentti <a href=\"https:\/\/www.iltalehti.fi\/henkilot\/Paul Kagame\" class=\"article-link-person-page\" rel=\"nofollow noopener\" target=\"_blank\">Paul Kagame<\/a> ja Kongon presidentti <strong>F\u00e9liz Tshisekedi<\/strong> allekirjoittivat joulukuussa Trumpin v\u00e4litt\u00e4m\u00e4n rauhansopimuksen, <a href=\"https:\/\/apnews.com\/article\/congo-rwanda-trump-peace-deal-conflict-us-033736c256c921f7e70a603a3ab1bf96\" target=\"_blank\" rel=\"noopener nofollow\">Trump ilmoitti<\/a> Yhdysvaltain allekirjoittaneen maiden kanssa sopimuksen, jonka my\u00f6t\u00e4 Yhdysvallat saa uusia mahdollisuuksia hy\u00f6ty\u00e4 alueen kriittisist\u00e4 mineraaleista.<\/p>\n<p class=\"paragraph\">\u2013 Kaikki tulevat tekem\u00e4\u00e4n paljon rahaa, Trump ilakoi.<\/p>\n<p>Ruandan, Yhdysvaltain ja Kongon presidentit joulukuussa Washingtonissa, jossa Ruanda ja Kongo allekirjoittivat Trumpin v\u00e4litt\u00e4m\u00e4n rauhansopimuksen. Ruanda tukee Kongon asevoimia vastaan taistelevaa aseellista ryhmittym\u00e4\u00e4.  AP<\/p>\n<p class=\"paragraph\">Vaikka Kongon rikkauksien voisi ajatella tuovan maan 113\u00a0miljoonalle asukkaalle vaurautta ja hyvinvointia, ne ovat sen sijaan lietsoneet yht\u00e4 maailman historian suurimmista tragedioista.<\/p>\n<p class=\"paragraph\">It\u00e4-Kongoa jo l\u00e4hes 30 vuotta repineess\u00e4 konfliktissa aseelliset ryhmittym\u00e4t kilpailevat kaivosalueista ja rahoittavat sodank\u00e4ynti\u00e4\u00e4n mineraaleista saatavilla tuotoilla.<\/p>\n<p>Taisteluita paenneita siviilej\u00e4 It\u00e4-Kongossa tammikuussa.  EPA \/ AOP<\/p>\n<p class=\"paragraph\">Vaikka <a href=\"https:\/\/policy.trade.ec.europa.eu\/development-and-sustainability\/conflict-minerals-regulation\/regulation-explained_en\" target=\"_blank\" rel=\"noopener nofollow\">EU on pyrkinyt est\u00e4m\u00e4\u00e4n<\/a> mineraalien tuonnin konfliktialueelta, yhdysvaltalaisj\u00e4rjest\u00f6n kanteen mukaan aseellisten ryhmien valtaamilta kaivoksilta salakuljetetaan mineraaleja Kongon naapurimaahan Ruandaan, josta ne p\u00e4\u00e4tyv\u00e4t globaaleihin toimitusketjuihin.<\/p>\n<p class=\"paragraph\">Samankaltaiseen johtop\u00e4\u00e4t\u00f6kseen ovat p\u00e4\u00e4tyneet my\u00f6s YK:n asiantuntijat, joiden mukaan Kongosta salakuljetetut mineraalit sekoitetaan Ruandassa paikalliseen tuotantoon.<\/p>\n<p class=\"paragraph\">N\u00e4in aseellisten ryhmittymien hallussa olevilta kaivoksilta p\u00e4\u00e4tyy yhdysvaltalaiskanteen mukaan mineraaleja my\u00f6s Applen laitteisiin.<\/p>\n<p class=\"paragraph\">T\u00e4t\u00e4 kautta omistamamme laitteet linkittyv\u00e4t konfliktiin, joka on aiheuttanut alueen siviileille valtavaa k\u00e4rsimyst\u00e4.<\/p>\n<p class=\"paragraph\">Pitkittyneen konfliktin aikana yli kuusi miljoonaa ihmist\u00e4 on menett\u00e4nyt henkens\u00e4.  Pelk\u00e4st\u00e4\u00e4n t\u00e4m\u00e4n vuoden kahdeksan ensimm\u00e4isen kuukauden aikana taistelut tappoivat tuhansia ja pakottivat sadat tuhannet ihmiset pakenemaan kodeistaan.<\/p>\n<p>Nainen suree pommi-iskussa kuollutta lastaan It\u00e4-Kongossa sijaitsevassa Bukavun kaupungissa, jonka Ruandan tukema M23-ryhmittym\u00e4 miehitti helmikuussa.  EPA \/ AOP<\/p>\n<p class=\"paragraph\">V\u00e4kivallan kierre on synnytt\u00e4nyt alueelle humanitaarisen kriisin. Maailman ruokaohjelma kertoi marraskuussa, ett\u00e4 noin 3,2\u00a0miljoonan ihmisen ravinnonsaanti on h\u00e4lytt\u00e4v\u00e4n puutteellista v\u00e4kivallan runtelemassa It\u00e4-Kongossa.<\/p>\n<p class=\"paragraph\">Naisiin kohdistuvaan v\u00e4kivaltaan liittyy konfliktissa aivan erityinen, karmaiseva piirre.<\/p>\n<p class=\"paragraph\">Aseelliset ryhmittym\u00e4t k\u00e4ytt\u00e4v\u00e4t seksuaalista v\u00e4kivaltaa systemaattisesti sodank\u00e4ynnin v\u00e4lineen\u00e4, jolla pyrit\u00e4\u00e4n lietsomaan pelkoa ja pakottamaan siviiliv\u00e4est\u00f6 pakenemaan.<\/p>\n<p class=\"paragraph\">Seksuaalisen v\u00e4kivallan avulla ryhmittym\u00e4t pyrkiv\u00e4t <a href=\"https:\/\/panzifoundation.org\/rape-as-a-weapon-of-war\/\" target=\"_blank\" rel=\"noopener nofollow\">terrorisoimaan paikallista siviiliv\u00e4est\u00f6\u00e4<\/a>, jotta ne voivat ottaa haltuunsa ja riist\u00e4\u00e4 It\u00e4-Kongon arvokkaita mineraaleja.<\/p>\n<p>Jalkansa It\u00e4-Kongon konfliktissa menett\u00e4nyt is\u00e4 istuu nukkuvan tytt\u00e4rens\u00e4 vieress\u00e4 Gomassa. EPA \/ AOP<\/p>\n<p class=\"paragraph\"><a href=\"https:\/\/apnews.com\/article\/congo-m23-human-rights-united-nations-8700888f0589d621b760c98aeb2d9239\" target=\"_blank\" rel=\"noopener nofollow\">YK<\/a> totesi syyskuussa Kongon asevoimien sotilaiden sek\u00e4 It\u00e4-Kongossa toimivan Ruandan tukeman aseellisen ryhmittym\u00e4n syyllistyneen joukkoraiskauksiin, kiduttamiseen, murhiin sek\u00e4 muihin \u201dj\u00e4rkytt\u00e4viin\u201d hirmutekoihin v\u00e4itetysti toiseen ryhmittym\u00e4\u00e4n kuuluvia siviilej\u00e4 vastaan.<\/p>\n<p class=\"paragraph\">Nobelin rauhanpalkinnon vuonna 2018 saanut kongolainen l\u00e4\u00e4k\u00e4ri <strong>Dennis Mukwege<\/strong> alleviivasi viime vuonna julkaistussa <a href=\"https:\/\/www.imdb.com\/title\/tt16158398\/\" target=\"_blank\" rel=\"noopener nofollow\">dokumentissa<\/a> t\u00e4m\u00e4n \u00e4\u00e4rimm\u00e4isen k\u00e4rsimyksen yhteytt\u00e4 meihin, jotka olemme kaukana Kongossa tapahtuvista kauheuksista:<\/p>\n<p class=\"paragraph\">\u2013 Meid\u00e4n jokaisen omistamat \u00e4lypuhelimet sis\u00e4lt\u00e4v\u00e4t mineraaleja, joita riistet\u00e4\u00e4n raiskaamalla ja teurastamalla ihmisi\u00e4 Kongon demokraattisessa tasavallassa.<\/p>\n<p>Vuoden 2018 rauhannobelisti Denis Mukwege on omistanut el\u00e4m\u00e4ns\u00e4 Kongossa seksuaalisen v\u00e4kivallan uhriksi joutuneiden naisten auttamiseksi.  AP<\/p>\n<p class=\"paragraph\">Applea vastaan nostettu kanne ei ole ensimm\u00e4inen laatuaan.<\/p>\n<p class=\"paragraph\">IRAdvocates on <a href=\"https:\/\/www.reuters.com\/article\/world\/tesla-apple-among-firms-accused-of-aiding-child-labor-in-congo-idUSKBN1YK24E\/\" target=\"_blank\" rel=\"noopener nofollow\">syytt\u00e4nyt<\/a> Applea jo aiemmin lapsity\u00f6voiman k\u00e4yt\u00f6st\u00e4 kongolaisilla kobolttikaivoksilla, joista per\u00e4isin olevia mineraaleja teknologiaj\u00e4tti on kanteen mukaan k\u00e4ytt\u00e4nyt tuotannossaan.<\/p>\n<p class=\"paragraph\">J\u00e4rjest\u00f6 nosti kaivoksilla kuolleiden lasten perheiden puolesta kanteen my\u00f6s Teslaa, Microsoftia, Googlen omistavaa Alphabetia sek\u00e4 teknologiayritys Dell technologiesia vastaan vuonna 2019. Yhdysvaltalainen tuomioistuin kuitenkin hylk\u00e4si jutun.<\/p>\n<p>My\u00f6s autovalmistaja Teslaa on syytetty sen k\u00e4ytetty\u00e4 v\u00e4itetysti lapsity\u00f6voimaa kongolaisilla kobolttikaivoksilla. Yhdysvaltalainen tuomioistuin hylk\u00e4si syytteen.  ZumaWire \/ MVPHOTOS<\/p>\n<p class=\"paragraph\">My\u00f6s ranskalainen syytt\u00e4j\u00e4 hylk\u00e4si joulukuussa Kongon nostaman konfliktimineraaleihin liittyv\u00e4n kanteen Applen tyt\u00e4ryhti\u00f6t\u00e4 vastaan. Syytt\u00e4j\u00e4 perusteli hylk\u00e4\u00e4misp\u00e4\u00e4t\u00f6st\u00e4 puutteellisella todistusaineistolla.<\/p>\n<p class=\"paragraph\">Vastaava kanne on nostettu my\u00f6s Belgiassa.<\/p>\n<p class=\"paragraph\">Apple on ehtinyt leimata tuoreet v\u00e4itteet \u201dper\u00e4tt\u00f6min\u00e4\u201d.<\/p>\n<p class=\"paragraph\">Applen edustajan mukaan yritys ohjeisti toimittajiaan lopettamaan koboltin hankkimisen Kongosta ja Ruandasta sen j\u00e4lkeen, kun konflikti eskaloitui vuonna 2024.<\/p>\n<p>T\u00e4m\u00e4n vuoden aikana sadat tuhannet kongolaiset ovat paenneet kodeistaan.  EPA \/ AOP<\/p>\n<p class=\"paragraph\">Yrityksen edustajan mukaan 99\u00a0prosenttia Applen akuissa k\u00e4ytetyst\u00e4 koboltista on kierr\u00e4tetty, mik\u00e4 alleviivaa yrityksen pyrkimyst\u00e4 irtautua louhituista mineraaleista.<\/p>\n<p class=\"paragraph\">Yhdysvaltalaisen etuj\u00e4rjest\u00f6n kanteen mukaan Applen k\u00e4ytt\u00e4m\u00e4 laskentamenetelm\u00e4 mahdollistaa kuitenkin kierr\u00e4tetyn mineraalin sekoittamisen konfliktialueilta per\u00e4isin oleviin mineraaleihin.<\/p>\n<p class=\"paragraph\">BBC:n pitk\u00e4aikainen Afrikka-toimittaja <a href=\"https:\/\/www.iltalehti.fi\/henkilot\/Fergal Keane\" class=\"article-link-person-page\" rel=\"nofollow noopener\" target=\"_blank\">Fergal Keane<\/a> <a href=\"https:\/\/www.youtube.com\/watch?v=Ht2RJQ6v1iU\" target=\"_blank\" rel=\"noopener nofollow\">summasi taannoin hyvin<\/a> Kongon v\u00e4kivaltaista historiaa:<\/p>\n<p class=\"paragraph\">\u2013 Kongolaisten k\u00e4rsimys ei ole asioiden luontainen tila, vaan ihmisen aiheuttamaa. Ja siin\u00e4 piilee Kongon traagisuus.<\/p>\n<p class=\"paragraph\">Tuore kanne saa ainakin vastuullisuudesta v\u00e4litt\u00e4v\u00e4n kuluttajan pohtimaan suomalaisen kuluttajan osuutta ja vastuuta t\u00e4ss\u00e4 tragediassa.<\/p>\n","protected":false},"excerpt":{"rendered":"Saatat lukea t\u00e4t\u00e4 juttua laitteelta, jonka valmistukseen on liittynyt kidutusta, murhia ja seksuaalista v\u00e4kivaltaa. N\u00e4in v\u00e4itt\u00e4\u00e4 yhdysvaltalainen etuj\u00e4rjest\u00f6,&hellip;\n","protected":false},"author":2,"featured_media":122475,"comment_status":"","ping_status":"","sticky":false,"template":"","format":"standard","meta":{"footnotes":""},"categories":[14],"tags":[35,13042,22,23,26,27,33,31,30,17,24,25,2744,28,29,2742,15,18,21,2743,38,32,19,20,56,16,59,60,61],"class_list":{"0":"post-122474","1":"post","2":"type-post","3":"status-publish","4":"format-standard","5":"has-post-thumbnail","7":"category-ulkomaat","8":"tag-24h","9":"tag-alkuaineet","10":"tag-breaking-news","11":"tag-breakingnews","12":"tag-featured-news","13":"tag-featurednews","14":"tag-fi","15":"tag-finland","16":"tag-finnish","17":"tag-headlines","18":"tag-latest-news","19":"tag-latestnews","20":"tag-luonnonvarat","21":"tag-main-news","22":"tag-mainnews","23":"tag-metallit-ja-mineraalit","24":"tag-news","25":"tag-otsikot","26":"tag-paauutiset","27":"tag-perusteollisuus-sektori","28":"tag-rikos","29":"tag-suomi","30":"tag-top-stories","31":"tag-topstories","32":"tag-ulkomaat","33":"tag-uutiset","34":"tag-world","35":"tag-world-news","36":"tag-worldnews"},"share_on_mastodon":{"url":"https:\/\/pubeurope.com\/@fi\/115758709151647290","error":""},"_links":{"self":[{"href":"https:\/\/www.europesays.com\/fi\/wp-json\/wp\/v2\/posts\/122474","targetHints":{"allow":["GET"]}}],"collection":[{"href":"https:\/\/www.europesays.com\/fi\/wp-json\/wp\/v2\/posts"}],"about":[{"href":"https:\/\/www.europesays.com\/fi\/wp-json\/wp\/v2\/types\/post"}],"author":[{"embeddable":true,"href":"https:\/\/www.europesays.com\/fi\/wp-json\/wp\/v2\/users\/2"}],"replies":[{"embeddable":true,"href":"https:\/\/www.europesays.com\/fi\/wp-json\/wp\/v2\/comments?post=122474"}],"version-history":[{"count":0,"href":"https:\/\/www.europesays.com\/fi\/wp-json\/wp\/v2\/posts\/122474\/revisions"}],"wp:featuredmedia":[{"embeddable":true,"href":"https:\/\/www.europesays.com\/fi\/wp-json\/wp\/v2\/media\/122475"}],"wp:attachment":[{"href":"https:\/\/www.europesays.com\/fi\/wp-json\/wp\/v2\/media?parent=122474"}],"wp:term":[{"taxonomy":"category","embeddable":true,"href":"https:\/\/www.europesays.com\/fi\/wp-json\/wp\/v2\/categories?post=122474"},{"taxonomy":"post_tag","embeddable":true,"href":"https:\/\/www.europesays.com\/fi\/wp-json\/wp\/v2\/tags?post=122474"}],"curies":[{"name":"wp","href":"https:\/\/api.w.org\/{rel}","templated":true}]}}