{"id":122488,"date":"2025-12-21T17:45:15","date_gmt":"2025-12-21T17:45:15","guid":{"rendered":"https:\/\/www.europesays.com\/fi\/122488\/"},"modified":"2025-12-21T17:45:15","modified_gmt":"2025-12-21T17:45:15","slug":"appiukolla-oli-ongelma-jonka-ratkaisuksi-oululainen-risto-holappa-perusti-yrityksen-kuin-vinted-mutta-metsan-antimille","status":"publish","type":"post","link":"https:\/\/www.europesays.com\/fi\/122488\/","title":{"rendered":"Appiukolla oli ongelma, jonka ratkaisuksi oululainen Risto Holappa perusti yrityksen \u2013 Kuin Vinted, mutta mets\u00e4n antimille"},"content":{"rendered":"<p>\n      Joskus parhaat ideat syntyv\u00e4t l\u00e4heisten k\u00e4yt\u00e4nn\u00f6n ongelmista. N\u00e4in k\u00e4vi ainakin Arkalasta, Ylikiimingin pienest\u00e4 kyl\u00e4st\u00e4 kotoisin olevalle Risto Holapalle.\n    <\/p>\n<p>\n      Pikkukyl\u00e4n pojalle luonto on aina ollut l\u00e4hell\u00e4. H\u00e4n on marjastanut, kalastanut ja mets\u00e4st\u00e4nyt.\n    <\/p>\n<p class=\"article__paragraph\">\n      \u2013 Jo silt\u00e4 ajalta j\u00e4i sellainen eti\u00e4inen, ett\u00e4 haluaisin tuoda t\u00e4t\u00e4 kulttuuria jotenkin osaksi digitaalista aikaa.\n    <\/p>\n<p class=\"article__paragraph\">\n      Vuodet vieriv\u00e4t. Holappa harrasti koodaamista, josta tuli lopulta h\u00e4nelle leip\u00e4ty\u00f6. Useita vuosia h\u00e4n teki toimistot\u00f6it\u00e4.\n    <\/p>\n<p class=\"article__paragraph\">\n      Lopulta appiukon ongelmat her\u00e4tteliv\u00e4t vanhaa eti\u00e4ist\u00e4.\n    <\/p>\n<p class=\"article__paragraph\">\n      \u2013 H\u00e4n kertoi, ett\u00e4 kalastajan ammatissa k\u00e4det loppuvat kesken eik\u00e4 tekij\u00f6it\u00e4 riit\u00e4.\n    <\/p>\n<p class=\"article__paragraph\">\n      Vuosien tasaisen toimistoty\u00f6n j\u00e4lkeen Holappa koki, ett\u00e4 taidot olivat vihdoin sill\u00e4 tasolla, ett\u00e4 yritt\u00e4j\u00e4ksi hypp\u00e4\u00e4minen voisi olla mahdollista. Appiukon ongelmista h\u00e4n sai ajatuksen: luonnontuotteiden myynnist\u00e4 pit\u00e4isi tehd\u00e4 helpompaa ja kannattavampaa.\n    <\/p>\n<p>    <img decoding=\"async\" class=\"responsive-image article__image-image lozad\"   src=\"https:\/\/www.europesays.com\/fi\/wp-content\/uploads\/2025\/12\/QaabPtR6k7979ZJAcZU8hrjNOMB-h4XuNJb4H3bre9tFNCw8biqPWo3U_EB05rdAB1ZiHJ-aUrvy0iScDYZmOrkz2qjx7x-jA5uE.jpeg\" alt=\"Risto Holapan lis\u00e4ksi yrityksess\u00e4 isosta osasta vastaa operaatiop\u00e4\u00e4llikk\u00f6 Sanna Kyll\u00f6nen.\"\/><\/p>\n<p>\n                Risto Holapan lis\u00e4ksi yrityksess\u00e4 isosta osasta vastaa operaatiop\u00e4\u00e4llikk\u00f6 Sanna Kyll\u00f6nen.\n              <\/p>\n<p>\n                Kuva: Maiju Pohjanheimo\n              <\/p>\n<p class=\"article__paragraph\">\n      Niin syntyi ensimm\u00e4inen selke\u00e4 kuva Willitist\u00e4, Holapan startup-yrityksest\u00e4, jonka h\u00e4n lanseerasi \u00a0tiistaina 16. joulukuuta. Willit on verkkosivumuotoinen kauppapaikka luonnontuotteille.\n    <\/p>\n<p class=\"article__paragraph\">\n      \u2013 Aluksi ajatukset py\u00f6riv\u00e4t vain kalastuksessa, mutta pian tajusin, ett\u00e4 se ei yksin\u00e4\u00e4n olisi kannattavaa. Laajensin ideaa koskemaan kaikkia luonnontuotteita. Samalla ajatus on, ett\u00e4 toiminta voisi skaalautua my\u00f6s ulkomaille.\n    <\/p>\n<p class=\"article__paragraph\">\n      Ensimm\u00e4isen vuoden tavoitteena yrityksess\u00e4 olisi saada noin sata myyj\u00e4\u00e4 alustalle.\n    <\/p>\n<p class=\"article__paragraph\">\n      \u2013\u202fSe voisi tarkoittaa jopa tuhatta ostajaa. T\u00e4ll\u00f6in toimintaa saataisiin hiljalleen kannattavaksi ja mahdollisuus my\u00f6s maksaa palkkaa.\n    <\/p>\n<p class=\"article__paragraph\">\n      Yrityst\u00e4 py\u00f6ritet\u00e4\u00e4n t\u00e4ll\u00e4 hetkell\u00e4 kolmen hengen voimin. Tulot tulevat provisioista ja palvelumaksuista. Jokaisesta myynnist\u00e4 otetaan viisi prosenttia ja ostosta toiset viisi. Lis\u00e4ksi alustalla on olemassa kuukausimaksullisia ominaisuuksia.\n    <\/p>\n<p class=\"article__paragraph\">\n      Yrityksen vastaanotto on kollegoiden kesken ollut positiivinen.\n    <\/p>\n<p class=\"article__paragraph\">\n      \u2013 Monet, keille olen ajatusta esitellyt, ovat olleet siit\u00e4 innoissaan. Innokkaita ihmisi\u00e4 on pit\u00e4nyt jopa ihan toppuutella, koska kaikille ei ole mahdollisuutta maksaa palkkaa, naurahtaa Holappa.\n    <\/p>\n<p class=\"article__paragraph\">\n      H\u00e4n kertoo, ett\u00e4 villeimmiss\u00e4 yhteydenotoissa on toivottu, ett\u00e4 yrityksen kautta saataisiin suomalaisia marjoja Indonesiaan saakka. Kolmivuotisen suunnitelman mukaan n\u00e4in laajaa skaalautumista ei kuitenkaan ole ajatuksissa, vaan tarkoitus olisi levitt\u00e4\u00e4 toiminta Pohjoismaihin.\n    <\/p>\n<p class=\"article__paragraph\">\n      Myynti itsess\u00e4\u00e4n toimii samaan tyyliin kuin esimerkiksi vaatteiden myynti kirpputorisovellus Vintediss\u00e4. Tuotteelle m\u00e4\u00e4ritet\u00e4\u00e4n hinta, kerrotaan mist\u00e4 se on per\u00e4isin ja lis\u00e4t\u00e4\u00e4n muita perustietoja. Jokaisenoikeudella saavutetut tuotteet, kuten marjat, voi myyd\u00e4 alustalla ilman Y-tunnusta. Muihin sen tarvitsee.\n    <\/p>\n<p class=\"article__paragraph\">\n      Riistan myynti menee Ruokaviraston ohjeiden mukaisesti. Hirvi\u00e4 voi esimerkiksi myyd\u00e4 enint\u00e4\u00e4n kymmenen kappaletta vuodessa.\n    <\/p>\n<p class=\"article__paragraph\">\n      Alustalla voi tehd\u00e4 my\u00f6s ennakkomyynti\u00e4.\n    <\/p>\n<p class=\"article__paragraph\">\n      V\u00e4ltt\u00e4\u00e4kseen yleisimm\u00e4t sudenkuopat ja huolenaiheet, kertoo Holappa, ett\u00e4 yrityst\u00e4 on kehitetty eteenp\u00e4in yhdess\u00e4 alan viranomaisten ja virastojen kanssa.\n    <\/p>\n<p class=\"article__paragraph\">\n      \u2013\u202fKehitett\u00e4v\u00e4\u00e4 l\u00f6ytyy viel\u00e4 ja niihin asioihin tartumme nyt heti lanseerauksen j\u00e4lkeen.\n    <\/p>\n<p>    <img decoding=\"async\" class=\"responsive-image article__image-image lozad\"   src=\"https:\/\/www.europesays.com\/fi\/wp-content\/uploads\/2025\/12\/owZbb78DW-ZH0xp8BgSvH5vA3S_ygAkKHReYptEm5MV9QXayAVvSHdhNpST7clr7HIw7sXNtWHXw9d2bjgL5D145GvEUjruw11Xm.jpeg\" alt=\"Willit-yrityksen lanseeraustilaisuus pidettiin Startup Oulun tiloissa. Risto Holappa osallistui aktiivisesti Statrup Oulun toimintaan kehitt\u00e4ess\u00e4\u00e4n yrityst\u00e4.\"\/><\/p>\n<p>\n                Willit-yrityksen lanseeraustilaisuus pidettiin Startup Oulun tiloissa. Risto Holappa osallistui aktiivisesti Statrup Oulun toimintaan kehitt\u00e4ess\u00e4\u00e4n yrityst\u00e4.\n              <\/p>\n<p>\n                Kuva: Maiju Pohjanheimo\n              <\/p>\n","protected":false},"excerpt":{"rendered":"Joskus parhaat ideat syntyv\u00e4t l\u00e4heisten k\u00e4yt\u00e4nn\u00f6n ongelmista. N\u00e4in k\u00e4vi ainakin Arkalasta, Ylikiimingin pienest\u00e4 kyl\u00e4st\u00e4 kotoisin olevalle Risto Holapalle.&hellip;\n","protected":false},"author":2,"featured_media":122489,"comment_status":"","ping_status":"","sticky":false,"template":"","format":"standard","meta":{"footnotes":""},"categories":[76],"tags":[79,77,33,31,30,32,78],"class_list":{"0":"post-122488","1":"post","2":"type-post","3":"status-publish","4":"format-standard","5":"has-post-thumbnail","7":"category-talous","8":"tag-business","9":"tag-economy","10":"tag-fi","11":"tag-finland","12":"tag-finnish","13":"tag-suomi","14":"tag-talous"},"share_on_mastodon":{"url":"https:\/\/pubeurope.com\/@fi\/115758807764083157","error":""},"_links":{"self":[{"href":"https:\/\/www.europesays.com\/fi\/wp-json\/wp\/v2\/posts\/122488","targetHints":{"allow":["GET"]}}],"collection":[{"href":"https:\/\/www.europesays.com\/fi\/wp-json\/wp\/v2\/posts"}],"about":[{"href":"https:\/\/www.europesays.com\/fi\/wp-json\/wp\/v2\/types\/post"}],"author":[{"embeddable":true,"href":"https:\/\/www.europesays.com\/fi\/wp-json\/wp\/v2\/users\/2"}],"replies":[{"embeddable":true,"href":"https:\/\/www.europesays.com\/fi\/wp-json\/wp\/v2\/comments?post=122488"}],"version-history":[{"count":0,"href":"https:\/\/www.europesays.com\/fi\/wp-json\/wp\/v2\/posts\/122488\/revisions"}],"wp:featuredmedia":[{"embeddable":true,"href":"https:\/\/www.europesays.com\/fi\/wp-json\/wp\/v2\/media\/122489"}],"wp:attachment":[{"href":"https:\/\/www.europesays.com\/fi\/wp-json\/wp\/v2\/media?parent=122488"}],"wp:term":[{"taxonomy":"category","embeddable":true,"href":"https:\/\/www.europesays.com\/fi\/wp-json\/wp\/v2\/categories?post=122488"},{"taxonomy":"post_tag","embeddable":true,"href":"https:\/\/www.europesays.com\/fi\/wp-json\/wp\/v2\/tags?post=122488"}],"curies":[{"name":"wp","href":"https:\/\/api.w.org\/{rel}","templated":true}]}}