{"id":122498,"date":"2025-12-21T18:03:20","date_gmt":"2025-12-21T18:03:20","guid":{"rendered":"https:\/\/www.europesays.com\/fi\/122498\/"},"modified":"2025-12-21T18:03:20","modified_gmt":"2025-12-21T18:03:20","slug":"kolmiodraama-jenni-sanoo-suoraan-ollille-taman-kaytoksesta","status":"publish","type":"post","link":"https:\/\/www.europesays.com\/fi\/122498\/","title":{"rendered":"Kolmiodraama-Jenni sanoo suoraan Ollille t\u00e4m\u00e4n k\u00e4yt\u00f6ksest\u00e4"},"content":{"rendered":"<p><strong class=\"typography-bold\">Kolmiodraama-Jennin ja Ollin yhteiselo ei ole alkanut lupaavasti.<\/strong><\/p>\n<p><a class=\"cursor-pointer underline\" data-testid=\"internal-link\" role=\"link\" data-sentry-element=\"Link\" data-sentry-component=\"InternalLink\" data-sentry-source-file=\"InternalLink.tsx\" href=\"https:\/\/www.mtvuutiset.fi\/aihe\/kolmiodraama\/8882694\" rel=\"nofollow noopener\" target=\"_blank\">Kolmiodraama<\/a>-sarjan kolmannessa jaksossa <strong class=\"typography-bold\">Jenni<\/strong> muuttaa <strong class=\"typography-bold\">Ollin<\/strong> kanssa yhteiseen asuntoon Helsingin S\u00f6rn\u00e4isiin.\u00a0<\/p>\n<p>Jenni\u00e4 on alkanut jo yhteiselon alkumetreill\u00e4 h\u00e4irit\u00e4, kun Ollilla ei Jennin mukaan tunnu olevan olenkaan omia mielipiteit\u00e4.\u00a0<\/p>\n<p>\u2013 En tarkoita, ett\u00e4 joka asiaan pit\u00e4\u00e4 sanoa jotain. Mutta minulla on sellainen olo, ett\u00e4 puhun ja p\u00e4lp\u00e4t\u00e4n ja vaadin asioita, sitten sin\u00e4 tulet per\u00e4ss\u00e4 ja olet, ett\u00e4 joo, Jenni avautuu Ollille suoraan.<\/p>\n<p><strong class=\"typography-bold\">Lopulta Jenni avautuu kameralle tunteista, joita h\u00e4nell\u00e4 ei ole. N\u00e4et tilanteen yll\u00e4 olevalta videolta.\u00a0<\/strong><\/p>\n<p>Kolmiodraama\u00a0<a class=\"underline\" data-testid=\"external-link\" href=\"https:\/\/www.mtv.fi\/ohjelma\/331339193cf39c39e01b\/kolmiodraama?utm_medium=internal&amp;utm_source=mtvuutiset\" rel=\"noopener noreferrer nofollow\" data-sentry-component=\"ExternalLink\" data-sentry-source-file=\"ExternalLink.tsx\" target=\"_blank\">MTV Katsomossa<\/a> ja MTV3-kanavalla torstaisin. MTV Katsomo+ -tilaajille seuraavat kaksi jaksoa ennakkoon p\u00e4\u00e4t\u00f6sjaksoa lukuun ottamatta.\u00a0Koukussa Kolmiodraamaan -vodcast ilmestyy <a class=\"underline\" data-testid=\"external-link\" href=\"https:\/\/www.mtv.fi\/ohjelma\/b5236c221e34d83effa0\/koukussa-kolmiodraamaan?utm_medium=internal&amp;utm_source=mtvuutiset\" rel=\"noopener noreferrer nofollow\" data-sentry-component=\"ExternalLink\" data-sentry-source-file=\"ExternalLink.tsx\" target=\"_blank\"><\/a><\/p>\n","protected":false},"excerpt":{"rendered":"Kolmiodraama-Jennin ja Ollin yhteiselo ei ole alkanut lupaavasti. Kolmiodraama-sarjan kolmannessa jaksossa Jenni muuttaa Ollin kanssa yhteiseen asuntoon Helsingin&hellip;\n","protected":false},"author":2,"featured_media":122499,"comment_status":"","ping_status":"","sticky":false,"template":"","format":"standard","meta":{"footnotes":""},"categories":[133],"tags":[137,33,31,30,32,206,156,109],"class_list":{"0":"post-122498","1":"post","2":"type-post","3":"status-publish","4":"format-standard","5":"has-post-thumbnail","7":"category-televisiot","8":"tag-entertainment","9":"tag-fi","10":"tag-finland","11":"tag-finnish","12":"tag-suomi","13":"tag-televisiot","14":"tag-tv","15":"tag-viihde"},"share_on_mastodon":{"url":"https:\/\/pubeurope.com\/@fi\/115758878284936371","error":""},"_links":{"self":[{"href":"https:\/\/www.europesays.com\/fi\/wp-json\/wp\/v2\/posts\/122498","targetHints":{"allow":["GET"]}}],"collection":[{"href":"https:\/\/www.europesays.com\/fi\/wp-json\/wp\/v2\/posts"}],"about":[{"href":"https:\/\/www.europesays.com\/fi\/wp-json\/wp\/v2\/types\/post"}],"author":[{"embeddable":true,"href":"https:\/\/www.europesays.com\/fi\/wp-json\/wp\/v2\/users\/2"}],"replies":[{"embeddable":true,"href":"https:\/\/www.europesays.com\/fi\/wp-json\/wp\/v2\/comments?post=122498"}],"version-history":[{"count":0,"href":"https:\/\/www.europesays.com\/fi\/wp-json\/wp\/v2\/posts\/122498\/revisions"}],"wp:featuredmedia":[{"embeddable":true,"href":"https:\/\/www.europesays.com\/fi\/wp-json\/wp\/v2\/media\/122499"}],"wp:attachment":[{"href":"https:\/\/www.europesays.com\/fi\/wp-json\/wp\/v2\/media?parent=122498"}],"wp:term":[{"taxonomy":"category","embeddable":true,"href":"https:\/\/www.europesays.com\/fi\/wp-json\/wp\/v2\/categories?post=122498"},{"taxonomy":"post_tag","embeddable":true,"href":"https:\/\/www.europesays.com\/fi\/wp-json\/wp\/v2\/tags?post=122498"}],"curies":[{"name":"wp","href":"https:\/\/api.w.org\/{rel}","templated":true}]}}