{"id":122515,"date":"2025-12-21T18:29:13","date_gmt":"2025-12-21T18:29:13","guid":{"rendered":"https:\/\/www.europesays.com\/fi\/122515\/"},"modified":"2025-12-21T18:29:13","modified_gmt":"2025-12-21T18:29:13","slug":"adlercreutz-ehdotti-uudenlaista-uskonnonopetusta-mtvlla-essayah-ja-rydman-tyrmaavat","status":"publish","type":"post","link":"https:\/\/www.europesays.com\/fi\/122515\/","title":{"rendered":"Adlercreutz ehdotti uudenlaista uskonnonopetusta MTV:ll\u00e4 \u2013 Essayah ja Rydman tyrm\u00e4\u00e4v\u00e4t"},"content":{"rendered":"<p>Adlercreutzin aloite saa hallituskumppaneilta tyly\u00e4 palautetta.<\/p>\n<p>19.12. 20:42<\/p>\n<p class=\"article-body mb-nof-24 px-nof-16\">Opetusministeri <a class=\"article-personlink\" href=\"https:\/\/www.is.fi\/haku\/?query=Anders%20Adlercreutz\" rel=\"nofollow noopener\" target=\"_blank\">Anders Adlercreutz<\/a> (r) kertoi MTV:n <a class=\"article-genericlink\" href=\"https:\/\/www.mtvuutiset.fi\/artikkeli\/adlercreutz-mtv-lle-hallitus-alkaa-selvittaa-uskonnontunnit-korvaavaa-oppiainetta\/9272708\" rel=\"nofollow noopener\" target=\"_blank\">Uutisextrassa<\/a>, ett\u00e4 opetus- ja kulttuuriministeri\u00f6 alkaa selvitt\u00e4\u00e4 uuden yhteisen katsomusaineen perustamista nykyisten erillisten uskonnontuntien sijaan.<\/p>\n<p class=\"article-body mb-nof-24 px-nof-16\">Nyky\u00e4\u00e4n jokaiselle uskonnolle j\u00e4rjestet\u00e4\u00e4n peruskouluissa opetusta erikseen.<\/p>\n<p class=\"article-body mb-nof-24 px-nof-16\">Adlercreutz totesi, ett\u00e4 entist\u00e4 monimuotoisemmassa Suomessa kouluissa on paljon eri uskontojen edustajia. T\u00e4m\u00e4 voi opetusministerin mukaan johtaa siihen, ett\u00e4 k\u00e4yt\u00e4nn\u00f6n syist\u00e4 eri uskontoja edustavat oppilaat joudutaan laittamaan eri rinnakkaisluokille. H\u00e4nen mukaansa erottelu sotii peruskoulun ideaa vastaan.<\/p>\n<p class=\"article-body mb-nof-24 px-nof-16\">Adlercreutzin mukaan on t\u00e4rke\u00e4\u00e4 lis\u00e4t\u00e4 ymm\u00e4rryst\u00e4 muista uskonnoista. H\u00e4nen mukaansa lapset voisivat tutustua toistensa ja omaan uskontoonsa.<\/p>\n<p class=\"article-body mb-nof-24 px-nof-16\">Kristillisdemokraattien puheenjohtaja, maa- ja mets\u00e4talousministeri <a class=\"article-personlink\" href=\"https:\/\/www.is.fi\/haku\/?query=Sari%20Essayah\" rel=\"nofollow noopener\" target=\"_blank\">Sari Essayah<\/a> ei Adlercreutzin aloitteelle l\u00e4mpene. H\u00e4n <a class=\"article-genericlink\" href=\"https:\/\/x.com\/SariEssayah\/status\/2002050403899494513\" rel=\"nofollow\">toteaa<\/a> viestipalvelu X:ss\u00e4, ettei asiasta ole hallitusohjelmassa sovittu.<\/p>\n<p class=\"article-body mb-nof-24 px-nof-16\">\u2013 Eik\u00f6h\u00e4n t\u00e4m\u00e4 aika tarvitse pikemminkin enemm\u00e4n uskonnonlukutaitoa, johon oman uskonnon opetus antaa hyv\u00e4n pohjan, h\u00e4n kirjoittaa.<\/p>\n<p class=\"article-body mb-nof-24 px-nof-16\">My\u00f6s perussuomalaisten kansanedustaja <a class=\"article-personlink\" href=\"https:\/\/www.is.fi\/haku\/?query=Wille%20Rydman\" rel=\"nofollow noopener\" target=\"_blank\">Wille Rydman<\/a> kertoo vastustavansa Adlercreutzin aloitetta. H\u00e4n linjaa, ett\u00e4 hallitus ei asiaa selvit\u00e4.<\/p>\n<p class=\"article-body mb-nof-24 px-nof-16\">\u2013 Sen sijaan opetusministeri panee virkamiehens\u00e4 selvitt\u00e4m\u00e4\u00e4n jotain, mik\u00e4 ei todellakaan t\u00e4ll\u00e4 hallituskaudella etene. Veronmaksajien rahoilla ja virkamiesten ty\u00f6ajalla voi ministeri halutessaan politikoida n\u00e4inkin, h\u00e4n <a class=\"article-genericlink\" href=\"https:\/\/x.com\/willerydman\/status\/2002068656725934148\" rel=\"nofollow\">kirjoittaa<\/a> X:ss\u00e4.<\/p>\n<p><img decoding=\"async\" src=\"https:\/\/www.europesays.com\/fi\/wp-content\/uploads\/2025\/12\/1766341753_897_468.jpg\" alt=\"Wille Rydmanin mukaan \u201dkukaan ei oppisi mit\u00e4\u00e4n\u201d, jos uskonnonopetus korvattaisiin yhteisell\u00e4 katsomusaineella.\" class=\"_Img_1rerz_1\" style=\"aspect-ratio:1.4837712519319939\" loading=\"eager\"\/><\/p>\n<p class=\"article-picture-caption\">Wille Rydmanin mukaan \u201dkukaan ei oppisi mit\u00e4\u00e4n\u201d, jos uskonnonopetus korvattaisiin yhteisell\u00e4 katsomusaineella. Kuva:\u00a0Ivan Bessedin<\/p>\n<p class=\"article-body mb-nof-24 px-nof-16\">Rydman vertaa uskonnonopetuksen korvaamista katsomusaineella siihen, ett\u00e4 \u00e4idinkielen opetus korvattaisiin \u201dyleisell\u00e4 kielitiedolla\u201d.<\/p>\n<p class=\"article-body mb-nof-24 px-nof-16\">\u2013 Lopputuloksena tietysti se, ett\u00e4 kukaan ei opi mit\u00e4\u00e4n.<\/p>\n<p class=\"article-body mb-nof-24 px-nof-16\">Rydman kirjoittaa, ett\u00e4 \u201djos haluaa t\u00e4ytt\u00e4\u00e4 Suomen muslimeilla, ep\u00e4ilem\u00e4tt\u00e4 haluaa panna my\u00f6s suomalaislapset opiskelemaan islamia\u201d.<\/p>\n<p class=\"article-body mb-nof-24 px-nof-16\">\u2013 V\u00e4est\u00f6nvaihdon ja kulttuurinvaihdon yhdistelm\u00e4 on tehokas tapa p\u00e4\u00e4st\u00e4 eroon kaikesta kansallisesta omaleimaisuudesta, jota nykyisin my\u00f6s rasismiksi kutsutaan, Rydman selostaa.<\/p>\n<p class=\"article-body mb-nof-24 px-nof-16\">Valtiovarainministeri, perussuomalaisten puheenjohtaja <a class=\"article-personlink\" href=\"https:\/\/www.is.fi\/haku\/?query=Riikka%20Purra\" rel=\"nofollow noopener\" target=\"_blank\">Riikka Purra<\/a> on jakanut Rydmanin viestin.<\/p>\n<p class=\"article-body mb-nof-24 px-nof-16\">Kansanedustaja <a class=\"article-personlink\" href=\"https:\/\/www.is.fi\/haku\/?query=Vilhelm%20Junnila\" rel=\"nofollow noopener\" target=\"_blank\">Vilhelm Junnila<\/a> (ps) <a class=\"article-genericlink\" href=\"https:\/\/x.com\/vilhelmjunnila\/status\/2002078273610911978\" rel=\"nofollow\">kysyi<\/a> X:ss\u00e4, onko hyv\u00e4n joulun toivotus \u201dliian toksista\u201d Adlercreutzille. Junnila nostaa esiin my\u00f6s Adlercreutzin toisen ehdotuksen ylioppilastutkinnon uudistamisesta. Adlercreutz tahtoo kannustaa suomalaisnuoria opiskelemaan enemm\u00e4n kieli\u00e4.<\/p>\n<p class=\"article-body mb-nof-24 px-nof-16\">\u2013 Jos opetusministeri haluaa, ett\u00e4 suomalaiset osaavat esimerkiksi espanjaa, ranskaa ja saksaa, kannattaa harkita onko jokaista kansalaista silloin v\u00e4ltt\u00e4m\u00e4t\u00f6nt\u00e4 pakottaa opiskelemaan ensin ruotsia, Junnila piikittelee.<\/p>\n","protected":false},"excerpt":{"rendered":"Adlercreutzin aloite saa hallituskumppaneilta tyly\u00e4 palautetta. 19.12. 20:42 Opetusministeri Anders Adlercreutz (r) kertoi MTV:n Uutisextrassa, ett\u00e4 opetus- ja&hellip;\n","protected":false},"author":2,"featured_media":122516,"comment_status":"","ping_status":"","sticky":false,"template":"","format":"standard","meta":{"footnotes":""},"categories":[133],"tags":[137,33,31,30,34,32,206,156,109],"class_list":{"0":"post-122515","1":"post","2":"type-post","3":"status-publish","4":"format-standard","5":"has-post-thumbnail","7":"category-televisiot","8":"tag-entertainment","9":"tag-fi","10":"tag-finland","11":"tag-finnish","12":"tag-ilta-sanomat","13":"tag-suomi","14":"tag-televisiot","15":"tag-tv","16":"tag-viihde"},"share_on_mastodon":{"url":"https:\/\/pubeurope.com\/@fi\/115758980733987362","error":""},"_links":{"self":[{"href":"https:\/\/www.europesays.com\/fi\/wp-json\/wp\/v2\/posts\/122515","targetHints":{"allow":["GET"]}}],"collection":[{"href":"https:\/\/www.europesays.com\/fi\/wp-json\/wp\/v2\/posts"}],"about":[{"href":"https:\/\/www.europesays.com\/fi\/wp-json\/wp\/v2\/types\/post"}],"author":[{"embeddable":true,"href":"https:\/\/www.europesays.com\/fi\/wp-json\/wp\/v2\/users\/2"}],"replies":[{"embeddable":true,"href":"https:\/\/www.europesays.com\/fi\/wp-json\/wp\/v2\/comments?post=122515"}],"version-history":[{"count":0,"href":"https:\/\/www.europesays.com\/fi\/wp-json\/wp\/v2\/posts\/122515\/revisions"}],"wp:featuredmedia":[{"embeddable":true,"href":"https:\/\/www.europesays.com\/fi\/wp-json\/wp\/v2\/media\/122516"}],"wp:attachment":[{"href":"https:\/\/www.europesays.com\/fi\/wp-json\/wp\/v2\/media?parent=122515"}],"wp:term":[{"taxonomy":"category","embeddable":true,"href":"https:\/\/www.europesays.com\/fi\/wp-json\/wp\/v2\/categories?post=122515"},{"taxonomy":"post_tag","embeddable":true,"href":"https:\/\/www.europesays.com\/fi\/wp-json\/wp\/v2\/tags?post=122515"}],"curies":[{"name":"wp","href":"https:\/\/api.w.org\/{rel}","templated":true}]}}