{"id":122526,"date":"2025-12-21T18:39:11","date_gmt":"2025-12-21T18:39:11","guid":{"rendered":"https:\/\/www.europesays.com\/fi\/122526\/"},"modified":"2025-12-21T18:39:11","modified_gmt":"2025-12-21T18:39:11","slug":"tama-on-se-raja-jota-ei-yliteta","status":"publish","type":"post","link":"https:\/\/www.europesays.com\/fi\/122526\/","title":{"rendered":"\u201dT\u00e4m\u00e4 on se raja, jota ei ylitet\u00e4&#8221;"},"content":{"rendered":"<p>Ano Turtiainen on sanonut olevansa valmis taistelemaan suomalaisia vastaan. Jarno Limnell on j\u00e4rkyttynyt Turtiaisen puheista.<\/p>\n<p><img decoding=\"async\" class=\"image image-show image-preview\" src=\"https:\/\/www.europesays.com\/fi\/wp-content\/uploads\/2025\/10\/966088c521d2f6af403d65cd0e4661e89e4252d366557363eabb006581b985ac.jpg\" alt=\"\"\/><img decoding=\"async\" class=\"image image-show\" src=\"https:\/\/www.europesays.com\/fi\/wp-content\/uploads\/2025\/10\/1759336268_968_966088c521d2f6af403d65cd0e4661e89e4252d366557363eabb006581b985ac.jpg\" alt=\"\"\/><\/p>\n<p>Kansanedustaja Jarno Limnell muistuttaa, ett\u00e4 Ano Turtiainen on entinen kansanedustaja. N\u00e4in ollen h\u00e4nell\u00e4 on suurempi vastuu puheistaan kuin tavallisella kansalaisella.  Inka Soveri<\/p>\n<p class=\"paragraph\">Kansanedustaja <strong>Jarno Limnell<\/strong> (kok) jyr\u00e4ht\u00e4\u00e4 entiselle kansanedustajalle <strong>Ano Turtiaiselle<\/strong>.<\/p>\n<p class=\"paragraph\">Turtiainen muutti marraskuussa Ven\u00e4j\u00e4lle. H\u00e4n julkaisi videon Youtubessa, jossa esittelee asuntoaan Petroskoissa.<\/p>\n<p class=\"paragraph\">Samalla Turtiainen kertoo olevansa valmis taistelemaan Ven\u00e4j\u00e4n armeijassa ja taistelemaan tarvittaessa suomalaisia vastaan.<\/p>\n<p class=\"paragraph\">Limnell on j\u00e4rkyttynyt Turtiaisen kommenteista. H\u00e4n julkaisi asiasta Facebook-p\u00e4ivityksen.<\/p>\n<p class=\"paragraph\">\u2013 Suomalaisessa is\u00e4nmaallisuudessa on yksi raja, jota ei ylitet\u00e4. Suomalainen ei uhkaa suomalaisia aseilla. Ei miss\u00e4\u00e4n olosuhteissa. Ei sanoissa, ei teoissa, ei vihjauksina, Limnell kirjoittaa.<\/p>\n<p>Is\u00e4nmaan pett\u00e4minen<\/p>\n<p>Ano Turtiainen muutti Ven\u00e4j\u00e4lle marraskuussa. Petteri Paalasmaa<\/p>\n<p class=\"paragraph\">Limnellin mukaan Turtiaisen puheet aseisiin tarttumisesta omia maanmiehi\u00e4 vastaan eiv\u00e4t ole pelkk\u00e4\u00e4 provokaatiota.<\/p>\n<p class=\"paragraph\">Limnellin mukaan siin\u00e4 on kyse perustavanlaatuisesta lojaalisuuden pett\u00e4misest\u00e4.<\/p>\n<p class=\"paragraph\">\u2013 Is\u00e4nmaa ei ole slogani tai some-esiintyminen. Is\u00e4nmaa on vastuu. Vastuu siit\u00e4, ett\u00e4 puolustamme Suomea, suomalaisia ja demokratiaa \u2013 emme uhkaa niit\u00e4.<\/p>\n<p class=\"paragraph\">\u2013 Meid\u00e4n historiamme opettaa, mit\u00e4 tapahtuu, kun kansa hajotetaan sis\u00e4lt\u00e4 k\u00e4sin ja vihollinen saa liittolaisia omista riveist\u00e4. Talvisodan henki ei ollut huutoa, vaan yhteist\u00e4 selk\u00e4rankaa. Silloin suomalaiset seisoivat rinnakkain, eiv\u00e4t vastakkain.<\/p>\n<p class=\"paragraph\">Jos julkaisu ei n\u00e4y, katso se <a href=\"https:\/\/www.facebook.com\/JarnoLim\/posts\/pfbid0rkFdo7vLRkuTzekGLSsBC4ZxCWnFmqnikdvQad4W7wLYmrZHsqcB8VC3BGhGseqyl?locale=fi_FI\" target=\"_blank\" rel=\"noopener nofollow\">t\u00e4\u00e4lt\u00e4<\/a>.<\/p>\n<p>\u201dOlemme vaarallisella tiell\u00e4\u201d<\/p>\n<p class=\"paragraph\">Limnell kirjoittaa, ett\u00e4 vaikka Suomessa on vahva sananvapaus, se ei tarkoita vapautta asettua Suomea vastaan.<\/p>\n<p class=\"paragraph\">H\u00e4n my\u00f6s muistuttaa, ett\u00e4 Turtiainen on entinen kansanedustaja, ja siksi t\u00e4m\u00e4n sanat painavat enemm\u00e4n kuin tavallisen kansalaisen. Vastuu on suurempi.<\/p>\n<p class=\"paragraph\">\u2013 Kun puhe k\u00e4\u00e4ntyy v\u00e4kivallan uhkaan ja omien ihmisten demonisointiin, ollaan vaarallisella tiell\u00e4, joka palvelee vain Suomen vihollisia, Limnell lis\u00e4\u00e4.<\/p>\n<p class=\"paragraph\">\u2013 Is\u00e4nmaallisuus tarkoittaa rauhaa, yhten\u00e4isyytt\u00e4 ja puolustustahtoa. Se tarkoittaa sit\u00e4, ett\u00e4 vaikeinakin aikoina pid\u00e4mme yht\u00e4 emmek\u00e4 anna pelolle, vihalle tai vieraille narratiiveille valtaa. Suomi on vahva silloin, kun suomalaiset seisovat Suomen puolella. T\u00e4m\u00e4 on se raja, jota ei ylitet\u00e4.<\/p>\n<p class=\"paragraph\">Turtiainen toimi ensin perussuomalaisten ja sitten h\u00e4nen itse perustamansa Valta kuuluu kansalle -puolueen kansanedustajana vuosina 2019\u20132023.<\/p>\n<p class=\"paragraph\">Turtiainen erotettiin perussuomalaisten eduskuntaryhm\u00e4st\u00e4 kes\u00e4kuussa 2020, sill\u00e4 h\u00e4n jakoi Twitteriss\u00e4 pilkkaavan kuvan Yhdysvalloissa poliisiv\u00e4kivallan uhrina kuolleesta <strong>George Floydista<\/strong>.<\/p>\n","protected":false},"excerpt":{"rendered":"Ano Turtiainen on sanonut olevansa valmis taistelemaan suomalaisia vastaan. Jarno Limnell on j\u00e4rkyttynyt Turtiaisen puheista. Kansanedustaja Jarno Limnell&hellip;\n","protected":false},"author":2,"featured_media":50683,"comment_status":"","ping_status":"","sticky":false,"template":"","format":"standard","meta":{"footnotes":""},"categories":[12],"tags":[35,22,23,26,27,33,31,30,17,24,25,28,29,15,18,21,142,637,886,885,887,32,19,20,16],"class_list":{"0":"post-122526","1":"post","2":"type-post","3":"status-publish","4":"format-standard","5":"has-post-thumbnail","7":"category-suomi","8":"tag-24h","9":"tag-breaking-news","10":"tag-breakingnews","11":"tag-featured-news","12":"tag-featurednews","13":"tag-fi","14":"tag-finland","15":"tag-finnish","16":"tag-headlines","17":"tag-latest-news","18":"tag-latestnews","19":"tag-main-news","20":"tag-mainnews","21":"tag-news","22":"tag-otsikot","23":"tag-paauutiset","24":"tag-poliitikot","25":"tag-politiikka","26":"tag-puolueet","27":"tag-suomen-poliittiset-puolueet","28":"tag-suomen-politiikka","29":"tag-suomi","30":"tag-top-stories","31":"tag-topstories","32":"tag-uutiset"},"share_on_mastodon":{"url":"https:\/\/pubeurope.com\/@fi\/115759020249849119","error":""},"_links":{"self":[{"href":"https:\/\/www.europesays.com\/fi\/wp-json\/wp\/v2\/posts\/122526","targetHints":{"allow":["GET"]}}],"collection":[{"href":"https:\/\/www.europesays.com\/fi\/wp-json\/wp\/v2\/posts"}],"about":[{"href":"https:\/\/www.europesays.com\/fi\/wp-json\/wp\/v2\/types\/post"}],"author":[{"embeddable":true,"href":"https:\/\/www.europesays.com\/fi\/wp-json\/wp\/v2\/users\/2"}],"replies":[{"embeddable":true,"href":"https:\/\/www.europesays.com\/fi\/wp-json\/wp\/v2\/comments?post=122526"}],"version-history":[{"count":0,"href":"https:\/\/www.europesays.com\/fi\/wp-json\/wp\/v2\/posts\/122526\/revisions"}],"wp:featuredmedia":[{"embeddable":true,"href":"https:\/\/www.europesays.com\/fi\/wp-json\/wp\/v2\/media\/50683"}],"wp:attachment":[{"href":"https:\/\/www.europesays.com\/fi\/wp-json\/wp\/v2\/media?parent=122526"}],"wp:term":[{"taxonomy":"category","embeddable":true,"href":"https:\/\/www.europesays.com\/fi\/wp-json\/wp\/v2\/categories?post=122526"},{"taxonomy":"post_tag","embeddable":true,"href":"https:\/\/www.europesays.com\/fi\/wp-json\/wp\/v2\/tags?post=122526"}],"curies":[{"name":"wp","href":"https:\/\/api.w.org\/{rel}","templated":true}]}}