{"id":122542,"date":"2025-12-21T19:06:08","date_gmt":"2025-12-21T19:06:08","guid":{"rendered":"https:\/\/www.europesays.com\/fi\/122542\/"},"modified":"2025-12-21T19:06:08","modified_gmt":"2025-12-21T19:06:08","slug":"kustantamot-kaksi-suomalaiskirjailijan-teosta-vedetty-myynnista-plagiointiepailyjen-takia","status":"publish","type":"post","link":"https:\/\/www.europesays.com\/fi\/122542\/","title":{"rendered":"Kustantamot: Kaksi suomalaiskirjailijan teosta vedetty myynnist\u00e4 plagiointiep\u00e4ilyjen takia"},"content":{"rendered":"<p>Kirjallisuus|Kahta Harri Istv\u00e1n M\u00e4en tuoretta teosta ep\u00e4ill\u00e4\u00e4n plagiaateiksi amerikkalaisrunoilijan tuotannosta, kertovat kustantajat.<\/p>\n<p class=\"article-body mb-nof-24 px-nof-16\">Kustantamot Enostone ja Helmivy\u00f6 ovat poistaneet myynnist\u00e4 kirjailija <a class=\"article-personlink\" href=\"https:\/\/www.hs.fi\/haku\/?query=Harri%20Istv%C3%A1n%20M%C3%A4en\" rel=\"nofollow noopener\" target=\"_blank\">Harri Istv\u00e1n M\u00e4en<\/a> tuoreita teoksia plagiaattiep\u00e4ilyjen vuoksi. Molemmat kustantamot kertoivat asiasta sosiaalisessa mediassa sunnuntaina.<\/p>\n<p class=\"article-body mb-nof-24 px-nof-16\">Enostone poisti myynnist\u00e4 M\u00e4en runoteoksen Kafka avaa grillikioskin. Helmivy\u00f6 poisti puolestaan pienoisromaanin Pinkki knalli. Molempia teoksia ep\u00e4ill\u00e4\u00e4n plagiaateiksi amerikkalaisen runoilijan <a class=\"article-personlink\" href=\"https:\/\/www.hs.fi\/haku\/?query=Richard%20Brautiganin\" rel=\"nofollow noopener\" target=\"_blank\">Richard Brautiganin<\/a> tuotannosta.<\/p>\n","protected":false},"excerpt":{"rendered":"Kirjallisuus|Kahta Harri Istv\u00e1n M\u00e4en tuoretta teosta ep\u00e4ill\u00e4\u00e4n plagiaateiksi amerikkalaisrunoilijan tuotannosta, kertovat kustantajat. Kustantamot Enostone ja Helmivy\u00f6 ovat poistaneet&hellip;\n","protected":false},"author":2,"featured_media":122543,"comment_status":"","ping_status":"","sticky":false,"template":"","format":"standard","meta":{"footnotes":""},"categories":[5],"tags":[22,23,26,27,33,31,30,17,46,24,25,28,29,15,18,21,32,19,20,16],"class_list":{"0":"post-122542","1":"post","2":"type-post","3":"status-publish","4":"format-standard","5":"has-post-thumbnail","7":"category-otsikot","8":"tag-breaking-news","9":"tag-breakingnews","10":"tag-featured-news","11":"tag-featurednews","12":"tag-fi","13":"tag-finland","14":"tag-finnish","15":"tag-headlines","16":"tag-helsingin-sanomat","17":"tag-latest-news","18":"tag-latestnews","19":"tag-main-news","20":"tag-mainnews","21":"tag-news","22":"tag-otsikot","23":"tag-paauutiset","24":"tag-suomi","25":"tag-top-stories","26":"tag-topstories","27":"tag-uutiset"},"share_on_mastodon":{"url":"https:\/\/pubeurope.com\/@fi\/115759125782988134","error":""},"_links":{"self":[{"href":"https:\/\/www.europesays.com\/fi\/wp-json\/wp\/v2\/posts\/122542","targetHints":{"allow":["GET"]}}],"collection":[{"href":"https:\/\/www.europesays.com\/fi\/wp-json\/wp\/v2\/posts"}],"about":[{"href":"https:\/\/www.europesays.com\/fi\/wp-json\/wp\/v2\/types\/post"}],"author":[{"embeddable":true,"href":"https:\/\/www.europesays.com\/fi\/wp-json\/wp\/v2\/users\/2"}],"replies":[{"embeddable":true,"href":"https:\/\/www.europesays.com\/fi\/wp-json\/wp\/v2\/comments?post=122542"}],"version-history":[{"count":0,"href":"https:\/\/www.europesays.com\/fi\/wp-json\/wp\/v2\/posts\/122542\/revisions"}],"wp:featuredmedia":[{"embeddable":true,"href":"https:\/\/www.europesays.com\/fi\/wp-json\/wp\/v2\/media\/122543"}],"wp:attachment":[{"href":"https:\/\/www.europesays.com\/fi\/wp-json\/wp\/v2\/media?parent=122542"}],"wp:term":[{"taxonomy":"category","embeddable":true,"href":"https:\/\/www.europesays.com\/fi\/wp-json\/wp\/v2\/categories?post=122542"},{"taxonomy":"post_tag","embeddable":true,"href":"https:\/\/www.europesays.com\/fi\/wp-json\/wp\/v2\/tags?post=122542"}],"curies":[{"name":"wp","href":"https:\/\/api.w.org\/{rel}","templated":true}]}}