{"id":122550,"date":"2025-12-21T19:26:08","date_gmt":"2025-12-21T19:26:08","guid":{"rendered":"https:\/\/www.europesays.com\/fi\/122550\/"},"modified":"2025-12-21T19:26:08","modified_gmt":"2025-12-21T19:26:08","slug":"salatut-elamat-tahti-tuuli-mattila-juhlistaa-kihlajaisten-vuosipaivaa-romanttisesti","status":"publish","type":"post","link":"https:\/\/www.europesays.com\/fi\/122550\/","title":{"rendered":"Salatut el\u00e4m\u00e4t -t\u00e4hti Tuuli Mattila juhlistaa kihlajaisten vuosip\u00e4iv\u00e4\u00e4 romanttisesti"},"content":{"rendered":"<p>            Timo Korhonen\n        <\/p>\n<p class=\"subtitle \">Salkkareiden Susu Honkasen roolista muistettava Tuuli Mattila teki yll\u00e4tt\u00e4v\u00e4n rakkauspaljastuksen.<\/p>\n<p class=\"article-content article-content-width !bg-background\">Salatut el\u00e4m\u00e4t -sarjasta aikanaan tunnetuksi tullut n\u00e4yttelij\u00e4 , 39, juhlistaa lauantaina (21.12.) nelj\u00e4tt\u00e4 kihlajaisten vuosip\u00e4iv\u00e4\u00e4ns\u00e4 yhdess\u00e4 puolisonsa, ohjaaja-n\u00e4yttelij\u00e4 , 47, kanssa.<\/p>\n<p class=\"font-weight-bold m-font-weight-bold article-content article-content-width !bg-background\">Katso my\u00f6s! Kuka flexaa nyt? Salatut el\u00e4m\u00e4t -n\u00e4yttelij\u00e4t:<\/p>\n<p class=\"article-content article-content-width !bg-background\">Kaksikko juhlisti merkkip\u00e4iv\u00e4\u00e4ns\u00e4 yhdess\u00e4 lapsensa kanssa, mutta nelj\u00e4 vuotta sitten ohjelmaan kuului astetta romanttisempi tempaus.<\/p>\n<p>Tarina kosinnan takaa<\/p>\n<p class=\"article-content article-content-width !bg-background\">Tuuli kertoo lauantaina (21.12.) julkaisemassaan <a href=\"https:\/\/www.instagram.com\/tuulimattil\/?hl=fi\" target=\"_blank\" rel=\"nofollow noopener\">Instagram<\/a>-p\u00e4ivityksess\u00e4 nelj\u00e4n vuoden takaisen kihlauksen olleen h\u00e4nelle todellinen jymy-yll\u00e4tys.<\/p>\n<p>        <a itemprop=\"url\" href=\"https:\/\/www.seiska.fi\/katso\/salatut-elamat-nayttelijakomistus-tekee-yllatyspaluun\/2005621\" rel=\"nofollow noopener\" target=\"_blank\"><\/p>\n<p>\nSalatut el\u00e4mt\u00e4\n<\/p>\n<p class=\"section-date\">\n        <strong class=\"article-section\" data-section=\"katso\"><br \/>\n            katso<br \/>\n        <\/strong><br \/>\n        10.12. 05:15\n    <\/p>\n<p>Salatut el\u00e4m\u00e4t: N\u00e4yttelij\u00e4komistus tekee yll\u00e4tyspaluun!\n    <\/p>\n<p itemprop=\"description\" class=\"subtitle \">\n    Salatut el\u00e4m\u00e4t -sarjaan palaa tuttu kasvo.\n<\/p>\n<p>        <\/a><\/p>\n<p class=\"article-content article-content-width !bg-background\">\u2013 Onnea rakas Lauri kihlajaisten vuosip\u00e4iv\u00e4n\u00e4! Mentiin kihloihin tasan 4 vuotta sitten. Oli aikamoinen yll\u00e4tys kun joulukalenterin luukusta 21 tulikin lauluesitys joka p\u00e4\u00e4ttyi romanttiseen kihlaukseen!, Tuuli paljastaa.<\/p>\n<p class=\"article-content article-content-width !bg-background\">Tuuli on ladannut julkaisun yhteyteen kuvan kaksikon puolentoista vuoden takaisista h\u00e4ist\u00e4. Tuuli ja Lauri juhlistivat merkkip\u00e4iv\u00e4\u00e4ns\u00e4 yhdess\u00e4 kolmevuotiaan esikoisensa kanssa.<\/p>\n<p class=\"article-content article-content-width !bg-background\">\u2013\u00a0T\u00e4n\u00e4\u00e4n \u201djuhlitaan\u201d kolmisin leikkim\u00e4ll\u00e4 hippaaa, rakentamalla majaa ja leipomalla. Koitettiin tanssia romanttisesti niin lapsi lauloi kuuluvasti omilla sanoillaan ja rummutti mukana! N\u00e4in on hyv\u00e4, Tuuli summaa.<\/p>\n<p>        <a itemprop=\"url\" href=\"https:\/\/www.seiska.fi\/katso\/salatut-elamat-nayttelijalta-ilouutisia-ei-ollut-itsestaanselvyys\/2012099\" rel=\"nofollow noopener\" target=\"_blank\"><\/p>\n<p>\nSalatut el\u00e4m\u00e4t\n<\/p>\n<p class=\"section-date\">\n        <strong class=\"article-section\" data-section=\"katso\"><br \/>\n            katso<br \/>\n        <\/strong><br \/>\n        5.12. 07:15\n    <\/p>\n<p>Salatut el\u00e4m\u00e4t -n\u00e4yttelij\u00e4lt\u00e4 ilouutisia: &#8221;Ei ollut itsest\u00e4\u00e4nselvyys&#8221;\n    <\/p>\n<p itemprop=\"description\" class=\"subtitle \">\n    Salkkareissa Vertti\u00e4 n\u00e4yttelev\u00e4 Akseli Sarvilinna sai valkolakin p\u00e4\u00e4h\u00e4ns\u00e4.\n<\/p>\n<p>        <\/a><\/p>\n<p>Poistuminen sarjasta<\/p>\n<p class=\"article-content article-content-width !bg-background\">Susu ja Lauri saivat esikoislapsensa kes\u00e4ll\u00e4 2022, ja h\u00e4it\u00e4 tanssittiin vuonna 2024.\u00a0Susu Honkasen roolia Salatut el\u00e4m\u00e4t -sarjassa n\u00e4ytellyt Tuuli poistui sarjasta vuonna 2022 j\u00e4\u00e4dess\u00e4\u00e4n \u00e4itiyslomalle.<\/p>\n<p>                <img decoding=\"async\" src=\"https:\/\/www.europesays.com\/fi\/wp-content\/uploads\/2025\/12\/2028156.webp\" width=\"576\" height=\"720\" alt=\"Tuulin n\u00e4yttelem\u00e4 Susu Honkanen kirjoitettiin ulos sarjasta vuonna 2022, kun Tuuli j\u00e4i \u00e4itiyslomalle odottaessaan esikoistaan.\" loading=\"lazy\" \/>            <\/p>\n<p>\n            Tuulin n\u00e4yttelem\u00e4 Susu Honkanen kirjoitettiin ulos sarjasta vuonna 2022, kun Tuuli j\u00e4i \u00e4itiyslomalle odottaessaan esikoistaan.<br \/>\n            Timo Korhonen\n        <\/p>\n<p><script async src=\"\/\/www.instagram.com\/embed.js\"><\/script><\/p>\n","protected":false},"excerpt":{"rendered":"Timo Korhonen Salkkareiden Susu Honkasen roolista muistettava Tuuli Mattila teki yll\u00e4tt\u00e4v\u00e4n rakkauspaljastuksen. Salatut el\u00e4m\u00e4t -sarjasta aikanaan tunnetuksi tullut&hellip;\n","protected":false},"author":2,"featured_media":122551,"comment_status":"","ping_status":"","sticky":false,"template":"","format":"standard","meta":{"footnotes":""},"categories":[130],"tags":[137,33,31,30,5413,2494,212,209,32,13012,109],"class_list":{"0":"post-122550","1":"post","2":"type-post","3":"status-publish","4":"format-standard","5":"has-post-thumbnail","7":"category-viihde","8":"tag-entertainment","9":"tag-fi","10":"tag-finland","11":"tag-finnish","12":"tag-kihlajaiset","13":"tag-lauri-nurkse","14":"tag-lifestyle","15":"tag-salatut-elamat","16":"tag-suomi","17":"tag-tuuli-mattila","18":"tag-viihde"},"share_on_mastodon":{"url":"https:\/\/pubeurope.com\/@fi\/115759204701976520","error":""},"_links":{"self":[{"href":"https:\/\/www.europesays.com\/fi\/wp-json\/wp\/v2\/posts\/122550","targetHints":{"allow":["GET"]}}],"collection":[{"href":"https:\/\/www.europesays.com\/fi\/wp-json\/wp\/v2\/posts"}],"about":[{"href":"https:\/\/www.europesays.com\/fi\/wp-json\/wp\/v2\/types\/post"}],"author":[{"embeddable":true,"href":"https:\/\/www.europesays.com\/fi\/wp-json\/wp\/v2\/users\/2"}],"replies":[{"embeddable":true,"href":"https:\/\/www.europesays.com\/fi\/wp-json\/wp\/v2\/comments?post=122550"}],"version-history":[{"count":0,"href":"https:\/\/www.europesays.com\/fi\/wp-json\/wp\/v2\/posts\/122550\/revisions"}],"wp:featuredmedia":[{"embeddable":true,"href":"https:\/\/www.europesays.com\/fi\/wp-json\/wp\/v2\/media\/122551"}],"wp:attachment":[{"href":"https:\/\/www.europesays.com\/fi\/wp-json\/wp\/v2\/media?parent=122550"}],"wp:term":[{"taxonomy":"category","embeddable":true,"href":"https:\/\/www.europesays.com\/fi\/wp-json\/wp\/v2\/categories?post=122550"},{"taxonomy":"post_tag","embeddable":true,"href":"https:\/\/www.europesays.com\/fi\/wp-json\/wp\/v2\/tags?post=122550"}],"curies":[{"name":"wp","href":"https:\/\/api.w.org\/{rel}","templated":true}]}}