{"id":122554,"date":"2025-12-21T19:30:13","date_gmt":"2025-12-21T19:30:13","guid":{"rendered":"https:\/\/www.europesays.com\/fi\/122554\/"},"modified":"2025-12-21T19:30:13","modified_gmt":"2025-12-21T19:30:13","slug":"kuva-trumpin-tyopoydasta-hammentaa-kova-vaite-syksyn-tapahtumista","status":"publish","type":"post","link":"https:\/\/www.europesays.com\/fi\/122554\/","title":{"rendered":"Kuva Trumpin ty\u00f6p\u00f6yd\u00e4st\u00e4 h\u00e4mment\u00e4\u00e4 \u2013 Kova v\u00e4ite syksyn tapahtumista"},"content":{"rendered":"<p>Donald Trump sai palkinnon.<\/p>\n<p><img decoding=\"async\" class=\"image image-show image-preview\" src=\"https:\/\/www.europesays.com\/fi\/wp-content\/uploads\/2025\/12\/1c4114c7bda3781d4b99c58c2998187d0c9e390fd09657b77e09db2d7bf738f5.jpg\" alt=\"\"\/><img decoding=\"async\" class=\"image image-show\" src=\"https:\/\/www.europesays.com\/fi\/wp-content\/uploads\/2025\/12\/1766345413_68_1c4114c7bda3781d4b99c58c2998187d0c9e390fd09657b77e09db2d7bf738f5.jpg\" alt=\"\"\/><\/p>\n<p>Donald Trumpin v\u00e4itet\u00e4\u00e4n laatinen tiukat ehdot palkinnolleen. AOP<\/p>\n<p class=\"paragraph\"><a href=\"https:\/\/www.thetimes.com\/sport\/football\/article\/donald-trump-fifa-peace-prize-world-cup-h7xz6qk20\" target=\"_blank\" rel=\"noopener nofollow\">The Timesin<\/a> mukaan Yhdysvaltain presidentill\u00e4 <strong>Donald Trumpilla<\/strong> oli tiukat ehdot \u201drauhanpalkinnolleen\u201d.<\/p>\n<p class=\"paragraph\">Kansainv\u00e4linen jalkapalloliitto Fifa palkitsi Trumpin kyseisell\u00e4 pystill\u00e4 joulukuun alussa. Palkinto keksittiin vasta syksyll\u00e4, ja sen historian ensimm\u00e4inen palkittu oli Trump.<\/p>\n<p class=\"paragraph\">The Timesin mukaan Trump halusi, ett\u00e4 palkinto olisi kooltaan v\u00e4hint\u00e4\u00e4n suuri jalkapallon MM-kisojen mestaruuspokaali. Niin kutsuttu Jules Rimet -pokaali on 36 sentti\u00e4 korkea.<\/p>\n<p class=\"paragraph\">Kuvat todistavat, ett\u00e4 pokaali on merkitt\u00e4v\u00e4sti suurempi kuin legendaarinen maailmanmestaruuspokaali.<\/p>\n<p class=\"paragraph\">Lis\u00e4ksi Trump halusi, ett\u00e4 palkintojenjaon yhteydess\u00e4 merijalkav\u00e4en sotilaat saattavat h\u00e4net noutamaan pystin. Se ei kuitenkaan toteutunut. Palkinto ojennettiin Trumpille Washingtonissa MM-kisojen lohkoarvontatilaisuudessa.<\/p>\n<p>Donald Trumpin saama rauhanpalkinto on merkitt\u00e4v\u00e4sti kookkaampi kuin MM-voittopokaali. Pokaalit kuvattuna Trumpin ty\u00f6p\u00f6yd\u00e4ll\u00e4. AOP<\/p>\n<p class=\"paragraph\">The Times uutisoi ensimm\u00e4isen\u00e4 maailmassa jo ennen tilaisuutta, ett\u00e4 sen tietojen mukaan palkinnon saa presidentti Trump.<\/p>\n<p class=\"paragraph\">Lehden mukaan on ep\u00e4selv\u00e4\u00e4, j\u00e4\u00e4k\u00f6 pokaali pysyv\u00e4sti Trumpille. Fifa kertoi, ett\u00e4 tunnustus jaetaan jatkossa vuosittain.<\/p>\n<p class=\"paragraph\">Trumpin saamaa palkintoa on kritisoitu kovaa. Samalla my\u00f6s Fifan puheenjohtajan Gianni Infantinon toimista on tehty selvityspyynt\u00f6. Infantino on viime kuukausien aikana poseerannut useita kertoja Trumpin kanssa. Infantino oli Trumpin tukijoukoissa jo virkaanastujaisissa.<\/p>\n<p class=\"paragraph\">Yhdysvallat is\u00e4nn\u00f6i jalkapallon MM-kisoja ensi kes\u00e4n\u00e4.<\/p>\n","protected":false},"excerpt":{"rendered":"Donald Trump sai palkinnon. Donald Trumpin v\u00e4itet\u00e4\u00e4n laatinen tiukat ehdot palkinnolleen. AOP The Timesin mukaan Yhdysvaltain presidentill\u00e4 Donald&hellip;\n","protected":false},"author":2,"featured_media":122555,"comment_status":"","ping_status":"","sticky":false,"template":"","format":"standard","meta":{"footnotes":""},"categories":[14],"tags":[35,22,23,26,27,33,31,30,17,24,25,28,29,15,18,21,142,637,144,32,19,20,56,16,638,59,60,61,143],"class_list":{"0":"post-122554","1":"post","2":"type-post","3":"status-publish","4":"format-standard","5":"has-post-thumbnail","7":"category-ulkomaat","8":"tag-24h","9":"tag-breaking-news","10":"tag-breakingnews","11":"tag-featured-news","12":"tag-featurednews","13":"tag-fi","14":"tag-finland","15":"tag-finnish","16":"tag-headlines","17":"tag-latest-news","18":"tag-latestnews","19":"tag-main-news","20":"tag-mainnews","21":"tag-news","22":"tag-otsikot","23":"tag-paauutiset","24":"tag-poliitikot","25":"tag-politiikka","26":"tag-presidentti","27":"tag-suomi","28":"tag-top-stories","29":"tag-topstories","30":"tag-ulkomaat","31":"tag-uutiset","32":"tag-valtiovalta","33":"tag-world","34":"tag-world-news","35":"tag-worldnews","36":"tag-yhdysvaltain-politiikka"},"share_on_mastodon":{"url":"https:\/\/pubeurope.com\/@fi\/115759220472392951","error":""},"_links":{"self":[{"href":"https:\/\/www.europesays.com\/fi\/wp-json\/wp\/v2\/posts\/122554","targetHints":{"allow":["GET"]}}],"collection":[{"href":"https:\/\/www.europesays.com\/fi\/wp-json\/wp\/v2\/posts"}],"about":[{"href":"https:\/\/www.europesays.com\/fi\/wp-json\/wp\/v2\/types\/post"}],"author":[{"embeddable":true,"href":"https:\/\/www.europesays.com\/fi\/wp-json\/wp\/v2\/users\/2"}],"replies":[{"embeddable":true,"href":"https:\/\/www.europesays.com\/fi\/wp-json\/wp\/v2\/comments?post=122554"}],"version-history":[{"count":0,"href":"https:\/\/www.europesays.com\/fi\/wp-json\/wp\/v2\/posts\/122554\/revisions"}],"wp:featuredmedia":[{"embeddable":true,"href":"https:\/\/www.europesays.com\/fi\/wp-json\/wp\/v2\/media\/122555"}],"wp:attachment":[{"href":"https:\/\/www.europesays.com\/fi\/wp-json\/wp\/v2\/media?parent=122554"}],"wp:term":[{"taxonomy":"category","embeddable":true,"href":"https:\/\/www.europesays.com\/fi\/wp-json\/wp\/v2\/categories?post=122554"},{"taxonomy":"post_tag","embeddable":true,"href":"https:\/\/www.europesays.com\/fi\/wp-json\/wp\/v2\/tags?post=122554"}],"curies":[{"name":"wp","href":"https:\/\/api.w.org\/{rel}","templated":true}]}}