{"id":122556,"date":"2025-12-21T19:31:08","date_gmt":"2025-12-21T19:31:08","guid":{"rendered":"https:\/\/www.europesays.com\/fi\/122556\/"},"modified":"2025-12-21T19:31:08","modified_gmt":"2025-12-21T19:31:08","slug":"mies-raiskasi-14-vuotiaan-tyton-uskomaton-selitys-oikeudessa","status":"publish","type":"post","link":"https:\/\/www.europesays.com\/fi\/122556\/","title":{"rendered":"Mies raiskasi 14-vuotiaan tyt\u00f6n \u2013 uskomaton selitys oikeudessa"},"content":{"rendered":"<p>Oikeus ei uskonut raiskaajan selityksi\u00e4, vaan tuomitsi t\u00e4m\u00e4n vankeuteen.<\/p>\n<p class=\"article-body mb-nof-24 px-nof-16\">50-vuotias mies raiskasi 14-vuotiaan tyt\u00f6n Lapin maakunnan alueella helmikuussa 2024.<\/p>\n<p class=\"article-body mb-nof-24 px-nof-16\">Rovaniemen hovioikeus ei tuoreella ratkaisullaan muuttanut Lapin k\u00e4r\u00e4j\u00e4oikeuden tuomiota, jolla nykyisin 52-vuotias mies tuomittiin lapsenraiskauksesta 3 vuodeksi ja 4 kuukaudeksi vankeuteen.<\/p>\n<p class=\"article-body mb-nof-24 px-nof-16\">Mies raiskasi teinityt\u00f6n omassa kodissaan. Syytteen mukaan mies oli aluksi puhunut 14-vuotiaalle tyt\u00f6lle seksuaaliss\u00e4vytteisesti.<\/p>\n<p class=\"article-body mb-nof-24 px-nof-16\">Kun he j\u00e4iv\u00e4t kahdestaan huoneeseen, mies alkoi kosketella tytt\u00f6\u00e4 rinnoista ja takapuolesta ja ty\u00f6nsi sormensa t\u00e4m\u00e4n sis\u00e4\u00e4n. Tytt\u00f6 oli pyyt\u00e4nyt miest\u00e4 lopettamaan.<\/p>\n<p class=\"article-body mb-nof-24 px-nof-16\">My\u00f6hemmin saman illan aikana mies oli toisessa huoneessa t\u00f6n\u00e4issyt tyt\u00f6n s\u00e4ngylle ja riisunut v\u00e4kisin t\u00e4m\u00e4n housut. Mies oli raiskannut tyt\u00f6n t\u00e4m\u00e4n vastusteluista huolimatta.<\/p>\n<p class=\"article-body mb-nof-24 px-nof-16\">Oikeudessa mies kiisti syytteet. H\u00e4n selitti, ett\u00e4 oli ollut kyseisen illan aikana voimakkaasti p\u00e4ihtynyt. H\u00e4n kertoi kompuroineensa asunnossa muiden vieraiden poistuttua, jolloin tytt\u00f6 oli auttanut h\u00e4net pystyyn.<\/p>\n<p class=\"article-body mb-nof-24 px-nof-16\">Mies kertoi luulleensa auttajaa puolisokseen ja ty\u00f6nt\u00e4nyt siksi k\u00e4tens\u00e4 t\u00e4m\u00e4n housujen sis\u00e4\u00e4n. Raiskaaja v\u00e4itti lopettaneensa, kun oli tajunnut, ettei kyseess\u00e4 ollutkaan h\u00e4nen puolisonsa.<\/p>\n<p class=\"article-body mb-nof-24 px-nof-16\">Oikeudessa kuultiin todistajia ja esiteltiin kirjallisina todisteina muun muassa dna-tutkimusten tuloksia.<\/p>\n<p class=\"article-body mb-nof-24 px-nof-16\">Oikeus ei syytetyn selityksi\u00e4 uskonut, vaan katsoi t\u00e4m\u00e4n toimineen syytteess\u00e4 kuvatulla tavalla.<\/p>\n<p class=\"article-body mb-nof-24 px-nof-16\">Vankeusrangaistuksen lis\u00e4ksi mies tuomittiin maksamaan uhrille loukkauksen aiheuttamasta k\u00e4rsimyksest\u00e4 6\u202f000 euroa, kivusta, s\u00e4ryst\u00e4 ja muusta tilap\u00e4isest\u00e4 haitasta 600 euroa ja asianosaiskuluina 100 euroa.<\/p>\n<p class=\"article-body mb-nof-24 px-nof-16\">Mies valitti tuomiostaan Rovaniemen hovioikeuteen, joka piti k\u00e4r\u00e4j\u00e4oikeuden tuomion voimassa.<\/p>\n<p class=\"article-body nof-ui-body-medium mb-nof-24 px-nof-16\">IS ei julkaise tuomitun nime\u00e4 uhrin yksityisyyden suojaamiseksi.<\/p>\n","protected":false},"excerpt":{"rendered":"Oikeus ei uskonut raiskaajan selityksi\u00e4, vaan tuomitsi t\u00e4m\u00e4n vankeuteen. 50-vuotias mies raiskasi 14-vuotiaan tyt\u00f6n Lapin maakunnan alueella helmikuussa&hellip;\n","protected":false},"author":2,"featured_media":122557,"comment_status":"","ping_status":"","sticky":false,"template":"","format":"standard","meta":{"footnotes":""},"categories":[12],"tags":[22,23,26,27,33,31,30,17,34,24,25,28,29,15,18,21,32,19,20,16],"class_list":{"0":"post-122556","1":"post","2":"type-post","3":"status-publish","4":"format-standard","5":"has-post-thumbnail","7":"category-suomi","8":"tag-breaking-news","9":"tag-breakingnews","10":"tag-featured-news","11":"tag-featurednews","12":"tag-fi","13":"tag-finland","14":"tag-finnish","15":"tag-headlines","16":"tag-ilta-sanomat","17":"tag-latest-news","18":"tag-latestnews","19":"tag-main-news","20":"tag-mainnews","21":"tag-news","22":"tag-otsikot","23":"tag-paauutiset","24":"tag-suomi","25":"tag-top-stories","26":"tag-topstories","27":"tag-uutiset"},"share_on_mastodon":{"url":"https:\/\/pubeurope.com\/@fi\/115759224304334697","error":""},"_links":{"self":[{"href":"https:\/\/www.europesays.com\/fi\/wp-json\/wp\/v2\/posts\/122556","targetHints":{"allow":["GET"]}}],"collection":[{"href":"https:\/\/www.europesays.com\/fi\/wp-json\/wp\/v2\/posts"}],"about":[{"href":"https:\/\/www.europesays.com\/fi\/wp-json\/wp\/v2\/types\/post"}],"author":[{"embeddable":true,"href":"https:\/\/www.europesays.com\/fi\/wp-json\/wp\/v2\/users\/2"}],"replies":[{"embeddable":true,"href":"https:\/\/www.europesays.com\/fi\/wp-json\/wp\/v2\/comments?post=122556"}],"version-history":[{"count":0,"href":"https:\/\/www.europesays.com\/fi\/wp-json\/wp\/v2\/posts\/122556\/revisions"}],"wp:featuredmedia":[{"embeddable":true,"href":"https:\/\/www.europesays.com\/fi\/wp-json\/wp\/v2\/media\/122557"}],"wp:attachment":[{"href":"https:\/\/www.europesays.com\/fi\/wp-json\/wp\/v2\/media?parent=122556"}],"wp:term":[{"taxonomy":"category","embeddable":true,"href":"https:\/\/www.europesays.com\/fi\/wp-json\/wp\/v2\/categories?post=122556"},{"taxonomy":"post_tag","embeddable":true,"href":"https:\/\/www.europesays.com\/fi\/wp-json\/wp\/v2\/tags?post=122556"}],"curies":[{"name":"wp","href":"https:\/\/api.w.org\/{rel}","templated":true}]}}