{"id":122558,"date":"2025-12-21T19:32:08","date_gmt":"2025-12-21T19:32:08","guid":{"rendered":"https:\/\/www.europesays.com\/fi\/122558\/"},"modified":"2025-12-21T19:32:08","modified_gmt":"2025-12-21T19:32:08","slug":"dartsin-mm-kisoissa-raju-syytos-joe-cullen-syytti-mensur-suljovicia-huijaamisesta-2","status":"publish","type":"post","link":"https:\/\/www.europesays.com\/fi\/122558\/","title":{"rendered":"Dartsin MM-kisoissa raju syyt\u00f6s: Joe Cullen syytti Mensur Suljovicia huijaamisesta"},"content":{"rendered":"<p>Darts|Suljovic aikaili silminn\u00e4hden ennen omia heittovuorojaan ja hakiessaan tikkojaan taululta vuorojensa p\u00e4\u00e4tteeksi.<\/p>\n<p class=\"article-body mb-nof-24 px-nof-16\">Dartsin MM-kisojen toisen kierroksen ottelu <a class=\"article-personlink\" href=\"https:\/\/www.hs.fi\/haku\/?query=Joe%20Cullenin\" rel=\"nofollow noopener\" target=\"_blank\">Joe Cullenin<\/a> ja <a class=\"article-personlink\" href=\"https:\/\/www.hs.fi\/haku\/?query=Mensur%20Suljovicin\" rel=\"nofollow noopener\" target=\"_blank\">Mensur Suljovicin<\/a> v\u00e4lill\u00e4 sai tunteet kuohumaan sunnuntaina.<\/p>\n<p class=\"article-body mb-nof-24 px-nof-16\">Ensin tikat lensiv\u00e4t kisapaikalla, miss\u00e4 Suljovic kukisti englantilaisvastustajansa 3\u20131.<\/p>\n<p class=\"article-body mb-nof-24 px-nof-16\">Ottelun j\u00e4lkeen pelaajat suuntasivat tikkansa toisiaan kohti sosiaalisessa mediassa, miss\u00e4 Cullen ilmaisi tuohtumuksensa Suljovicin toiminnasta ottelun aikana ja syytti it\u00e4valtalaista huijaamisesta.<\/p>\n<p class=\"article-body mb-nof-24 px-nof-16\">Suljovic aikaili silminn\u00e4hden ennen omia heittovuorojaan ja hakiessaan tikkojaan taululta vuorojensa p\u00e4\u00e4tteeksi.<\/p>\n<p class=\"article-body mb-nof-24 px-nof-16\">Toiminta ei miellytt\u00e4nyt Cullenia eik\u00e4 liioin tuomari <a class=\"article-personlink\" href=\"https:\/\/www.hs.fi\/haku\/?query=Kirk%20Bevinsi%C3%A4\" rel=\"nofollow noopener\" target=\"_blank\">Kirk Bevinsi\u00e4<\/a>, joka huomautti Suljovicia v\u00e4tystelyst\u00e4.<\/p>\n<p class=\"article-body mb-nof-24 px-nof-16\">Tappionsa j\u00e4lkeen Cullen vuodatti tuntojaan <a class=\"article-genericlink\" href=\"https:\/\/x.com\/rockstar_13_\/status\/2002757165862342696\" rel=\"nofollow\">X:ss\u00e4<\/a>.<\/p>\n<p class=\"article-body mb-nof-24 px-nof-16\">\u201dJos tuo on dartsia, en halua olla miss\u00e4\u00e4n tekemisiss\u00e4 sen kanssa. Olen aina pit\u00e4nyt Mensurista, mutta se (Suljovicin toiminta) oli t\u00e4ysin ilmiselv\u00e4\u00e4.\u201d<\/p>\n<p class=\"article-body mb-nof-24 px-nof-16\">\u201dEn usko olevani ainoa, joka ajattelee n\u00e4in. Vanhan kaartin mielest\u00e4 t\u00e4llainen on osa peli\u00e4. Sanokaa mit\u00e4 sanotte, mutta se on huijaamista\u201d, Cullen avautui.<\/p>\n<p class=\"article-body mb-nof-24 px-nof-16\">Suljovic kiisti syyt\u00f6kset ja sanoi, ettei hidastelun tarkoituksena ollut provosoida Cullenia.<\/p>\n<p class=\"article-body mb-nof-24 px-nof-16\">\u201dEn tied\u00e4, mik\u00e4 h\u00e4nen ongelmansa on. Missasin tuplia ja kaikkea. En koskaan pelaa hitaasti provosoidakseni. Teen sen vain oman pelaamiseni vuoksi. Rakastan h\u00e4nt\u00e4, mutta en aio pyyt\u00e4\u00e4 anteeksi, Suljovic ilmoitti <a class=\"article-genericlink\" href=\"https:\/\/www.dailyrecord.co.uk\/sport\/other-sports\/darts\/world-darts-championship-tie-erupts-36437595\" rel=\"nofollow noopener\" target=\"_blank\">Daily Recordin<\/a> mukaan.\u201d<\/p>\n<p class=\"article-body mb-nof-24 px-nof-16\">Pelaajat vaihtoivat paljonpuhuvia katseita jo itse ottelun aikana 3\u202f500-p\u00e4isen yleis\u00f6n edess\u00e4.<\/p>\n<p class=\"article-body mb-nof-24 px-nof-16\">Suljovic saattaa kohdata seuraavalla kierroksella supert\u00e4hti <a class=\"article-personlink\" href=\"https:\/\/www.hs.fi\/haku\/?query=Luke%20Littlerin\" rel=\"nofollow noopener\" target=\"_blank\">Luke Littlerin<\/a>, mik\u00e4li t\u00e4m\u00e4 selvi\u00e4\u00e4 omasta toisen kierroksen ottelustaan <a class=\"article-personlink\" href=\"https:\/\/www.hs.fi\/haku\/?query=David%20Daviesia\" rel=\"nofollow noopener\" target=\"_blank\">David Daviesia<\/a> vastaan.<\/p>\n","protected":false},"excerpt":{"rendered":"Darts|Suljovic aikaili silminn\u00e4hden ennen omia heittovuorojaan ja hakiessaan tikkojaan taululta vuorojensa p\u00e4\u00e4tteeksi. Dartsin MM-kisojen toisen kierroksen ottelu Joe&hellip;\n","protected":false},"author":2,"featured_media":122559,"comment_status":"","ping_status":"","sticky":false,"template":"","format":"standard","meta":{"footnotes":""},"categories":[5],"tags":[22,23,26,27,33,31,30,17,46,24,25,28,29,15,18,21,32,19,20,16],"class_list":{"0":"post-122558","1":"post","2":"type-post","3":"status-publish","4":"format-standard","5":"has-post-thumbnail","7":"category-otsikot","8":"tag-breaking-news","9":"tag-breakingnews","10":"tag-featured-news","11":"tag-featurednews","12":"tag-fi","13":"tag-finland","14":"tag-finnish","15":"tag-headlines","16":"tag-helsingin-sanomat","17":"tag-latest-news","18":"tag-latestnews","19":"tag-main-news","20":"tag-mainnews","21":"tag-news","22":"tag-otsikot","23":"tag-paauutiset","24":"tag-suomi","25":"tag-top-stories","26":"tag-topstories","27":"tag-uutiset"},"share_on_mastodon":{"url":"https:\/\/pubeurope.com\/@fi\/115759228042597507","error":""},"_links":{"self":[{"href":"https:\/\/www.europesays.com\/fi\/wp-json\/wp\/v2\/posts\/122558","targetHints":{"allow":["GET"]}}],"collection":[{"href":"https:\/\/www.europesays.com\/fi\/wp-json\/wp\/v2\/posts"}],"about":[{"href":"https:\/\/www.europesays.com\/fi\/wp-json\/wp\/v2\/types\/post"}],"author":[{"embeddable":true,"href":"https:\/\/www.europesays.com\/fi\/wp-json\/wp\/v2\/users\/2"}],"replies":[{"embeddable":true,"href":"https:\/\/www.europesays.com\/fi\/wp-json\/wp\/v2\/comments?post=122558"}],"version-history":[{"count":0,"href":"https:\/\/www.europesays.com\/fi\/wp-json\/wp\/v2\/posts\/122558\/revisions"}],"wp:featuredmedia":[{"embeddable":true,"href":"https:\/\/www.europesays.com\/fi\/wp-json\/wp\/v2\/media\/122559"}],"wp:attachment":[{"href":"https:\/\/www.europesays.com\/fi\/wp-json\/wp\/v2\/media?parent=122558"}],"wp:term":[{"taxonomy":"category","embeddable":true,"href":"https:\/\/www.europesays.com\/fi\/wp-json\/wp\/v2\/categories?post=122558"},{"taxonomy":"post_tag","embeddable":true,"href":"https:\/\/www.europesays.com\/fi\/wp-json\/wp\/v2\/tags?post=122558"}],"curies":[{"name":"wp","href":"https:\/\/api.w.org\/{rel}","templated":true}]}}