{"id":122560,"date":"2025-12-21T19:44:09","date_gmt":"2025-12-21T19:44:09","guid":{"rendered":"https:\/\/www.europesays.com\/fi\/122560\/"},"modified":"2025-12-21T19:44:09","modified_gmt":"2025-12-21T19:44:09","slug":"williamin-ja-catherinen-joulukuva-pisti-vihaksi","status":"publish","type":"post","link":"https:\/\/www.europesays.com\/fi\/122560\/","title":{"rendered":"Williamin ja Catherinen joulukuva pisti vihaksi"},"content":{"rendered":"<p>Walesin prinssiparin joulukuva ei ole miellytt\u00e4nyt kaikkia. Kuva on otettu huhtikuussa 2025.<\/p>\n<p><img decoding=\"async\" class=\"image image-show image-preview\" src=\"https:\/\/www.europesays.com\/fi\/wp-content\/uploads\/2025\/12\/a1f3fa5d40a67c77727a4642ed9480acadb1ef84cb70141b26c990f130312201.jpg\" alt=\"\"\/><img decoding=\"async\" class=\"image image-show\" src=\"https:\/\/www.europesays.com\/fi\/wp-content\/uploads\/2025\/12\/1766346249_61_a1f3fa5d40a67c77727a4642ed9480acadb1ef84cb70141b26c990f130312201.jpg\" alt=\"\"\/><\/p>\n<p>Prinsessa Catherine ja prinssi William eiv\u00e4t ole ottaneet uusia perhekuvia sitten huhtikuun. EPA \/ AOP<\/p>\n<p class=\"paragraph\">Walesin prinssi <a href=\"https:\/\/www.iltalehti.fi\/henkilot\/William\" class=\"article-link-person-page\" rel=\"nofollow noopener\" target=\"_blank\">William<\/a> ja prinsessa <a href=\"https:\/\/www.iltalehti.fi\/henkilot\/Catherine\" class=\"article-link-person-page\" rel=\"nofollow noopener\" target=\"_blank\">Catherine<\/a> perheineen julkaisivat Instagram-tilill\u00e4\u00e4n perinteeksi muodostuneen joulukuvansa.<\/p>\n<p class=\"paragraph\">\u2013 Toivotamme kaikille eritt\u00e4in iloista joulua, kuvan yhteydess\u00e4 toivotetaan.<\/p>\n<p class=\"paragraph\">Kyseisest\u00e4 \u201djoulu\u201dkuvasta tekee erityisen se, ettei se ole joulukuva. Julkaisusta k\u00e4y ilmi, ett\u00e4 kuva on otettu viime huhtikuussa.<\/p>\n<p class=\"paragraph\">Kuvassa William, Catherine ja heid\u00e4n kolme lastaan <a href=\"https:\/\/www.iltalehti.fi\/henkilot\/George\" class=\"article-link-person-page\" rel=\"nofollow noopener\" target=\"_blank\">George<\/a>, <a href=\"https:\/\/www.iltalehti.fi\/henkilot\/Charlotte\" class=\"article-link-person-page\" rel=\"nofollow noopener\" target=\"_blank\">Charlotte<\/a> ja <a href=\"https:\/\/www.iltalehti.fi\/henkilot\/Louis\" class=\"article-link-person-page\" rel=\"nofollow noopener\" target=\"_blank\">Louis<\/a> istuvat vehre\u00e4ll\u00e4 nurmikolla narsissien ymp\u00e4r\u00f6im\u00e4n\u00e4. Perheen nuorimmalta eli Louisilta on juuri irronnut useampi maitohammas.<\/p>\n<p class=\"paragraph\">Perhe on k\u00e4ytt\u00e4nyt saman kuvaushetken kuvia jo useampaan kertaan. Samoja kuvia on n\u00e4hty muun muassa is\u00e4np\u00e4iv\u00e4onnitteluissa sek\u00e4 Georgen ja Louis\u2019n syntym\u00e4p\u00e4iv\u00e4onnittelujulkaisuissa. N\u00e4ytt\u00e4\u00e4 siis silt\u00e4, ett\u00e4 perhe on ottanut kaikki vuoden juhlap\u00e4ivien onnittelukuvat yhdell\u00e4 kerralla.<\/p>\n<p class=\"paragraph\">T\u00e4m\u00e4 ratkaisu on her\u00e4tt\u00e4nyt ihmetyst\u00e4 kansalaisissa. Osa ihmisist\u00e4 pohtii Instagram-julkaisun kommenttikent\u00e4ss\u00e4 ja <a href=\"https:\/\/x.com\/tokkianami\/status\/2001648126441210057\" target=\"_blank\" rel=\"noopener nofollow\">X<\/a>-viestipalvelussa, miksi Walesin prinssipari toimii n\u00e4in.<\/p>\n<p class=\"paragraph\">\u2013 Hienoa. Olisin kuitenkin halunnut tuoreen potretin teist\u00e4, er\u00e4s kommentoijista kirjoittaa.<\/p>\n<p class=\"paragraph\">\u2013 Miss\u00e4 on kuvan jouluviesti? Hieno kuva, mutta se ei sovi jouluun! Toinen <a href=\"https:\/\/x.com\/tokkianami\/status\/2001648126441210057\" target=\"_blank\" rel=\"noopener nofollow\">kommentoi<\/a>.<\/p>\n","protected":false},"excerpt":{"rendered":"Walesin prinssiparin joulukuva ei ole miellytt\u00e4nyt kaikkia. Kuva on otettu huhtikuussa 2025. Prinsessa Catherine ja prinssi William eiv\u00e4t&hellip;\n","protected":false},"author":2,"featured_media":122561,"comment_status":"","ping_status":"","sticky":false,"template":"","format":"standard","meta":{"footnotes":""},"categories":[136],"tags":[35,654,407,137,33,31,30,3674,408,653,652,98,32,109],"class_list":{"0":"post-122560","1":"post","2":"type-post","3":"status-publish","4":"format-standard","5":"has-post-thumbnail","7":"category-julkkikset","8":"tag-24h","9":"tag-britannian-kuningashuone","10":"tag-celebrities","11":"tag-entertainment","12":"tag-fi","13":"tag-finland","14":"tag-finnish","15":"tag-juhla-ja-vapaapaivat","16":"tag-julkkikset","17":"tag-julkkisperheet","18":"tag-kuninkaalliset","19":"tag-perhe","20":"tag-suomi","21":"tag-viihde"},"share_on_mastodon":{"url":"https:\/\/pubeurope.com\/@fi\/115759275446548145","error":""},"_links":{"self":[{"href":"https:\/\/www.europesays.com\/fi\/wp-json\/wp\/v2\/posts\/122560","targetHints":{"allow":["GET"]}}],"collection":[{"href":"https:\/\/www.europesays.com\/fi\/wp-json\/wp\/v2\/posts"}],"about":[{"href":"https:\/\/www.europesays.com\/fi\/wp-json\/wp\/v2\/types\/post"}],"author":[{"embeddable":true,"href":"https:\/\/www.europesays.com\/fi\/wp-json\/wp\/v2\/users\/2"}],"replies":[{"embeddable":true,"href":"https:\/\/www.europesays.com\/fi\/wp-json\/wp\/v2\/comments?post=122560"}],"version-history":[{"count":0,"href":"https:\/\/www.europesays.com\/fi\/wp-json\/wp\/v2\/posts\/122560\/revisions"}],"wp:featuredmedia":[{"embeddable":true,"href":"https:\/\/www.europesays.com\/fi\/wp-json\/wp\/v2\/media\/122561"}],"wp:attachment":[{"href":"https:\/\/www.europesays.com\/fi\/wp-json\/wp\/v2\/media?parent=122560"}],"wp:term":[{"taxonomy":"category","embeddable":true,"href":"https:\/\/www.europesays.com\/fi\/wp-json\/wp\/v2\/categories?post=122560"},{"taxonomy":"post_tag","embeddable":true,"href":"https:\/\/www.europesays.com\/fi\/wp-json\/wp\/v2\/tags?post=122560"}],"curies":[{"name":"wp","href":"https:\/\/api.w.org\/{rel}","templated":true}]}}