{"id":122567,"date":"2025-12-21T19:56:09","date_gmt":"2025-12-21T19:56:09","guid":{"rendered":"https:\/\/www.europesays.com\/fi\/122567\/"},"modified":"2025-12-21T19:56:09","modified_gmt":"2025-12-21T19:56:09","slug":"melania-trumpin-joululipsautusta-pilkattiin-tvssa","status":"publish","type":"post","link":"https:\/\/www.europesays.com\/fi\/122567\/","title":{"rendered":"Melania Trumpin joululipsautusta pilkattiin tv:ss\u00e4"},"content":{"rendered":"<p>\u201dMelania\u201d esitteli karulla tekstill\u00e4 koristeltua joulupalloa.<\/p>\n<p class=\"article-body mb-nof-24 px-nof-16\">Yhdysvaltain ensimm\u00e4isen naisen <a class=\"article-personlink\" href=\"https:\/\/www.is.fi\/haku\/?query=Melania%20Trumpin\" rel=\"nofollow noopener\" target=\"_blank\">Melania Trumpin<\/a> taannoiset joulupuheet p\u00e4\u00e4tyiv\u00e4t pilkan kohteeksi The Late Show with Stephen Colbert -ohjelmassa.<\/p>\n<p class=\"article-body mb-nof-24 px-nof-16\">Naljailun keski\u00f6ss\u00e4 oli vuoden 2020 tapaus, jossa Trumpin entinen avustaja <a class=\"article-personlink\" href=\"https:\/\/www.is.fi\/haku\/?query=Stephanie%20Winston%20Wolkoff\" rel=\"nofollow noopener\" target=\"_blank\">Stephanie Winston Wolkoff<\/a> julkaisi nauhoitteita, joissa ensimm\u00e4inen nainen muun muassa valitti joulukoristelusta kirosanojen s\u00e4est\u00e4m\u00e4n\u00e4.<\/p>\n<p class=\"article-body mb-nof-24 px-nof-16\">\u2013 Ty\u00f6st\u00e4n&#8230; ihan hirve\u00e4sti joulujuttuja. Tied\u00e4th\u00e4n, ket\u00e4 vittuakaan kiinnostaa joulujutut ja -koristeet? Mutta minunhan se on teht\u00e4v\u00e4, eik\u00f6 niin? Melania Trump valitti nauhalla.<\/p>\n<p class=\"article-body mb-nof-24 px-nof-16\">T\u00e4m\u00e4n my\u00f6t\u00e4 julkisuudessa on levinnyt mielikuva siit\u00e4, ett\u00e4 Trump ei liiemmin pid\u00e4 joulusta.<\/p>\n<p class=\"article-body mb-nof-24 px-nof-16\">Tuoreessa komediaohjelman jaksossa juontaja <a class=\"article-personlink\" href=\"https:\/\/www.is.fi\/haku\/?query=Stephen%20Colbert\" rel=\"nofollow noopener\" target=\"_blank\">Stephen Colbert<\/a> keskustelee aiheesta Melania Trumpia n\u00e4yttelev\u00e4n henkil\u00f6n kanssa.<\/p>\n<p class=\"article-body mb-nof-24 px-nof-16\">Pilkan kohteeksi joutuu Trumpin joulupuheiden lis\u00e4ksi my\u00f6s h\u00e4nen avioliittonsa presidentti <a class=\"article-personlink\" href=\"https:\/\/www.is.fi\/haku\/?query=Donald%20Trumpin\" rel=\"nofollow noopener\" target=\"_blank\">Donald Trumpin<\/a> kanssa.<\/p>\n<p class=\"article-body mb-nof-24 px-nof-16\">\u2013 Rakastan joulua samalla tavalla kuin rakastan miest\u00e4ni&#8230;kerran vuodessa. Jingle-buum! Melania-hahmo sanoi parodiaohjelmassa.<\/p>\n<p class=\"article-body mb-nof-24 px-nof-16\">N\u00e4yttelij\u00e4 <a class=\"article-personlink\" href=\"https:\/\/www.is.fi\/haku\/?query=Laura%20Benantin\" rel=\"nofollow noopener\" target=\"_blank\">Laura Benantin<\/a> esitt\u00e4m\u00e4 \u201dMelania\u201d my\u00f6s kaivoi esille joulukuusenpallon, jota oli mukama myym\u00e4ss\u00e4. Suuressa, punaisessa pallossa luki kultaisin kirjaimin: \u201dKet\u00e4 vittuakaan kiinnostaa joulujutut ja -koristeet?\u201d<\/p>\n<p class=\"article-body mb-nof-24 px-nof-16\">Studioyleis\u00f6 nauroi ratketakseen Melania-hahmon koristeelle.<\/p>\n<p class=\"article-body mb-nof-24 px-nof-16\">Hiljattain Valkoisen talon entinen ty\u00f6ntekij\u00e4 <a class=\"article-personlink\" href=\"https:\/\/www.is.fi\/haku\/?query=Stephanie%20Grisham\" rel=\"nofollow noopener\" target=\"_blank\">Stephanie Grisham<\/a> kertoi Daily Mailin haastattelussa, ettei Melania Trump vihaa joulua.<\/p>\n<p class=\"article-body mb-nof-24 px-nof-16\">\u2013 H\u00e4n rakastaa juhlapyh\u00e4\u00e4 ja tapahtumia, jotka liittyv\u00e4t lapsiin. H\u00e4n k\u00e4ytt\u00e4\u00e4 paljon aikaa ja energiaa koristeluihin ja niiden yksityiskohtiin. Eli h\u00e4n ei todellakaan ole Grinch, Grisham v\u00e4itti.<\/p>\n<p class=\"article-body mb-nof-24 px-nof-16\">Melania Trumpin joulumenot kiinnittiv\u00e4t huomiota jo marraskuun lopussa, kun h\u00e4n otti vastaan Valkoisen talon joulukuusen. H\u00e4n saapui tilaisuuteen tapansa mukaan tyylikk\u00e4\u00e4n\u00e4, mik\u00e4 kiinnitti huomiota sosiaalisessa mediassa. Erityisesti asuun kuuluvat pitk\u00e4t, punaiset hansikkaat jakoivat mielipiteit\u00e4.<\/p>\n<p class=\"article-body mb-nof-24 px-nof-16\">Niin ik\u00e4\u00e4n huomiota kiinnitti my\u00f6s Melania Trumpin olemus tilaisuudessa. Jotkut olivat sit\u00e4 mielt\u00e4, ett\u00e4 Trump oli tilaisuuteen n\u00e4hden turhan vakava. H\u00e4nen n\u00e4htiin kuitenkin hymyilev\u00e4n ainakin kameroiden suuntaan poseeratessaan.<\/p>\n","protected":false},"excerpt":{"rendered":"\u201dMelania\u201d esitteli karulla tekstill\u00e4 koristeltua joulupalloa. Yhdysvaltain ensimm\u00e4isen naisen Melania Trumpin taannoiset joulupuheet p\u00e4\u00e4tyiv\u00e4t pilkan kohteeksi The Late&hellip;\n","protected":false},"author":2,"featured_media":122568,"comment_status":"","ping_status":"","sticky":false,"template":"","format":"standard","meta":{"footnotes":""},"categories":[14],"tags":[22,23,26,27,33,31,30,17,34,24,25,28,29,15,18,21,32,19,20,56,16,59,60,61],"class_list":{"0":"post-122567","1":"post","2":"type-post","3":"status-publish","4":"format-standard","5":"has-post-thumbnail","7":"category-ulkomaat","8":"tag-breaking-news","9":"tag-breakingnews","10":"tag-featured-news","11":"tag-featurednews","12":"tag-fi","13":"tag-finland","14":"tag-finnish","15":"tag-headlines","16":"tag-ilta-sanomat","17":"tag-latest-news","18":"tag-latestnews","19":"tag-main-news","20":"tag-mainnews","21":"tag-news","22":"tag-otsikot","23":"tag-paauutiset","24":"tag-suomi","25":"tag-top-stories","26":"tag-topstories","27":"tag-ulkomaat","28":"tag-uutiset","29":"tag-world","30":"tag-world-news","31":"tag-worldnews"},"share_on_mastodon":{"url":"https:\/\/pubeurope.com\/@fi\/115759322654554316","error":""},"_links":{"self":[{"href":"https:\/\/www.europesays.com\/fi\/wp-json\/wp\/v2\/posts\/122567","targetHints":{"allow":["GET"]}}],"collection":[{"href":"https:\/\/www.europesays.com\/fi\/wp-json\/wp\/v2\/posts"}],"about":[{"href":"https:\/\/www.europesays.com\/fi\/wp-json\/wp\/v2\/types\/post"}],"author":[{"embeddable":true,"href":"https:\/\/www.europesays.com\/fi\/wp-json\/wp\/v2\/users\/2"}],"replies":[{"embeddable":true,"href":"https:\/\/www.europesays.com\/fi\/wp-json\/wp\/v2\/comments?post=122567"}],"version-history":[{"count":0,"href":"https:\/\/www.europesays.com\/fi\/wp-json\/wp\/v2\/posts\/122567\/revisions"}],"wp:featuredmedia":[{"embeddable":true,"href":"https:\/\/www.europesays.com\/fi\/wp-json\/wp\/v2\/media\/122568"}],"wp:attachment":[{"href":"https:\/\/www.europesays.com\/fi\/wp-json\/wp\/v2\/media?parent=122567"}],"wp:term":[{"taxonomy":"category","embeddable":true,"href":"https:\/\/www.europesays.com\/fi\/wp-json\/wp\/v2\/categories?post=122567"},{"taxonomy":"post_tag","embeddable":true,"href":"https:\/\/www.europesays.com\/fi\/wp-json\/wp\/v2\/tags?post=122567"}],"curies":[{"name":"wp","href":"https:\/\/api.w.org\/{rel}","templated":true}]}}