{"id":122569,"date":"2025-12-21T19:57:08","date_gmt":"2025-12-21T19:57:08","guid":{"rendered":"https:\/\/www.europesays.com\/fi\/122569\/"},"modified":"2025-12-21T19:57:08","modified_gmt":"2025-12-21T19:57:08","slug":"ano-turtiainen-sanoo-olevansa-valmis-taistelemaan-suomalaisia-vastaan-rintamalla-perustavanlaatuinen-lojaalisuuden-pettaminen-uutissuomalainen","status":"publish","type":"post","link":"https:\/\/www.europesays.com\/fi\/122569\/","title":{"rendered":"Ano Turtiainen sanoo olevansa valmis taistelemaan suomalaisia vastaan rintamalla \u2013\u2009&#8221;Perustavanlaatuinen lojaalisuuden pett\u00e4minen&#8221; | Uutissuomalainen"},"content":{"rendered":"<p>Entinen kansanedustaja <strong>Ano Turtiainen<\/strong> sanoo olevansa valmis tarvittaessa sotimaan suomalaisia vastaan.<\/p>\n<p>Ven\u00e4j\u00e4lle marraskuussa muuttanut Turtiainen julkaisi perjantaina videopalvelu YouTubessa <a href=\"https:\/\/www.youtube.com\/watch?v=D1Y7i1GhG2M&amp;t=454s\" rel=\"nofollow noopener\" target=\"_blank\">videon<\/a>, jossa h\u00e4n esittelee Petroskoissa sijaitsevaa asuntoaan.<\/p>\n<p>Videolla Turtiainen my\u00f6s kommentoi mediatietoja, joiden mukaan h\u00e4n voi mahdollisesti joutua palvelemaan Ven\u00e4j\u00e4n asevoimissa.<\/p>\n<p><a href=\"https:\/\/www.hs.fi\/kirjeenvaihtajat\/art-2000011692877.html?gsid=394c2f02-b9b9-4d77-81b3-5b48b36ba597\" rel=\"nofollow noopener\" target=\"_blank\">Helsingin Sanomien<\/a> torstaina julkaisemassa artikkelissa mainitaan Ven\u00e4j\u00e4ll\u00e4 marraskuussa voimaan astunut m\u00e4\u00e4r\u00e4ys, jonka mukaan ulkomaalaisten miesten on palveltava vuosi armeijassa pysyv\u00e4n oleskeluluvan saamiseksi.<\/p>\n<p>M\u00e4\u00e4r\u00e4ys koskee 18\u201365-vuotiaita miehi\u00e4. 58-vuotias Turtiainen on hakenut Ven\u00e4j\u00e4lt\u00e4 turvapaikkaa, jollaisia maassa harvoin my\u00f6nnet\u00e4\u00e4n l\u00e4nsimaalaisille. Mik\u00e4li Turtiainen ei saa turvapaikkaa, h\u00e4n voi joutua asepalvelukseen ja HS:n mukaan k\u00e4yt\u00e4nn\u00f6ss\u00e4 rintamalle.<\/p>\n<p>Turtiainen sanoo videolla olevansa valmis taistelemaan Ven\u00e4j\u00e4n armeijassa, tarvittaessa suomalaisia vastaan.<\/p>\n<p>\u2013 Jos olisin nuorempi, niin jopa l\u00e4htisin taistelemaan. Ja jopa rintamalle jos tarvii suomalaisia vastaan l\u00e4hte\u00e4, niin l\u00e4hden, se on ihan varma juttu, ett\u00e4 natseja vastaan, niin l\u00e4hden. Se on saletti juttu, Turtiainen kertoo.<\/p>\n<p>Kokoomuksen kansanedustaja <strong>Jarno Limnell<\/strong> kommentoi Turtiaisen ulostuloa <a href=\"https:\/\/www.facebook.com\/JarnoLim\" rel=\"nofollow noopener\" target=\"_blank\">Facebookissa<\/a> kirjoittamalla, ett\u00e4 t\u00e4m\u00e4 on ylitt\u00e4nyt rajan, jota suomalaisessa is\u00e4nmaallisuudessa ei ylitet\u00e4.<\/p>\n<p>\u2013 Suomalainen ei uhkaa suomalaisia aseilla. Ei miss\u00e4\u00e4n olosuhteissa. Ei sanoissa, ei teoissa, ei vihjauksina. Kun entinen kansanedustaja, Ano Turtiainen, puhuu valmiudesta tarttua aseisiin omia maanmiehi\u00e4\u00e4n vastaan, kyse ei ole en\u00e4\u00e4 mielipiteest\u00e4 tai provokaatiosta. Kyse on perustavanlaatuisesta lojaalisuuden pett\u00e4misest\u00e4, Limnell kirjoittaa.<\/p>\n<p>Turtiainen erotettiin perussuomalaisista vuonna 2020, mink\u00e4 j\u00e4lkeen h\u00e4n perusti Valta kuuluu kansalle -puolueen. Turtiainen putosi eduskunnasta kev\u00e4\u00e4n 2023 eduskuntavaaleissa.<\/p>\n<p>Turtiaisen sotapuheista uutisoi aiemmin <a href=\"https:\/\/www.is.fi\/kotimaa\/art-2000011707552.html\" rel=\"nofollow noopener\" target=\"_blank\">Ilta-Sanomat<\/a>. Marraskuussa IS <a href=\"https:\/\/www.is.fi\/politiikka\/art-2000011618299.html\" rel=\"nofollow noopener\" target=\"_blank\">kertoi<\/a>, ett\u00e4 Turtiaisella on ulosotossa yli 120\u2009000 euroa eri tahoille. Muun muassa eduskunta yritt\u00e4\u00e4 peri\u00e4 Turtiaiselta yli 30\u2009000 euron ryhm\u00e4rahaa, josta h\u00e4n ei ole toimittanut selvityst\u00e4.<\/p>\n","protected":false},"excerpt":{"rendered":"Entinen kansanedustaja Ano Turtiainen sanoo olevansa valmis tarvittaessa sotimaan suomalaisia vastaan. Ven\u00e4j\u00e4lle marraskuussa muuttanut Turtiainen julkaisi perjantaina videopalvelu&hellip;\n","protected":false},"author":2,"featured_media":84317,"comment_status":"","ping_status":"","sticky":false,"template":"","format":"standard","meta":{"footnotes":""},"categories":[12],"tags":[22,23,4894,1752,26,27,33,31,30,17,46,104,24,25,28,29,15,18,21,637,885,32,19,20,21377,16],"class_list":{"0":"post-122569","1":"post","2":"type-post","3":"status-publish","4":"format-standard","5":"has-post-thumbnail","7":"category-suomi","8":"tag-breaking-news","9":"tag-breakingnews","10":"tag-eduskuntavaalit","11":"tag-facebook","12":"tag-featured-news","13":"tag-featurednews","14":"tag-fi","15":"tag-finland","16":"tag-finnish","17":"tag-headlines","18":"tag-helsingin-sanomat","19":"tag-helsinki","20":"tag-latest-news","21":"tag-latestnews","22":"tag-main-news","23":"tag-mainnews","24":"tag-news","25":"tag-otsikot","26":"tag-paauutiset","27":"tag-politiikka","28":"tag-suomen-poliittiset-puolueet","29":"tag-suomi","30":"tag-top-stories","31":"tag-topstories","32":"tag-ukrainan-kriisi","33":"tag-uutiset"},"share_on_mastodon":{"url":"https:\/\/pubeurope.com\/@fi\/115759326504608410","error":""},"_links":{"self":[{"href":"https:\/\/www.europesays.com\/fi\/wp-json\/wp\/v2\/posts\/122569","targetHints":{"allow":["GET"]}}],"collection":[{"href":"https:\/\/www.europesays.com\/fi\/wp-json\/wp\/v2\/posts"}],"about":[{"href":"https:\/\/www.europesays.com\/fi\/wp-json\/wp\/v2\/types\/post"}],"author":[{"embeddable":true,"href":"https:\/\/www.europesays.com\/fi\/wp-json\/wp\/v2\/users\/2"}],"replies":[{"embeddable":true,"href":"https:\/\/www.europesays.com\/fi\/wp-json\/wp\/v2\/comments?post=122569"}],"version-history":[{"count":0,"href":"https:\/\/www.europesays.com\/fi\/wp-json\/wp\/v2\/posts\/122569\/revisions"}],"wp:featuredmedia":[{"embeddable":true,"href":"https:\/\/www.europesays.com\/fi\/wp-json\/wp\/v2\/media\/84317"}],"wp:attachment":[{"href":"https:\/\/www.europesays.com\/fi\/wp-json\/wp\/v2\/media?parent=122569"}],"wp:term":[{"taxonomy":"category","embeddable":true,"href":"https:\/\/www.europesays.com\/fi\/wp-json\/wp\/v2\/categories?post=122569"},{"taxonomy":"post_tag","embeddable":true,"href":"https:\/\/www.europesays.com\/fi\/wp-json\/wp\/v2\/tags?post=122569"}],"curies":[{"name":"wp","href":"https:\/\/api.w.org\/{rel}","templated":true}]}}